{"id":5624,"date":"2021-06-24T20:11:06","date_gmt":"2021-06-24T23:11:06","guid":{"rendered":"https:\/\/radiorevelacionfm.cl\/?p=5624"},"modified":"2021-06-24T20:12:06","modified_gmt":"2021-06-24T23:12:06","slug":"detienen-a-sujeto-por-homicidio-frustrado-tras-atacar-con-un-hacha-a-victima-en-puerto-aysen","status":"publish","type":"post","link":"https:\/\/radiorevelacionfm.cl\/?p=5624","title":{"rendered":"Detienen a sujeto por homicidio frustrado tras atacar con un hacha a v\u00edctima en Puerto Ays\u00e9n"},"content":{"rendered":"<div class=\"flex_column av_one_full  flex_column_div av-zero-column-padding first  avia-builder-el-0  el_before_av_one_full  avia-builder-el-first  \" style='border-radius:0px; '><div  class='avia-image-container  av-styling-    avia-builder-el-1  avia-builder-el-no-sibling  avia-align-center '  itemprop=\"image\" itemscope=\"itemscope\" itemtype=\"https:\/\/schema.org\/ImageObject\"  ><div class='avia-image-container-inner'><div class='avia-image-overlay-wrap'><img decoding=\"async\" class='wp-image-0 avia-img-lazy-loading-not-0 avia_image' src=\"https:\/\/radiorevelacionfm.cl\/wp-content\/uploads\/2021\/06\/cccccc-2-1-1.jpg\" alt='' title=''   itemprop=\"thumbnailUrl\"  \/><\/div><\/div><\/div><\/div>\n<div class=\"flex_column av_one_full  flex_column_div av-zero-column-padding first  avia-builder-el-2  el_after_av_one_full  el_before_av_one_full  column-top-margin\" style='border-radius:0px; '><section class=\"av_textblock_section \"  itemscope=\"itemscope\" itemtype=\"https:\/\/schema.org\/BlogPosting\" itemprop=\"blogPost\" ><div class='avia_textblock  '   itemprop=\"text\" ><p style=\"text-align: center;\"><strong><span style=\"font-size: 18pt;\">Detienen a sujeto por homicidio frustrado tras atacar con un hacha a v\u00edctima en Puerto Ays\u00e9n <\/span><\/strong><\/p>\n<div id=\"gtx-trans\" style=\"position: absolute; left: -50px; top: 4.31534px;\">\n<div class=\"gtx-trans-icon\"><\/div>\n<\/div>\n<\/div><\/section><\/div>\n<div class=\"flex_column av_one_full  flex_column_div av-zero-column-padding first  avia-builder-el-4  el_after_av_one_full  el_before_av_hr  column-top-margin\" style='border-radius:0px; '><section class=\"av_textblock_section \"  itemscope=\"itemscope\" itemtype=\"https:\/\/schema.org\/BlogPosting\" itemprop=\"blogPost\" ><div class='avia_textblock  '   itemprop=\"text\" ><p style=\"text-align: justify;\">Una discusi\u00f3n entre dos personas en situaci\u00f3n de calle, deriv\u00f3 en que uno de estos empu\u00f1\u00f3 un hacha con la cual habr\u00eda agredido a la v\u00edctima, quien result\u00f3 con lesiones leves.<\/p>\n<p class=\"v1MsoNormal\" style=\"text-align: justify;\">Diligencias desarrolladas por Carabineros de la Segunda Comisar\u00eda de Puerto Ays\u00e9n a trav\u00e9s de la Secci\u00f3n de Investigaci\u00f3n Policial (S.I.P) en coordinaci\u00f3n con la Fiscal\u00eda, permiti\u00f3 la detenci\u00f3n de una persona de sexo masculino por el delito de homicidio frustrado, tras un ataque con hacha registrado a las 21:40 horas de ayer mi\u00e9rcoles en contra de una persona en situaci\u00f3n de calle.<\/p>\n<p class=\"v1MsoNormal\" style=\"text-align: justify;\">Un llamado de auxilio por parte de la propia v\u00edctima a trav\u00e9s del nivel de emergencias 133, alert\u00f3 al personal del segundo patrullaje, quienes se trasladaron en forma inmediata hasta calle Florentino Cereceda de esta ciudad.<\/p>\n<p class=\"v1MsoNormal\" style=\"text-align: justify;\">Ya en el lugar, Carabineros se entrevist\u00f3 con la v\u00edctima, trat\u00e1ndose de una persona en situaci\u00f3n de calle, quien refiri\u00f3 al personal que momentos antes tuvo un altercado con otra persona \u2013en la misma condici\u00f3n- el cual lo habr\u00eda agredido con un hacha de mano, golpe\u00e1ndolo en el rostro.<\/p>\n<p class=\"v1MsoNormal\" style=\"text-align: justify;\">\u00abAl intentar huir, recibi\u00f3 un segundo ataque direccionado a su cabeza, logrando evadirlo en parte, resultando con lesiones de car\u00e1cter leve, huyendo del lugar\u00bb, expres\u00f3 el Teniente Jaime Esparza, Subcomisario de los Servicios de la Segunda Comisar\u00eda de Puerto Ays\u00e9n.<\/p>\n<p class=\"v1MsoNormal\" style=\"text-align: justify;\">Tras lo anterior, el personal auxili\u00f3 a la v\u00edctima y se aboc\u00f3 al desarrollo de diversas diligencias e indagatorias en las inmediaciones, las que dieron resultados positivos minutos m\u00e1s tarde.<\/p>\n<p class=\"v1MsoNormal\" style=\"text-align: justify;\">\u00abSe logr\u00f3 la detenci\u00f3n de esta persona en un sitio eriazo ubicado en la calle Florentino Cereceda de esta comuna, tomando contacto con el fiscal de turno quien instruye trabajo del sitio del suceso por parte del personal S.I.P. Se ubic\u00f3 tambi\u00e9n el arma con la que se cometi\u00f3 el delito, pasando a control de detenci\u00f3n, quedando a disposici\u00f3n del Juzgado de Garant\u00eda\u00bb, expres\u00f3 el Oficial.<\/p>\n<p class=\"v1MsoNormal\" style=\"text-align: justify;\">Los antecedentes del procedimiento fueron puestos en conocimiento de la Fiscal\u00eda que dirige investigaci\u00f3n por este hecho.<\/p>\n<\/div><\/section><\/div><div  style='height:50px' class='hr hr-invisible   avia-builder-el-6  el_after_av_one_full  el_before_av_social_share '><span class='hr-inner ' ><span class='hr-inner-style'><\/span><\/span><\/div><\/p>\n<div  class='av-social-sharing-box  avia-builder-el-7  el_after_av_hr  el_before_av_hr  '><div class='av-share-box'><h5 class='av-share-link-description av-no-toc '>Compartir esta noticia<\/h5><ul class='av-share-box-list noLightbox'><li class='av-share-link av-social-link-facebook' ><a target=\"_blank\" aria-label=\"Compartir en Facebook\" href='https:\/\/www.facebook.com\/sharer.php?u=https:\/\/radiorevelacionfm.cl\/?p=5624&#038;t=Detienen%20a%20sujeto%20por%20homicidio%20frustrado%20tras%20atacar%20con%20un%20hacha%20a%20v%C3%ADctima%20en%20Puerto%20Ays%C3%A9n' aria-hidden='false' data-av_icon='\ue8f3' data-av_iconfont='entypo-fontello' title='' data-avia-related-tooltip='Compartir en Facebook' rel=\"noopener\"><span class='avia_hidden_link_text'>Compartir en Facebook<\/span><\/a><\/li><li class='av-share-link av-social-link-twitter' ><a target=\"_blank\" aria-label=\"Compartir en Twitter\" href='https:\/\/twitter.com\/share?text=Detienen%20a%20sujeto%20por%20homicidio%20frustrado%20tras%20atacar%20con%20un%20hacha%20a%20v%C3%ADctima%20en%20Puerto%20Ays%C3%A9n&#038;url=https:\/\/radiorevelacionfm.cl\/?p=5624' aria-hidden='false' data-av_icon='\ue8f1' data-av_iconfont='entypo-fontello' title='' data-avia-related-tooltip='Compartir en Twitter' rel=\"noopener\"><span class='avia_hidden_link_text'>Compartir en Twitter<\/span><\/a><\/li><li class='av-share-link av-social-link-whatsapp' ><a target=\"_blank\" aria-label=\"Compartir en Whatsapp\" href='https:\/\/api.whatsapp.com\/send?text=https:\/\/radiorevelacionfm.cl\/?p=5624' aria-hidden='false' data-av_icon='\uf232' data-av_iconfont='entypo-fontello' title='' data-avia-related-tooltip='Compartir en Whatsapp' rel=\"noopener\"><span class='avia_hidden_link_text'>Compartir en Whatsapp<\/span><\/a><\/li><li class='av-share-link av-social-link-linkedin' ><a target=\"_blank\" aria-label=\"Compartir en LinkedIn\" href='https:\/\/linkedin.com\/shareArticle?mini=true&#038;title=Detienen%20a%20sujeto%20por%20homicidio%20frustrado%20tras%20atacar%20con%20un%20hacha%20a%20v%C3%ADctima%20en%20Puerto%20Ays%C3%A9n&#038;url=https:\/\/radiorevelacionfm.cl\/?p=5624' aria-hidden='false' data-av_icon='\ue8fc' data-av_iconfont='entypo-fontello' title='' data-avia-related-tooltip='Compartir en LinkedIn' rel=\"noopener\"><span class='avia_hidden_link_text'>Compartir en LinkedIn<\/span><\/a><\/li><li class='av-share-link av-social-link-mail' ><a  aria-label=\"Compartir por correo\" href='mailto:?subject=Detienen%20a%20sujeto%20por%20homicidio%20frustrado%20tras%20atacar%20con%20un%20hacha%20a%20v%C3%ADctima%20en%20Puerto%20Ays%C3%A9n&#038;body=https:\/\/radiorevelacionfm.cl\/?p=5624' aria-hidden='false' data-av_icon='\ue805' data-av_iconfont='entypo-fontello' title='' data-avia-related-tooltip='Compartir por correo'><span class='avia_hidden_link_text'>Compartir por correo<\/span><\/a><\/li><\/ul><\/div><\/div>\n<div  style='height:50px' class='hr hr-invisible   avia-builder-el-8  el_after_av_social_share  el_before_av_comments_list '><span class='hr-inner ' ><span class='hr-inner-style'><\/span><\/span><\/div>\n<div  class='av-buildercomment  av-blog-meta-html-info-disabled av-blog-meta-tag-disabled  '><\/div>\n","protected":false},"excerpt":{"rendered":"","protected":false},"author":1,"featured_media":0,"comment_status":"open","ping_status":"open","sticky":false,"template":"","format":"standard","meta":{"footnotes":""},"categories":[36],"tags":[],"class_list":["post-5624","post","type-post","status-publish","format-standard","hentry","category-policial"],"jetpack_featured_media_url":"","_links":{"self":[{"href":"https:\/\/radiorevelacionfm.cl\/index.php?rest_route=\/wp\/v2\/posts\/5624","targetHints":{"allow":["GET"]}}],"collection":[{"href":"https:\/\/radiorevelacionfm.cl\/index.php?rest_route=\/wp\/v2\/posts"}],"about":[{"href":"https:\/\/radiorevelacionfm.cl\/index.php?rest_route=\/wp\/v2\/types\/post"}],"author":[{"embeddable":true,"href":"https:\/\/radiorevelacionfm.cl\/index.php?rest_route=\/wp\/v2\/users\/1"}],"replies":[{"embeddable":true,"href":"https:\/\/radiorevelacionfm.cl\/index.php?rest_route=%2Fwp%2Fv2%2Fcomments&post=5624"}],"version-history":[{"count":2,"href":"https:\/\/radiorevelacionfm.cl\/index.php?rest_route=\/wp\/v2\/posts\/5624\/revisions"}],"predecessor-version":[{"id":5627,"href":"https:\/\/radiorevelacionfm.cl\/index.php?rest_route=\/wp\/v2\/posts\/5624\/revisions\/5627"}],"wp:attachment":[{"href":"https:\/\/radiorevelacionfm.cl\/index.php?rest_route=%2Fwp%2Fv2%2Fmedia&parent=5624"}],"wp:term":[{"taxonomy":"category","embeddable":true,"href":"https:\/\/radiorevelacionfm.cl\/index.php?rest_route=%2Fwp%2Fv2%2Fcategories&post=5624"},{"taxonomy":"post_tag","embeddable":true,"href":"https:\/\/radiorevelacionfm.cl\/index.php?rest_route=%2Fwp%2Fv2%2Ftags&post=5624"}],"curies":[{"name":"wp","href":"https:\/\/api.w.org\/{rel}","templated":true}]}}