{"id":56238,"date":"2025-07-08T11:42:46","date_gmt":"2025-07-08T14:42:46","guid":{"rendered":"https:\/\/radiorevelacionfm.cl\/?p=56238"},"modified":"2025-07-08T11:42:46","modified_gmt":"2025-07-08T14:42:46","slug":"sma-inicia-requerimiento-de-ingreso-al-seia-contra-dos-titulares-de-proyectos-inmobiliarios-en-la-region-de-aysen","status":"publish","type":"post","link":"https:\/\/radiorevelacionfm.cl\/?p=56238","title":{"rendered":"SMA inicia requerimiento de ingreso al SEIA contra dos titulares de proyectos inmobiliarios en la regi\u00f3n de Ays\u00e9n"},"content":{"rendered":"<div class=\"flex_column av_one_full  flex_column_div av-zero-column-padding first  avia-builder-el-0  el_before_av_one_full  avia-builder-el-first  \" style='border-radius:0px; '><div  class='avia-image-container  av-styling-    avia-builder-el-1  avia-builder-el-no-sibling  avia-align-center '  itemprop=\"image\" itemscope=\"itemscope\" itemtype=\"https:\/\/schema.org\/ImageObject\"  ><div class='avia-image-container-inner'><div class='avia-image-overlay-wrap'><img decoding=\"async\" class='wp-image-56239 avia-img-lazy-loading-not-56239 avia_image' src=\"https:\/\/radiorevelacionfm.cl\/wp-content\/uploads\/2025\/07\/foto-aysen-2-1_optimized-1.jpg\" alt='' title='foto-aysen-2-(1)_optimized (1)' height=\"600\" width=\"902\"  itemprop=\"thumbnailUrl\" srcset=\"https:\/\/radiorevelacionfm.cl\/wp-content\/uploads\/2025\/07\/foto-aysen-2-1_optimized-1.jpg 902w, https:\/\/radiorevelacionfm.cl\/wp-content\/uploads\/2025\/07\/foto-aysen-2-1_optimized-1-300x200.jpg 300w, https:\/\/radiorevelacionfm.cl\/wp-content\/uploads\/2025\/07\/foto-aysen-2-1_optimized-1-768x511.jpg 768w, https:\/\/radiorevelacionfm.cl\/wp-content\/uploads\/2025\/07\/foto-aysen-2-1_optimized-1-705x469.jpg 705w, https:\/\/radiorevelacionfm.cl\/wp-content\/uploads\/2025\/07\/foto-aysen-2-1_optimized-1-450x299.jpg 450w, https:\/\/radiorevelacionfm.cl\/wp-content\/uploads\/2025\/07\/foto-aysen-2-1_optimized-1-600x399.jpg 600w\" sizes=\"(max-width: 902px) 100vw, 902px\" \/><\/div><\/div><\/div><\/div><div class=\"flex_column av_one_full  flex_column_div av-zero-column-padding first  avia-builder-el-2  el_after_av_one_full  el_before_av_one_full  column-top-margin\" style='border-radius:0px; '><section class=\"av_textblock_section \"  itemscope=\"itemscope\" itemtype=\"https:\/\/schema.org\/BlogPosting\" itemprop=\"blogPost\" ><div class='avia_textblock  '   itemprop=\"text\" ><p style=\"text-align: center;\"><span style=\"font-size: 18pt;\"><b>SMA inicia requerimiento de ingreso al SEIA contra dos titulares de proyectos inmobiliarios en la regi\u00f3n de Ays\u00e9n\u00a0<\/b><\/span><\/p>\n<div id=\"gtx-trans\" style=\"position: absolute; left: -50px; top: 4.31534px;\">\n<div class=\"gtx-trans-icon\"><\/div>\n<\/div>\n<\/div><\/section><\/div><div class=\"flex_column av_one_full  flex_column_div av-zero-column-padding first  avia-builder-el-4  el_after_av_one_full  el_before_av_hr  column-top-margin\" style='border-radius:0px; '><section class=\"av_textblock_section \"  itemscope=\"itemscope\" itemtype=\"https:\/\/schema.org\/BlogPosting\" itemprop=\"blogPost\" ><div class='avia_textblock  '   itemprop=\"text\" ><p style=\"text-align: justify;\">La Superintendencia inici\u00f3 estos procedimientos tras detectar que uno de los proyectos contempla m\u00e1s de 80 viviendas en una zona sin planificaci\u00f3n evaluada ambientalmente, y el otro se emplaza en una Zona de Inter\u00e9s Tur\u00edstico (ZOIT) de alto valor paisaj\u00edstico y tur\u00edstico.<\/p>\n<p style=\"text-align: justify;\">La Superintendencia del Medio Ambiente (SMA) inici\u00f3 dos procedimientos de requerimiento de ingreso al Sistema de Evaluaci\u00f3n de Impacto Ambiental (SEIA) a los proyectos Loteo Camino Cerro Negro, del titular Bernice Gillibrand Melleado, y Parque Austral, del titular del mismo nombre, ambos ubicados en la Regi\u00f3n de Ays\u00e9n.<\/p>\n<p style=\"text-align: justify;\">En el caso del proyecto Loteo Camino Cerro Negro, localizado en la comuna de Coyhaique, la SMA recibi\u00f3 una denuncia por posible elusi\u00f3n al SEIA, lo que motiv\u00f3 actividades de fiscalizaci\u00f3n y requerimiento de informaci\u00f3n.<\/p>\n<p style=\"text-align: justify;\">A partir de estas actividades, se constat\u00f3 que el proyecto puede ser caracterizado como un desarrollo urbano con destino habitacional, emplazado en una zona no cubierta por un plan evaluado estrat\u00e9gicamente, y que contempla un conjunto habitacional superior a 80 viviendas, ya que considera el loteo de 155 parcelas con obras de urbanizaci\u00f3n, como caminos y provisi\u00f3n de servicios b\u00e1sicos.<\/p>\n<p style=\"text-align: justify;\">Adem\u00e1s, se constat\u00f3\u00a0que los loteos fueron publicados en sitios webs para su venta, se\u00f1alando que cuentan con factibilidad de agua potable, comit\u00e9 de electrificaci\u00f3n conformado y junta de vecinos.<\/p>\n<p style=\"text-align: justify;\">Por otra parte, el segundo proyecto, Parque Austral, corresponde a una iniciativa de esparcimiento que abarca 170,86 hect\u00e1reas, subdivididas en 24 lotes, con proyecci\u00f3n de futuras edificaciones. Se emplaza en el sector del camino La Junta \u2013 Ra\u00fal Mar\u00edn Balmaceda, en la comuna de Puerto Cisnes.<\/p>\n<p style=\"text-align: justify;\">En este caso, la SMA constat\u00f3 a trav\u00e9s de requerimientos de informaci\u00f3n al titular y SERNATUR, que el proyecto se ubica dentro de la Zona de Inter\u00e9s Tur\u00edstico (ZOIT) Ays\u00e9n Patagonia Queulat, por lo que ser\u00eda susceptible de generar alg\u00fan impacto sobre el valor ambiental y tur\u00edstico del \u00e1rea.<\/p>\n<p style=\"text-align: justify;\">Con estos antecedentes, la Superintendencia\u00a0tienen indicios suficientes para iniciar un procedimiento de requerimiento de ingreso al SEIA, el cual tiene como objetivo recabar antecedentes que permitan determinar si corresponde o no exigir el ingreso a evaluaci\u00f3n ambiental.<\/p>\n<p style=\"text-align: justify;\">El jefe de la Oficina Regional de Ays\u00e9n, Oscar Leal, destac\u00f3\u00a0\u00abnos encontramos ante dos proyectos de desarrollo urbano que re\u00fanen los antecedentes necesarios para iniciar un procedimiento de ingreso al SEIA, uno considerando que contempla m\u00e1s de 80 viviendas sin un plan evaluado estrat\u00e9gicamente y el otro por esta emplazado de una ZOIT de importante valor ambiental y tur\u00edstico\u00bb.<\/p>\n<p style=\"text-align: justify;\">Actualmente, ambos titulares cuentan con 15 d\u00edas h\u00e1biles a partir de la fecha de notificaci\u00f3n para hacer vale sus observaciones, alegaciones, o pruebas, que estime pertinentes frente a la hip\u00f3tesis de elusi\u00f3n.<\/p>\n<p style=\"text-align: justify;\">M\u00e1s informaci\u00f3n de estos requerimientos de ingreso en el Sistema Nacional de Informaci\u00f3n de Fiscalizaci\u00f3n Ambiental (SNIFA):<\/p>\n<p style=\"text-align: justify;\">Camino Cerro Negro:<\/p>\n<p style=\"text-align: justify;\"><a href=\"https:\/\/snifa.sma.gob.cl\/RequerimientoIngreso\/Ficha\/230\">https:\/\/snifa.sma.gob.cl\/RequerimientoIngreso\/Ficha\/230<\/a><\/p>\n<p style=\"text-align: justify;\">Parque Austral:<\/p>\n<p style=\"text-align: justify;\"><a href=\"https:\/\/snifa.sma.gob.cl\/RequerimientoIngreso\/Ficha\/231\">https:\/\/snifa.sma.gob.cl\/RequerimientoIngreso\/Ficha\/231<\/a><\/p>\n<\/div><\/section><\/div><div  style='height:50px' class='hr hr-invisible   avia-builder-el-6  el_after_av_one_full  el_before_av_social_share '><span class='hr-inner ' ><span class='hr-inner-style'><\/span><\/span><\/div><\/p>\n<div  class='av-social-sharing-box  avia-builder-el-7  el_after_av_hr  el_before_av_hr  '><div class='av-share-box'><h5 class='av-share-link-description av-no-toc '>Compartir esta noticia<\/h5><ul class='av-share-box-list noLightbox'><li class='av-share-link av-social-link-facebook' ><a target=\"_blank\" aria-label=\"Compartir en Facebook\" href='https:\/\/www.facebook.com\/sharer.php?u=https:\/\/radiorevelacionfm.cl\/?p=56238&#038;t=SMA%20inicia%20requerimiento%20de%20ingreso%20al%20SEIA%20contra%20dos%20titulares%20de%20proyectos%20inmobiliarios%20en%20la%20regi%C3%B3n%20de%20Ays%C3%A9n' aria-hidden='false' data-av_icon='\ue8f3' data-av_iconfont='entypo-fontello' title='' data-avia-related-tooltip='Compartir en Facebook' rel=\"noopener\"><span class='avia_hidden_link_text'>Compartir en Facebook<\/span><\/a><\/li><li class='av-share-link av-social-link-twitter' ><a target=\"_blank\" aria-label=\"Compartir en Twitter\" href='https:\/\/twitter.com\/share?text=SMA%20inicia%20requerimiento%20de%20ingreso%20al%20SEIA%20contra%20dos%20titulares%20de%20proyectos%20inmobiliarios%20en%20la%20regi%C3%B3n%20de%20Ays%C3%A9n&#038;url=https:\/\/radiorevelacionfm.cl\/?p=56238' aria-hidden='false' data-av_icon='\ue8f1' data-av_iconfont='entypo-fontello' title='' data-avia-related-tooltip='Compartir en Twitter' rel=\"noopener\"><span class='avia_hidden_link_text'>Compartir en Twitter<\/span><\/a><\/li><li class='av-share-link av-social-link-whatsapp' ><a target=\"_blank\" aria-label=\"Compartir en Whatsapp\" href='https:\/\/api.whatsapp.com\/send?text=https:\/\/radiorevelacionfm.cl\/?p=56238' aria-hidden='false' data-av_icon='\uf232' data-av_iconfont='entypo-fontello' title='' data-avia-related-tooltip='Compartir en Whatsapp' rel=\"noopener\"><span class='avia_hidden_link_text'>Compartir en Whatsapp<\/span><\/a><\/li><li class='av-share-link av-social-link-linkedin' ><a target=\"_blank\" aria-label=\"Compartir en LinkedIn\" href='https:\/\/linkedin.com\/shareArticle?mini=true&#038;title=SMA%20inicia%20requerimiento%20de%20ingreso%20al%20SEIA%20contra%20dos%20titulares%20de%20proyectos%20inmobiliarios%20en%20la%20regi%C3%B3n%20de%20Ays%C3%A9n&#038;url=https:\/\/radiorevelacionfm.cl\/?p=56238' aria-hidden='false' data-av_icon='\ue8fc' data-av_iconfont='entypo-fontello' title='' data-avia-related-tooltip='Compartir en LinkedIn' rel=\"noopener\"><span class='avia_hidden_link_text'>Compartir en LinkedIn<\/span><\/a><\/li><li class='av-share-link av-social-link-mail' ><a  aria-label=\"Compartir por correo\" href='mailto:?subject=SMA%20inicia%20requerimiento%20de%20ingreso%20al%20SEIA%20contra%20dos%20titulares%20de%20proyectos%20inmobiliarios%20en%20la%20regi%C3%B3n%20de%20Ays%C3%A9n&#038;body=https:\/\/radiorevelacionfm.cl\/?p=56238' aria-hidden='false' data-av_icon='\ue805' data-av_iconfont='entypo-fontello' title='' data-avia-related-tooltip='Compartir por correo'><span class='avia_hidden_link_text'>Compartir por correo<\/span><\/a><\/li><\/ul><\/div><\/div>\n<div  style='height:50px' class='hr hr-invisible   avia-builder-el-8  el_after_av_social_share  el_before_av_comments_list '><span class='hr-inner ' ><span class='hr-inner-style'><\/span><\/span><\/div>\n<div  class='av-buildercomment  av-blog-meta-html-info-disabled av-blog-meta-tag-disabled  '><\/div>\n","protected":false},"excerpt":{"rendered":"","protected":false},"author":1,"featured_media":56239,"comment_status":"closed","ping_status":"closed","sticky":false,"template":"","format":"standard","meta":{"footnotes":""},"categories":[39],"tags":[],"class_list":["post-56238","post","type-post","status-publish","format-standard","has-post-thumbnail","hentry","category-medio-ambiente"],"jetpack_featured_media_url":"https:\/\/radiorevelacionfm.cl\/wp-content\/uploads\/2025\/07\/foto-aysen-2-1_optimized-1.jpg","_links":{"self":[{"href":"https:\/\/radiorevelacionfm.cl\/index.php?rest_route=\/wp\/v2\/posts\/56238","targetHints":{"allow":["GET"]}}],"collection":[{"href":"https:\/\/radiorevelacionfm.cl\/index.php?rest_route=\/wp\/v2\/posts"}],"about":[{"href":"https:\/\/radiorevelacionfm.cl\/index.php?rest_route=\/wp\/v2\/types\/post"}],"author":[{"embeddable":true,"href":"https:\/\/radiorevelacionfm.cl\/index.php?rest_route=\/wp\/v2\/users\/1"}],"replies":[{"embeddable":true,"href":"https:\/\/radiorevelacionfm.cl\/index.php?rest_route=%2Fwp%2Fv2%2Fcomments&post=56238"}],"version-history":[{"count":2,"href":"https:\/\/radiorevelacionfm.cl\/index.php?rest_route=\/wp\/v2\/posts\/56238\/revisions"}],"predecessor-version":[{"id":56262,"href":"https:\/\/radiorevelacionfm.cl\/index.php?rest_route=\/wp\/v2\/posts\/56238\/revisions\/56262"}],"wp:featuredmedia":[{"embeddable":true,"href":"https:\/\/radiorevelacionfm.cl\/index.php?rest_route=\/wp\/v2\/media\/56239"}],"wp:attachment":[{"href":"https:\/\/radiorevelacionfm.cl\/index.php?rest_route=%2Fwp%2Fv2%2Fmedia&parent=56238"}],"wp:term":[{"taxonomy":"category","embeddable":true,"href":"https:\/\/radiorevelacionfm.cl\/index.php?rest_route=%2Fwp%2Fv2%2Fcategories&post=56238"},{"taxonomy":"post_tag","embeddable":true,"href":"https:\/\/radiorevelacionfm.cl\/index.php?rest_route=%2Fwp%2Fv2%2Ftags&post=56238"}],"curies":[{"name":"wp","href":"https:\/\/api.w.org\/{rel}","templated":true}]}}