{"id":56235,"date":"2025-07-07T17:43:44","date_gmt":"2025-07-07T20:43:44","guid":{"rendered":"https:\/\/radiorevelacionfm.cl\/?p=56235"},"modified":"2025-07-07T17:43:44","modified_gmt":"2025-07-07T20:43:44","slug":"mesa-de-educacion-para-la-sustentabilidad-adultos-mayores-participan-de-charla-en-calidad-del-aire-y-autocuidado","status":"publish","type":"post","link":"https:\/\/radiorevelacionfm.cl\/?p=56235","title":{"rendered":"Mesa de educaci\u00f3n para la sustentabilidad: Adultos mayores participan de charla en calidad del aire y autocuidado"},"content":{"rendered":"<div class=\"flex_column av_one_full  flex_column_div av-zero-column-padding first  avia-builder-el-0  el_before_av_one_full  avia-builder-el-first  \" style='border-radius:0px; '><div  class='avia-image-container  av-styling-    avia-builder-el-1  avia-builder-el-no-sibling  avia-align-center '  itemprop=\"image\" itemscope=\"itemscope\" itemtype=\"https:\/\/schema.org\/ImageObject\"  ><div class='avia-image-container-inner'><div class='avia-image-overlay-wrap'><img decoding=\"async\" class='wp-image-56236 avia-img-lazy-loading-not-56236 avia_image' src=\"https:\/\/radiorevelacionfm.cl\/wp-content\/uploads\/2025\/07\/img_3903-1_optimized-1.jpg\" alt='' title='img_3903-(1)_optimized (1)' height=\"600\" width=\"1067\"  itemprop=\"thumbnailUrl\" srcset=\"https:\/\/radiorevelacionfm.cl\/wp-content\/uploads\/2025\/07\/img_3903-1_optimized-1.jpg 1067w, https:\/\/radiorevelacionfm.cl\/wp-content\/uploads\/2025\/07\/img_3903-1_optimized-1-300x169.jpg 300w, https:\/\/radiorevelacionfm.cl\/wp-content\/uploads\/2025\/07\/img_3903-1_optimized-1-1030x579.jpg 1030w, https:\/\/radiorevelacionfm.cl\/wp-content\/uploads\/2025\/07\/img_3903-1_optimized-1-768x432.jpg 768w, https:\/\/radiorevelacionfm.cl\/wp-content\/uploads\/2025\/07\/img_3903-1_optimized-1-705x396.jpg 705w, https:\/\/radiorevelacionfm.cl\/wp-content\/uploads\/2025\/07\/img_3903-1_optimized-1-450x253.jpg 450w, https:\/\/radiorevelacionfm.cl\/wp-content\/uploads\/2025\/07\/img_3903-1_optimized-1-600x337.jpg 600w\" sizes=\"(max-width: 1067px) 100vw, 1067px\" \/><\/div><\/div><\/div><\/div><div class=\"flex_column av_one_full  flex_column_div av-zero-column-padding first  avia-builder-el-2  el_after_av_one_full  el_before_av_one_full  column-top-margin\" style='border-radius:0px; '><section class=\"av_textblock_section \"  itemscope=\"itemscope\" itemtype=\"https:\/\/schema.org\/BlogPosting\" itemprop=\"blogPost\" ><div class='avia_textblock  '   itemprop=\"text\" ><p style=\"text-align: center;\"><span style=\"font-size: 18pt;\"><strong>Mesa de educaci\u00f3n para la sustentabilidad: <\/strong><\/span><span style=\"font-size: 18pt;\"><strong>Adultos mayores participan de charla en calidad del aire y autocuidado<\/strong><\/span><\/p>\n<div id=\"gtx-trans\" style=\"position: absolute; left: -50px; top: 4.31534px;\">\n<div class=\"gtx-trans-icon\"><\/div>\n<\/div>\n<\/div><\/section><\/div><div class=\"flex_column av_one_full  flex_column_div av-zero-column-padding first  avia-builder-el-4  el_after_av_one_full  el_before_av_hr  column-top-margin\" style='border-radius:0px; '><section class=\"av_textblock_section \"  itemscope=\"itemscope\" itemtype=\"https:\/\/schema.org\/BlogPosting\" itemprop=\"blogPost\" ><div class='avia_textblock  '   itemprop=\"text\" ><p style=\"text-align: justify;\">La Mesa de la Pol\u00edtica Nacional de Educaci\u00f3n para el Desarrollo Sustentable PNEDS, fue invitada por la Agrupaci\u00f3n de Adultos Mayores y Discapacitados \u201dCaminando por Ays\u00e9n\u201d a realizar una charla sobre calidad del aire y autocuidado durante el periodo de Gesti\u00f3n de Episodios Cr\u00edticos en Coyhaique.<\/p>\n<p style=\"text-align: justify;\">\u201cEsta es una iniciativa de la organizaci\u00f3n, donde casi el 80% son adultos mayores y todos tienen asociado un alg\u00fan tipo de discapacidad. Esto se gener\u00f3 dentro de la Asamblea, la posibilidad de poder tener este tipo de charlas, porque creemos efectivamente que el tema ambiental es muy importante en la regi\u00f3n de Ays\u00e9n y sobre todo en nuestra ciudad. Siempre estamos llanos a seguir recibi\u00e9ndolos para que podamos seguir este capacit\u00e1ndonos, porque necesitamos tener, el apoyo desde la misma fuente\u201d, coment\u00f3 la presidenta de la organizaci\u00f3n Caminando por Ays\u00e9n, Marisol Soto.<\/p>\n<p style=\"text-align: justify;\">En efecto la actividad que tuvo por objetivo dialogar en torno a c\u00f3mo la contaminaci\u00f3n atmosf\u00e9rica impacta en la salud de las personas, especialmente en grupos vulnerables como adultos mayores y personas con discapacidad, cont\u00f3 con las presentaciones del equipo de calidad del aire de la Seremi del Medio Ambiente, y de la unidad de vigilancia epidemiol\u00f3gica de la Seremi de Salud, permitiendo sensibilizar a la comunidad sobre los riesgos de la contaminaci\u00f3n atmosf\u00e9rica en la salud y fomentar cambios conductuales orientados al cuidado del medio ambiente.<\/p>\n<p style=\"text-align: justify;\">\u201cLa mesa ha puesto un foco especial en trabajar estas tem\u00e1ticas y en conjunto acercarnos a la ciudadan\u00eda y efectivamente ha sido un despliegue durante el a\u00f1o 2025 bien intenso, pero muy positivo, hemos recogido muchas observaciones muy valorables porque cuando nosotros escuchamos la ciudadan\u00eda salen las mejores iniciativas para poder tambi\u00e9n tomarlo en nuestra actualizaci\u00f3n del Plan de Descontaminaci\u00f3n Atmosf\u00e9rica de Coyhaique\u201d, declar\u00f3 el Seremi del Medio Ambiente, Yoal D\u00edaz invitando a la comunidad a convocar a su equipo en las diversas instancias comunitarias.<\/p>\n<p style=\"text-align: justify;\">La actividad forma parte del trabajo de vinculaci\u00f3n de la mesa PNEDS, que re\u00fane a 19 servicios p\u00fablicos, empresas privadas y organizaciones de la sociedad civil, articulando actividades e intervenciones que promuevan la educaci\u00f3n ambiental para la sostenibilidad y la participaci\u00f3n ciudadana informada.<\/p>\n<p style=\"text-align: justify;\">\u201cEs importante generar esas instancias de articulaci\u00f3n p\u00fablico privada como es nuestra mesa Regional de la Pol\u00edtica Nacional de Educaci\u00f3n para el Desarrollo Sostenible, como servicios p\u00fablicos, ver c\u00f3mo nos integramos, como reforzamos estas instancias de conversaci\u00f3n y de retroalimentaci\u00f3n para para nosotros como servicios tambi\u00e9n\u201d, indic\u00f3 la profesional de la Divisi\u00f3n de Planificaci\u00f3n y Desarrollo del Gobierno Regional de Ays\u00e9n en su calidad de miembro de la mesa PNEDS, P\u00eda Santelices.<\/p>\n<p style=\"text-align: justify;\">La Mesa Ays\u00e9n de la Pol\u00edtica Nacional de Educaci\u00f3n para el Desarrollo Sustentable (PNEDS), actualmente integrada por las SEREMIS de Medio Ambiente,\u00a0 Salud, Energ\u00eda, Corporaci\u00f3n Nacional Forestal, Gobierno Regional de Ays\u00e9n, municipalidades \u00a0de Coyhaique y Ays\u00e9n, Servicio Local de Educaci\u00f3n P\u00fablica, Direcci\u00f3n Provincial de Educaci\u00f3n, PAR Explora UACh, Aguas Patagonia, Aqua Chile, Corporaci\u00f3n Patagonia Viva, Patagonia Sostenible, Patagonia Sin Residuos, Agencia OM, T\u00e9rmica Austral, Agrupaci\u00f3n Destellos de Energ\u00eda \u00a0y Comunidades Portal, ya prepara sus pr\u00f3ximas acciones ciudadanas, anunciando para octubre una feria de Desarrollo Sostenible.<\/p>\n<p style=\"text-align: justify;\">Finalmente, el Seremi Yoal D\u00edaz record\u00f3 a la comunidad que nos encontramos en pleno Periodo de Gesti\u00f3n de Episodios Cr\u00edticos y llam\u00f3 a mantenerse atentos al pron\u00f3stico de calidad del aire disponible diariamente en las redes sociales de la Seremi del Medio Ambiente y la web airecoyhaique.mma.gob.cl \u201clas recomendaciones cuando estamos principalmente en pre-emergencia y emergencia ambiental, es evitar la exposici\u00f3n, evitar salir y quedarse sus hogares. Si van a salir se recomienda el uso de mascarilla., si van a hacer ejercicio tiene que ser ejercicio de baja intensidad en recintos cerrados, pero adem\u00e1s de eso se puede prender solamente una estufa le\u00f1a por vivienda. Por lo tanto, es importante que podamos seguir esas recomendaciones, porque si queremos tener menos contaminaci\u00f3n necesitamos la colaboraci\u00f3n de todos y todas\u201d, concluy\u00f3.<\/p>\n<\/div><\/section><\/div><div  style='height:50px' class='hr hr-invisible   avia-builder-el-6  el_after_av_one_full  el_before_av_social_share '><span class='hr-inner ' ><span class='hr-inner-style'><\/span><\/span><\/div><\/p>\n<div  class='av-social-sharing-box  avia-builder-el-7  el_after_av_hr  el_before_av_hr  '><div class='av-share-box'><h5 class='av-share-link-description av-no-toc '>Compartir esta noticia<\/h5><ul class='av-share-box-list noLightbox'><li class='av-share-link av-social-link-facebook' ><a target=\"_blank\" aria-label=\"Compartir en Facebook\" href='https:\/\/www.facebook.com\/sharer.php?u=https:\/\/radiorevelacionfm.cl\/?p=56235&#038;t=Mesa%20de%20educaci%C3%B3n%20para%20la%20sustentabilidad%3A%20Adultos%20mayores%20participan%20de%20charla%20en%20calidad%20del%20aire%20y%20autocuidado' aria-hidden='false' data-av_icon='\ue8f3' data-av_iconfont='entypo-fontello' title='' data-avia-related-tooltip='Compartir en Facebook' rel=\"noopener\"><span class='avia_hidden_link_text'>Compartir en Facebook<\/span><\/a><\/li><li class='av-share-link av-social-link-twitter' ><a target=\"_blank\" aria-label=\"Compartir en Twitter\" href='https:\/\/twitter.com\/share?text=Mesa%20de%20educaci%C3%B3n%20para%20la%20sustentabilidad%3A%20Adultos%20mayores%20participan%20de%20charla%20en%20calidad%20del%20aire%20y%20autocuidado&#038;url=https:\/\/radiorevelacionfm.cl\/?p=56235' aria-hidden='false' data-av_icon='\ue8f1' data-av_iconfont='entypo-fontello' title='' data-avia-related-tooltip='Compartir en Twitter' rel=\"noopener\"><span class='avia_hidden_link_text'>Compartir en Twitter<\/span><\/a><\/li><li class='av-share-link av-social-link-whatsapp' ><a target=\"_blank\" aria-label=\"Compartir en Whatsapp\" href='https:\/\/api.whatsapp.com\/send?text=https:\/\/radiorevelacionfm.cl\/?p=56235' aria-hidden='false' data-av_icon='\uf232' data-av_iconfont='entypo-fontello' title='' data-avia-related-tooltip='Compartir en Whatsapp' rel=\"noopener\"><span class='avia_hidden_link_text'>Compartir en Whatsapp<\/span><\/a><\/li><li class='av-share-link av-social-link-linkedin' ><a target=\"_blank\" aria-label=\"Compartir en LinkedIn\" href='https:\/\/linkedin.com\/shareArticle?mini=true&#038;title=Mesa%20de%20educaci%C3%B3n%20para%20la%20sustentabilidad%3A%20Adultos%20mayores%20participan%20de%20charla%20en%20calidad%20del%20aire%20y%20autocuidado&#038;url=https:\/\/radiorevelacionfm.cl\/?p=56235' aria-hidden='false' data-av_icon='\ue8fc' data-av_iconfont='entypo-fontello' title='' data-avia-related-tooltip='Compartir en LinkedIn' rel=\"noopener\"><span class='avia_hidden_link_text'>Compartir en LinkedIn<\/span><\/a><\/li><li class='av-share-link av-social-link-mail' ><a  aria-label=\"Compartir por correo\" href='mailto:?subject=Mesa%20de%20educaci%C3%B3n%20para%20la%20sustentabilidad%3A%20Adultos%20mayores%20participan%20de%20charla%20en%20calidad%20del%20aire%20y%20autocuidado&#038;body=https:\/\/radiorevelacionfm.cl\/?p=56235' aria-hidden='false' data-av_icon='\ue805' data-av_iconfont='entypo-fontello' title='' data-avia-related-tooltip='Compartir por correo'><span class='avia_hidden_link_text'>Compartir por correo<\/span><\/a><\/li><\/ul><\/div><\/div>\n<div  style='height:50px' class='hr hr-invisible   avia-builder-el-8  el_after_av_social_share  el_before_av_comments_list '><span class='hr-inner ' ><span class='hr-inner-style'><\/span><\/span><\/div>\n<div  class='av-buildercomment  av-blog-meta-html-info-disabled av-blog-meta-tag-disabled  '><\/div>\n","protected":false},"excerpt":{"rendered":"","protected":false},"author":1,"featured_media":56236,"comment_status":"closed","ping_status":"closed","sticky":false,"template":"","format":"standard","meta":{"footnotes":""},"categories":[39],"tags":[],"class_list":["post-56235","post","type-post","status-publish","format-standard","has-post-thumbnail","hentry","category-medio-ambiente"],"jetpack_featured_media_url":"https:\/\/radiorevelacionfm.cl\/wp-content\/uploads\/2025\/07\/img_3903-1_optimized-1.jpg","_links":{"self":[{"href":"https:\/\/radiorevelacionfm.cl\/index.php?rest_route=\/wp\/v2\/posts\/56235","targetHints":{"allow":["GET"]}}],"collection":[{"href":"https:\/\/radiorevelacionfm.cl\/index.php?rest_route=\/wp\/v2\/posts"}],"about":[{"href":"https:\/\/radiorevelacionfm.cl\/index.php?rest_route=\/wp\/v2\/types\/post"}],"author":[{"embeddable":true,"href":"https:\/\/radiorevelacionfm.cl\/index.php?rest_route=\/wp\/v2\/users\/1"}],"replies":[{"embeddable":true,"href":"https:\/\/radiorevelacionfm.cl\/index.php?rest_route=%2Fwp%2Fv2%2Fcomments&post=56235"}],"version-history":[{"count":2,"href":"https:\/\/radiorevelacionfm.cl\/index.php?rest_route=\/wp\/v2\/posts\/56235\/revisions"}],"predecessor-version":[{"id":56248,"href":"https:\/\/radiorevelacionfm.cl\/index.php?rest_route=\/wp\/v2\/posts\/56235\/revisions\/56248"}],"wp:featuredmedia":[{"embeddable":true,"href":"https:\/\/radiorevelacionfm.cl\/index.php?rest_route=\/wp\/v2\/media\/56236"}],"wp:attachment":[{"href":"https:\/\/radiorevelacionfm.cl\/index.php?rest_route=%2Fwp%2Fv2%2Fmedia&parent=56235"}],"wp:term":[{"taxonomy":"category","embeddable":true,"href":"https:\/\/radiorevelacionfm.cl\/index.php?rest_route=%2Fwp%2Fv2%2Fcategories&post=56235"},{"taxonomy":"post_tag","embeddable":true,"href":"https:\/\/radiorevelacionfm.cl\/index.php?rest_route=%2Fwp%2Fv2%2Ftags&post=56235"}],"curies":[{"name":"wp","href":"https:\/\/api.w.org\/{rel}","templated":true}]}}