{"id":56232,"date":"2025-07-07T16:59:08","date_gmt":"2025-07-07T19:59:08","guid":{"rendered":"https:\/\/radiorevelacionfm.cl\/?p=56232"},"modified":"2025-07-07T16:59:08","modified_gmt":"2025-07-07T19:59:08","slug":"fundacion-fibromialgia-de-aysen-impulsa-historica-mesa-intersectorial-para-abordar-el-dolor-cronico-en-la-region","status":"publish","type":"post","link":"https:\/\/radiorevelacionfm.cl\/?p=56232","title":{"rendered":"Fundaci\u00f3n Fibromialgia de Ays\u00e9n impulsa hist\u00f3rica Mesa Intersectorial para abordar el dolor cr\u00f3nico en la regi\u00f3n"},"content":{"rendered":"<div class=\"flex_column av_one_full  flex_column_div av-zero-column-padding first  avia-builder-el-0  el_before_av_one_full  avia-builder-el-first  \" style='border-radius:0px; '><div  class='avia-image-container  av-styling-    avia-builder-el-1  avia-builder-el-no-sibling  avia-align-center '  itemprop=\"image\" itemscope=\"itemscope\" itemtype=\"https:\/\/schema.org\/ImageObject\"  ><div class='avia-image-container-inner'><div class='avia-image-overlay-wrap'><img decoding=\"async\" class='wp-image-56233 avia-img-lazy-loading-not-56233 avia_image' src=\"https:\/\/radiorevelacionfm.cl\/wp-content\/uploads\/2025\/07\/F1-2-2.jpg\" alt='' title='F1 (2) (2)' height=\"426\" width=\"597\"  itemprop=\"thumbnailUrl\" srcset=\"https:\/\/radiorevelacionfm.cl\/wp-content\/uploads\/2025\/07\/F1-2-2.jpg 597w, https:\/\/radiorevelacionfm.cl\/wp-content\/uploads\/2025\/07\/F1-2-2-300x214.jpg 300w, https:\/\/radiorevelacionfm.cl\/wp-content\/uploads\/2025\/07\/F1-2-2-260x185.jpg 260w, https:\/\/radiorevelacionfm.cl\/wp-content\/uploads\/2025\/07\/F1-2-2-450x321.jpg 450w\" sizes=\"(max-width: 597px) 100vw, 597px\" \/><\/div><\/div><\/div><\/div><div class=\"flex_column av_one_full  flex_column_div av-zero-column-padding first  avia-builder-el-2  el_after_av_one_full  el_before_av_one_full  column-top-margin\" style='border-radius:0px; '><section class=\"av_textblock_section \"  itemscope=\"itemscope\" itemtype=\"https:\/\/schema.org\/BlogPosting\" itemprop=\"blogPost\" ><div class='avia_textblock  '   itemprop=\"text\" ><p style=\"text-align: center;\"><strong><span style=\"font-size: 18pt;\">Fundaci\u00f3n Fibromialgia de Ays\u00e9n impulsa hist\u00f3rica Mesa Intersectorial para abordar el dolor cr\u00f3nico en la regi\u00f3n<\/span><\/strong><\/p>\n<div id=\"gtx-trans\" style=\"position: absolute; left: -50px; top: 4.31534px;\">\n<div class=\"gtx-trans-icon\"><\/div>\n<\/div>\n<\/div><\/section><\/div><div class=\"flex_column av_one_full  flex_column_div av-zero-column-padding first  avia-builder-el-4  el_after_av_one_full  el_before_av_hr  column-top-margin\" style='border-radius:0px; '><section class=\"av_textblock_section \"  itemscope=\"itemscope\" itemtype=\"https:\/\/schema.org\/BlogPosting\" itemprop=\"blogPost\" ><div class='avia_textblock  '   itemprop=\"text\" ><p style=\"text-align: justify;\">Tras a\u00f1os de lucha, la Fundaci\u00f3n logra que se conforme una mesa regional para implementar una sala de rehabilitaci\u00f3n integral, pionera en el tratamiento de la fibromialgia.<\/p>\n<p style=\"text-align: justify;\">La Fundaci\u00f3n Fibromialgia de la Regi\u00f3n de Ays\u00e9n \u2013 Renaciendo Juntos, presidida por Francisca Ronda, celebra un hito hist\u00f3rico en la lucha por el reconocimiento y tratamiento digno de la fibromialgia. Tras m\u00e1s de cinco a\u00f1os de trabajo constante, finalmente se ha conformado una Mesa Intersectorial Regional para abordar el dolor cr\u00f3nico desde una mirada integral, humana y descentralizada.<\/p>\n<p style=\"text-align: justify;\">\u00abEstamos profundamente emocionadas y esperanzadas. Durante a\u00f1os fuimos escuchadas, pero sin avances reales por falta de recursos o de un programa m\u00e9dico claro. Hoy, vemos una oportunidad concreta para quienes padecen esta enfermedad invisible, incomprendida y estigmatizada\u00bb, se\u00f1al\u00f3 Francisca Ronda.<\/p>\n<p style=\"text-align: justify;\">La nueva mesa de trabajo no solo re\u00fane al sector salud, sino tambi\u00e9n a representantes de deporte, organizaciones sociales y autoridades regionales. Su objetivo principal es implementar una sala de rehabilitaci\u00f3n continua e integral, que combine atenci\u00f3n kinesiol\u00f3gica, terapias complementarias, apoyo nutricional psicol\u00f3gico, con un piloto que comenzar\u00e1 en el Hospital de Puerto Ays\u00e9n, en colaboraci\u00f3n con el Polideportivo local.<\/p>\n<p style=\"text-align: justify;\">Desde la Fundaci\u00f3n, adem\u00e1s, destacan la urgencia de descentralizar los recursos, incluyendo a Coyhaique, donde muchas personas tambi\u00e9n han quedado sin acceso a tratamientos ni fondos regionales para atenci\u00f3n m\u00e9dica y terapias.<\/p>\n<p style=\"text-align: justify;\">Otro de los desaf\u00edos clave que se han planteado es avanzar en el reconocimiento del dolor cr\u00f3nico en el sistema de licencias m\u00e9dicas, tanto a nivel regional como nacional. La Fundaci\u00f3n busca que la fibromialgia sea incorporada en el presupuesto nacional de salud, permitiendo una atenci\u00f3n continua, oportuna y digna para miles de pacientes. C\u00f3mo contempla la ley 21.531 promulgada desde 2023.<\/p>\n<p style=\"text-align: justify;\">\u00abEl compromiso del Gobierno Regional debe mantenerse firme. Esta mesa debe ser solo el inicio de un trabajo profundo, colectivo y sostenido. Las personas con fibromialgia tambi\u00e9n tenemos derecho a recuperar nuestra calidad de vida\u00bb, enfatiz\u00f3 la dirigenta.<\/p>\n<p style=\"text-align: justify;\">Este avance representa un antes y un despu\u00e9s para la Regi\u00f3n de Ays\u00e9n, y podr\u00eda convertirse en un modelo para otras regiones del pa\u00eds que tambi\u00e9n luchan por visibilizar y atender el dolor cr\u00f3nico desde una perspectiva integral.<\/p>\n<\/div><\/section><\/div><div  style='height:50px' class='hr hr-invisible   avia-builder-el-6  el_after_av_one_full  el_before_av_social_share '><span class='hr-inner ' ><span class='hr-inner-style'><\/span><\/span><\/div><\/p>\n<div  class='av-social-sharing-box  avia-builder-el-7  el_after_av_hr  el_before_av_hr  '><div class='av-share-box'><h5 class='av-share-link-description av-no-toc '>Compartir esta noticia<\/h5><ul class='av-share-box-list noLightbox'><li class='av-share-link av-social-link-facebook' ><a target=\"_blank\" aria-label=\"Compartir en Facebook\" href='https:\/\/www.facebook.com\/sharer.php?u=https:\/\/radiorevelacionfm.cl\/?p=56232&#038;t=Fundaci%C3%B3n%20Fibromialgia%20de%20Ays%C3%A9n%20impulsa%20hist%C3%B3rica%20Mesa%20Intersectorial%20para%20abordar%20el%20dolor%20cr%C3%B3nico%20en%20la%20regi%C3%B3n' aria-hidden='false' data-av_icon='\ue8f3' data-av_iconfont='entypo-fontello' title='' data-avia-related-tooltip='Compartir en Facebook' rel=\"noopener\"><span class='avia_hidden_link_text'>Compartir en Facebook<\/span><\/a><\/li><li class='av-share-link av-social-link-twitter' ><a target=\"_blank\" aria-label=\"Compartir en Twitter\" href='https:\/\/twitter.com\/share?text=Fundaci%C3%B3n%20Fibromialgia%20de%20Ays%C3%A9n%20impulsa%20hist%C3%B3rica%20Mesa%20Intersectorial%20para%20abordar%20el%20dolor%20cr%C3%B3nico%20en%20la%20regi%C3%B3n&#038;url=https:\/\/radiorevelacionfm.cl\/?p=56232' aria-hidden='false' data-av_icon='\ue8f1' data-av_iconfont='entypo-fontello' title='' data-avia-related-tooltip='Compartir en Twitter' rel=\"noopener\"><span class='avia_hidden_link_text'>Compartir en Twitter<\/span><\/a><\/li><li class='av-share-link av-social-link-whatsapp' ><a target=\"_blank\" aria-label=\"Compartir en Whatsapp\" href='https:\/\/api.whatsapp.com\/send?text=https:\/\/radiorevelacionfm.cl\/?p=56232' aria-hidden='false' data-av_icon='\uf232' data-av_iconfont='entypo-fontello' title='' data-avia-related-tooltip='Compartir en Whatsapp' rel=\"noopener\"><span class='avia_hidden_link_text'>Compartir en Whatsapp<\/span><\/a><\/li><li class='av-share-link av-social-link-linkedin' ><a target=\"_blank\" aria-label=\"Compartir en LinkedIn\" href='https:\/\/linkedin.com\/shareArticle?mini=true&#038;title=Fundaci%C3%B3n%20Fibromialgia%20de%20Ays%C3%A9n%20impulsa%20hist%C3%B3rica%20Mesa%20Intersectorial%20para%20abordar%20el%20dolor%20cr%C3%B3nico%20en%20la%20regi%C3%B3n&#038;url=https:\/\/radiorevelacionfm.cl\/?p=56232' aria-hidden='false' data-av_icon='\ue8fc' data-av_iconfont='entypo-fontello' title='' data-avia-related-tooltip='Compartir en LinkedIn' rel=\"noopener\"><span class='avia_hidden_link_text'>Compartir en LinkedIn<\/span><\/a><\/li><li class='av-share-link av-social-link-mail' ><a  aria-label=\"Compartir por correo\" href='mailto:?subject=Fundaci%C3%B3n%20Fibromialgia%20de%20Ays%C3%A9n%20impulsa%20hist%C3%B3rica%20Mesa%20Intersectorial%20para%20abordar%20el%20dolor%20cr%C3%B3nico%20en%20la%20regi%C3%B3n&#038;body=https:\/\/radiorevelacionfm.cl\/?p=56232' aria-hidden='false' data-av_icon='\ue805' data-av_iconfont='entypo-fontello' title='' data-avia-related-tooltip='Compartir por correo'><span class='avia_hidden_link_text'>Compartir por correo<\/span><\/a><\/li><\/ul><\/div><\/div>\n<div  style='height:50px' class='hr hr-invisible   avia-builder-el-8  el_after_av_social_share  el_before_av_comments_list '><span class='hr-inner ' ><span class='hr-inner-style'><\/span><\/span><\/div>\n<div  class='av-buildercomment  av-blog-meta-html-info-disabled av-blog-meta-tag-disabled  '><\/div>\n","protected":false},"excerpt":{"rendered":"","protected":false},"author":1,"featured_media":56233,"comment_status":"closed","ping_status":"closed","sticky":false,"template":"","format":"standard","meta":{"footnotes":""},"categories":[38],"tags":[],"class_list":["post-56232","post","type-post","status-publish","format-standard","has-post-thumbnail","hentry","category-regional"],"jetpack_featured_media_url":"https:\/\/radiorevelacionfm.cl\/wp-content\/uploads\/2025\/07\/F1-2-2.jpg","_links":{"self":[{"href":"https:\/\/radiorevelacionfm.cl\/index.php?rest_route=\/wp\/v2\/posts\/56232","targetHints":{"allow":["GET"]}}],"collection":[{"href":"https:\/\/radiorevelacionfm.cl\/index.php?rest_route=\/wp\/v2\/posts"}],"about":[{"href":"https:\/\/radiorevelacionfm.cl\/index.php?rest_route=\/wp\/v2\/types\/post"}],"author":[{"embeddable":true,"href":"https:\/\/radiorevelacionfm.cl\/index.php?rest_route=\/wp\/v2\/users\/1"}],"replies":[{"embeddable":true,"href":"https:\/\/radiorevelacionfm.cl\/index.php?rest_route=%2Fwp%2Fv2%2Fcomments&post=56232"}],"version-history":[{"count":2,"href":"https:\/\/radiorevelacionfm.cl\/index.php?rest_route=\/wp\/v2\/posts\/56232\/revisions"}],"predecessor-version":[{"id":56243,"href":"https:\/\/radiorevelacionfm.cl\/index.php?rest_route=\/wp\/v2\/posts\/56232\/revisions\/56243"}],"wp:featuredmedia":[{"embeddable":true,"href":"https:\/\/radiorevelacionfm.cl\/index.php?rest_route=\/wp\/v2\/media\/56233"}],"wp:attachment":[{"href":"https:\/\/radiorevelacionfm.cl\/index.php?rest_route=%2Fwp%2Fv2%2Fmedia&parent=56232"}],"wp:term":[{"taxonomy":"category","embeddable":true,"href":"https:\/\/radiorevelacionfm.cl\/index.php?rest_route=%2Fwp%2Fv2%2Fcategories&post=56232"},{"taxonomy":"post_tag","embeddable":true,"href":"https:\/\/radiorevelacionfm.cl\/index.php?rest_route=%2Fwp%2Fv2%2Ftags&post=56232"}],"curies":[{"name":"wp","href":"https:\/\/api.w.org\/{rel}","templated":true}]}}