{"id":56229,"date":"2025-07-07T18:50:29","date_gmt":"2025-07-07T21:50:29","guid":{"rendered":"https:\/\/radiorevelacionfm.cl\/?p=56229"},"modified":"2025-07-07T18:50:29","modified_gmt":"2025-07-07T21:50:29","slug":"ps-aysen-lanza-proceso-interno-para-definir-candidaturas-al-senado-y-a-la-camara-de-diputados","status":"publish","type":"post","link":"https:\/\/radiorevelacionfm.cl\/?p=56229","title":{"rendered":"PS Ays\u00e9n lanza proceso interno para definir candidaturas al Senado y a la C\u00e1mara de Diputados"},"content":{"rendered":"<div class=\"flex_column av_one_full  flex_column_div av-zero-column-padding first  avia-builder-el-0  el_before_av_one_full  avia-builder-el-first  \" style='border-radius:0px; '><div  class='avia-image-container  av-styling-    avia-builder-el-1  avia-builder-el-no-sibling  avia-align-center '  itemprop=\"image\" itemscope=\"itemscope\" itemtype=\"https:\/\/schema.org\/ImageObject\"  ><div class='avia-image-container-inner'><div class='avia-image-overlay-wrap'><img decoding=\"async\" class='wp-image-56230 avia-img-lazy-loading-not-56230 avia_image' src=\"https:\/\/radiorevelacionfm.cl\/wp-content\/uploads\/2025\/07\/comite-regional-ps-1_optimized.jpeg\" alt='' title='comit\u00e9-regional-ps-(1)_optimized' height=\"600\" width=\"1041\"  itemprop=\"thumbnailUrl\" srcset=\"https:\/\/radiorevelacionfm.cl\/wp-content\/uploads\/2025\/07\/comite-regional-ps-1_optimized.jpeg 1041w, https:\/\/radiorevelacionfm.cl\/wp-content\/uploads\/2025\/07\/comite-regional-ps-1_optimized-300x173.jpeg 300w, https:\/\/radiorevelacionfm.cl\/wp-content\/uploads\/2025\/07\/comite-regional-ps-1_optimized-1030x594.jpeg 1030w, https:\/\/radiorevelacionfm.cl\/wp-content\/uploads\/2025\/07\/comite-regional-ps-1_optimized-768x443.jpeg 768w, https:\/\/radiorevelacionfm.cl\/wp-content\/uploads\/2025\/07\/comite-regional-ps-1_optimized-705x406.jpeg 705w, https:\/\/radiorevelacionfm.cl\/wp-content\/uploads\/2025\/07\/comite-regional-ps-1_optimized-450x259.jpeg 450w, https:\/\/radiorevelacionfm.cl\/wp-content\/uploads\/2025\/07\/comite-regional-ps-1_optimized-600x346.jpeg 600w\" sizes=\"(max-width: 1041px) 100vw, 1041px\" \/><\/div><\/div><\/div><\/div><div class=\"flex_column av_one_full  flex_column_div av-zero-column-padding first  avia-builder-el-2  el_after_av_one_full  el_before_av_one_full  column-top-margin\" style='border-radius:0px; '><section class=\"av_textblock_section \"  itemscope=\"itemscope\" itemtype=\"https:\/\/schema.org\/BlogPosting\" itemprop=\"blogPost\" ><div class='avia_textblock  '   itemprop=\"text\" ><p style=\"text-align: center;\"><strong><span style=\"font-size: 18pt;\">PS Ays\u00e9n lanza proceso interno para definir candidaturas al Senado y a la C\u00e1mara de Diputados<\/span><\/strong><\/p>\n<div id=\"gtx-trans\" style=\"position: absolute; left: -50px; top: 4.31534px;\">\n<div class=\"gtx-trans-icon\"><\/div>\n<\/div>\n<\/div><\/section><\/div><div class=\"flex_column av_one_full  flex_column_div av-zero-column-padding first  avia-builder-el-4  el_after_av_one_full  el_before_av_hr  column-top-margin\" style='border-radius:0px; '><section class=\"av_textblock_section \"  itemscope=\"itemscope\" itemtype=\"https:\/\/schema.org\/BlogPosting\" itemprop=\"blogPost\" ><div class='avia_textblock  '   itemprop=\"text\" ><p style=\"text-align: justify;\">El Partido Socialista de la Regi\u00f3n de Ays\u00e9n ha puesto en marcha un \u00abproceso participativo que busca seleccionar a nuestros mejores representantes para ofrecer sus mejores cartas para representar a Ays\u00e9n tanto en la c\u00e1mara de diputados, como en el Senado\u00bb, se\u00f1al\u00f3 Erik Adio, Presidente Regional. \u00abDebemos dar paso a proyecto que piensen en Ays\u00e9n desde lo colectivo y dejar de lado los proyectos individuales que hasta ahora seguimos viendo en Ays\u00e9n: al elegir candidatos y candidatas, priorizamos la representaci\u00f3n de ideas y personas que lideren soluciones efectivas para responder a las demandas hist\u00f3ricas de nuestro territorio\u00bb, a\u00f1adi\u00f3 con entusiasmo.<\/p>\n<p style=\"text-align: justify;\">\u00abEste mecanismo pondr\u00e1 a disposici\u00f3n de nuestro Comit\u00e9 Regional una n\u00f3mina de postulantes que aspiran tanto a la C\u00e1mara de Diputados como al Senado\u00bb, explic\u00f3 Fabian Ani\u00f1ir, Secretario General. \u00abQueremos poner a disposici\u00f3n un proceso que refleje la riqueza y pluralidad de nuestro partido, y logre representar todos los intereses de nuestra gente\u00bb, agreg\u00f3.<\/p>\n<p style=\"text-align: justify;\">En cuanto a los pactos electorales, ambos voceros coincidieron en que la definici\u00f3n de alianzas y la conformaci\u00f3n de listas se decide a nivel nacional. \u00abComo regi\u00f3n, presentamos nuestras propuestas; sin embargo, la decisi\u00f3n de con qui\u00e9nes nos acompa\u00f1aremos y qu\u00e9 candidaturas integrar\u00e1n la lista depender\u00e1 de las inscripciones y acuerdos de car\u00e1cter nacional, sin perjuicio de esto, este mismo proceso es un proceso que estamos abriendo de car\u00e1cter regional y que espera ser antecedente para las decisiones del nivel nacional\u00bb, aclar\u00f3 Ani\u00f1ir.<\/p>\n<p style=\"text-align: justify;\">El proceso interno se extender\u00e1 desde el martes 8 hasta el lunes 15 de este mes. \u00abLuego, tendremos un mes para formalizar las inscripciones: el plazo oficial vence el 18 de agosto\u00bb, record\u00f3 Adio. Adem\u00e1s, destac\u00f3 que \u00abeste procedimiento est\u00e1 recogido en nuestros estatutos: todo militante tiene derecho a postularse en los procesos internos de selecci\u00f3n de candidaturas (art\u00edculo 3.\u00ba, numeral 5)\u00bb. Con estas normas claras, el PS Ays\u00e9n reafirma su compromiso con la transparencia y la participaci\u00f3n de sus bases. En ese mismo sentido se\u00f1al\u00f3 \u00abhemos disponibilizado un link de acceso a una ficha de antecedentes al cual pueden acceder nuestros militantes (<a href=\"https:\/\/forms.gle\/zSvq92F7515fbfCi7\">https:\/\/forms.gle\/zSvq92F7515fbfCi7<\/a>) , adem\u00e1s de aperturar los canales del partido para responder consultas o realizar inscripciones de manera presencial\u00bb.<\/p>\n<\/div><\/section><\/div><div  style='height:50px' class='hr hr-invisible   avia-builder-el-6  el_after_av_one_full  el_before_av_social_share '><span class='hr-inner ' ><span class='hr-inner-style'><\/span><\/span><\/div><\/p>\n<div  class='av-social-sharing-box  avia-builder-el-7  el_after_av_hr  el_before_av_hr  '><div class='av-share-box'><h5 class='av-share-link-description av-no-toc '>Compartir esta noticia<\/h5><ul class='av-share-box-list noLightbox'><li class='av-share-link av-social-link-facebook' ><a target=\"_blank\" aria-label=\"Compartir en Facebook\" href='https:\/\/www.facebook.com\/sharer.php?u=https:\/\/radiorevelacionfm.cl\/?p=56229&#038;t=PS%20Ays%C3%A9n%20lanza%20proceso%20interno%20para%20definir%20candidaturas%20al%20Senado%20y%20a%20la%20C%C3%A1mara%20de%20Diputados' aria-hidden='false' data-av_icon='\ue8f3' data-av_iconfont='entypo-fontello' title='' data-avia-related-tooltip='Compartir en Facebook' rel=\"noopener\"><span class='avia_hidden_link_text'>Compartir en Facebook<\/span><\/a><\/li><li class='av-share-link av-social-link-twitter' ><a target=\"_blank\" aria-label=\"Compartir en Twitter\" href='https:\/\/twitter.com\/share?text=PS%20Ays%C3%A9n%20lanza%20proceso%20interno%20para%20definir%20candidaturas%20al%20Senado%20y%20a%20la%20C%C3%A1mara%20de%20Diputados&#038;url=https:\/\/radiorevelacionfm.cl\/?p=56229' aria-hidden='false' data-av_icon='\ue8f1' data-av_iconfont='entypo-fontello' title='' data-avia-related-tooltip='Compartir en Twitter' rel=\"noopener\"><span class='avia_hidden_link_text'>Compartir en Twitter<\/span><\/a><\/li><li class='av-share-link av-social-link-whatsapp' ><a target=\"_blank\" aria-label=\"Compartir en Whatsapp\" href='https:\/\/api.whatsapp.com\/send?text=https:\/\/radiorevelacionfm.cl\/?p=56229' aria-hidden='false' data-av_icon='\uf232' data-av_iconfont='entypo-fontello' title='' data-avia-related-tooltip='Compartir en Whatsapp' rel=\"noopener\"><span class='avia_hidden_link_text'>Compartir en Whatsapp<\/span><\/a><\/li><li class='av-share-link av-social-link-linkedin' ><a target=\"_blank\" aria-label=\"Compartir en LinkedIn\" href='https:\/\/linkedin.com\/shareArticle?mini=true&#038;title=PS%20Ays%C3%A9n%20lanza%20proceso%20interno%20para%20definir%20candidaturas%20al%20Senado%20y%20a%20la%20C%C3%A1mara%20de%20Diputados&#038;url=https:\/\/radiorevelacionfm.cl\/?p=56229' aria-hidden='false' data-av_icon='\ue8fc' data-av_iconfont='entypo-fontello' title='' data-avia-related-tooltip='Compartir en LinkedIn' rel=\"noopener\"><span class='avia_hidden_link_text'>Compartir en LinkedIn<\/span><\/a><\/li><li class='av-share-link av-social-link-mail' ><a  aria-label=\"Compartir por correo\" href='mailto:?subject=PS%20Ays%C3%A9n%20lanza%20proceso%20interno%20para%20definir%20candidaturas%20al%20Senado%20y%20a%20la%20C%C3%A1mara%20de%20Diputados&#038;body=https:\/\/radiorevelacionfm.cl\/?p=56229' aria-hidden='false' data-av_icon='\ue805' data-av_iconfont='entypo-fontello' title='' data-avia-related-tooltip='Compartir por correo'><span class='avia_hidden_link_text'>Compartir por correo<\/span><\/a><\/li><\/ul><\/div><\/div>\n<div  style='height:50px' class='hr hr-invisible   avia-builder-el-8  el_after_av_social_share  el_before_av_comments_list '><span class='hr-inner ' ><span class='hr-inner-style'><\/span><\/span><\/div>\n<div  class='av-buildercomment  av-blog-meta-html-info-disabled av-blog-meta-tag-disabled  '><\/div>\n","protected":false},"excerpt":{"rendered":"","protected":false},"author":1,"featured_media":56230,"comment_status":"closed","ping_status":"closed","sticky":false,"template":"","format":"standard","meta":{"footnotes":""},"categories":[35],"tags":[],"class_list":["post-56229","post","type-post","status-publish","format-standard","has-post-thumbnail","hentry","category-politica"],"jetpack_featured_media_url":"https:\/\/radiorevelacionfm.cl\/wp-content\/uploads\/2025\/07\/comite-regional-ps-1_optimized.jpeg","_links":{"self":[{"href":"https:\/\/radiorevelacionfm.cl\/index.php?rest_route=\/wp\/v2\/posts\/56229","targetHints":{"allow":["GET"]}}],"collection":[{"href":"https:\/\/radiorevelacionfm.cl\/index.php?rest_route=\/wp\/v2\/posts"}],"about":[{"href":"https:\/\/radiorevelacionfm.cl\/index.php?rest_route=\/wp\/v2\/types\/post"}],"author":[{"embeddable":true,"href":"https:\/\/radiorevelacionfm.cl\/index.php?rest_route=\/wp\/v2\/users\/1"}],"replies":[{"embeddable":true,"href":"https:\/\/radiorevelacionfm.cl\/index.php?rest_route=%2Fwp%2Fv2%2Fcomments&post=56229"}],"version-history":[{"count":2,"href":"https:\/\/radiorevelacionfm.cl\/index.php?rest_route=\/wp\/v2\/posts\/56229\/revisions"}],"predecessor-version":[{"id":56253,"href":"https:\/\/radiorevelacionfm.cl\/index.php?rest_route=\/wp\/v2\/posts\/56229\/revisions\/56253"}],"wp:featuredmedia":[{"embeddable":true,"href":"https:\/\/radiorevelacionfm.cl\/index.php?rest_route=\/wp\/v2\/media\/56230"}],"wp:attachment":[{"href":"https:\/\/radiorevelacionfm.cl\/index.php?rest_route=%2Fwp%2Fv2%2Fmedia&parent=56229"}],"wp:term":[{"taxonomy":"category","embeddable":true,"href":"https:\/\/radiorevelacionfm.cl\/index.php?rest_route=%2Fwp%2Fv2%2Fcategories&post=56229"},{"taxonomy":"post_tag","embeddable":true,"href":"https:\/\/radiorevelacionfm.cl\/index.php?rest_route=%2Fwp%2Fv2%2Ftags&post=56229"}],"curies":[{"name":"wp","href":"https:\/\/api.w.org\/{rel}","templated":true}]}}