{"id":56225,"date":"2025-07-07T14:48:35","date_gmt":"2025-07-07T17:48:35","guid":{"rendered":"https:\/\/radiorevelacionfm.cl\/?p=56225"},"modified":"2025-07-07T19:43:25","modified_gmt":"2025-07-07T22:43:25","slug":"seis-detenidos-por-corta-ilegal-de-lena-avaluada-en-mas-100-millones-de-pesos","status":"publish","type":"post","link":"https:\/\/radiorevelacionfm.cl\/?p=56225","title":{"rendered":"Seis detenidos por tala ilegal de le\u00f1a avaluada en m\u00e1s 100 millones de pesos"},"content":{"rendered":"<div class=\"flex_column av_one_full  flex_column_div av-zero-column-padding first  avia-builder-el-0  el_before_av_one_full  avia-builder-el-first  \" style='border-radius:0px; '><div  class='avia-image-container  av-styling-    avia-builder-el-1  avia-builder-el-no-sibling  avia-align-center '  itemprop=\"image\" itemscope=\"itemscope\" itemtype=\"https:\/\/schema.org\/ImageObject\"  ><div class='avia-image-container-inner'><div class='avia-image-overlay-wrap'><img decoding=\"async\" class='wp-image-56226 avia-img-lazy-loading-not-56226 avia_image' src=\"https:\/\/radiorevelacionfm.cl\/wp-content\/uploads\/2025\/07\/54639546651_3f2e2764e2_c_optimized-1.jpg\" alt='' title='54639546651_3f2e2764e2_c_optimized (1)' height=\"600\" width=\"800\"  itemprop=\"thumbnailUrl\" srcset=\"https:\/\/radiorevelacionfm.cl\/wp-content\/uploads\/2025\/07\/54639546651_3f2e2764e2_c_optimized-1.jpg 800w, https:\/\/radiorevelacionfm.cl\/wp-content\/uploads\/2025\/07\/54639546651_3f2e2764e2_c_optimized-1-300x225.jpg 300w, https:\/\/radiorevelacionfm.cl\/wp-content\/uploads\/2025\/07\/54639546651_3f2e2764e2_c_optimized-1-768x576.jpg 768w, https:\/\/radiorevelacionfm.cl\/wp-content\/uploads\/2025\/07\/54639546651_3f2e2764e2_c_optimized-1-705x529.jpg 705w, https:\/\/radiorevelacionfm.cl\/wp-content\/uploads\/2025\/07\/54639546651_3f2e2764e2_c_optimized-1-450x338.jpg 450w, https:\/\/radiorevelacionfm.cl\/wp-content\/uploads\/2025\/07\/54639546651_3f2e2764e2_c_optimized-1-600x450.jpg 600w\" sizes=\"(max-width: 800px) 100vw, 800px\" \/><\/div><\/div><\/div><\/div>\n<div class=\"flex_column av_one_full  flex_column_div av-zero-column-padding first  avia-builder-el-2  el_after_av_one_full  el_before_av_one_full  column-top-margin\" style='border-radius:0px; '><section class=\"av_textblock_section \"  itemscope=\"itemscope\" itemtype=\"https:\/\/schema.org\/BlogPosting\" itemprop=\"blogPost\" ><div class='avia_textblock  '   itemprop=\"text\" ><p style=\"text-align: center;\"><strong><span style=\"font-size: 18pt;\">Seis detenidos por tala ilegal de le\u00f1a avaluada en m\u00e1s 100 millones de pesos <\/span><\/strong><\/p>\n<div id=\"gtx-trans\" style=\"position: absolute; left: -50px; top: 4.31534px;\">\n<div class=\"gtx-trans-icon\"><\/div>\n<\/div>\n<\/div><\/section><\/div><div class=\"flex_column av_one_full  flex_column_div av-zero-column-padding first  avia-builder-el-4  el_after_av_one_full  el_before_av_hr  column-top-margin\" style='border-radius:0px; '><section class=\"av_textblock_section \"  itemscope=\"itemscope\" itemtype=\"https:\/\/schema.org\/BlogPosting\" itemprop=\"blogPost\" ><div class='avia_textblock  '   itemprop=\"text\" ><div>\n<p class=\"v1gmail-MsoListParagraph\" style=\"text-align: justify;\"><em><span lang=\"ES\">Personal de CONAF, Carabineros y Bienes Nacionales fiscalizaron predio en Lago Fr\u00edo, Regi\u00f3n de Ays\u00e9n, verificando tala denunciada por terceros.<\/span><\/em><\/p>\n<p class=\"v1MsoNormal\" style=\"text-align: justify;\"><span lang=\"ES\">Una corta ilegal de le\u00f1a fue constatada durante una inspecci\u00f3n de fiscalizadores de CONAF, junto a personal de Carabineros y de la Seremi de Bienes Nacionales, a un sector del Lago Fr\u00edo, en la Regi\u00f3n de Ays\u00e9n. En el control de la faena sin plan de manejo forestal, se verific\u00f3 la tala de bosque nativo (lenga) en una superficie de 32,11 hect\u00e1reas, con un volumen estimado de m\u00e1s de 5.200 metros de le\u00f1a, avaluado en 104 millones 556 mil pesos.<\/span><\/p>\n<p class=\"v1MsoNormal\" style=\"text-align: justify;\"><span lang=\"ES\">La fiscalizaci\u00f3n al predio de propiedad fiscal permiti\u00f3 la detenci\u00f3n en el lugar de seis personas y\u00a0<\/span>la incautaci\u00f3n de veh\u00edculos y herramientas empleadas para la corta, elaboraci\u00f3n y transporte de madera y le\u00f1a. La informaci\u00f3n fue entregada a la Fiscal\u00eda de Coyhaique, instancia que se encuentra investigando el caso.<\/p>\n<p class=\"v1MsoNormal\" style=\"text-align: justify;\">Este tipo de cortas ilegales est\u00e1n sancionadas por la Ley N\u00b020.283 sobre Recuperaci\u00f3n del Bosque Nativo y Fomento Forestal, y en espec\u00edfico esta infracci\u00f3n puede ser considerada como delito seg\u00fan lo estipulado en la Ley N\u00b021.488 que tipifica la sustracci\u00f3n de madera.<\/p>\n<p class=\"v1MsoNormal\" style=\"text-align: justify;\">Ronald Valenzuela, director regional de CONAF Ays\u00e9n, destac\u00f3 la participaci\u00f3n de la comunidad en la detecci\u00f3n de la tala forestal. \u00abEsto fue gracias a una denuncia de terceros, lo que demuestra el inter\u00e9s de la comunidad en la mantenci\u00f3n de los recursos naturales, de los recursos forestales. Pero en este caso hay que considerar otras acciones que son conductuales. Cuando nosotros compramos le\u00f1a o cualquier otro producto derivado del bosque nativo debemos exigir la Gu\u00eda de Libre Tr\u00e1nsito, que es el \u00fanico instrumento que acredita que los productos transportados, acopiados o comercializados provienen de un plan de manejo aprobado por CONAF. Si no se cuenta con ese documento, muy probablemente la le\u00f1a que se est\u00e1 consumiendo puede tener su origen en una corta no autorizada\u00bb, coment\u00f3 la autoridad forestal.<\/p>\n<p class=\"v1MsoNormal\" style=\"text-align: justify;\">Por \u00faltimo, Valenzuela enfatiz\u00f3 la importancia de contar con un plan de manejo aprobado por la Corporaci\u00f3n Nacional Forestal para iniciar faenas de corta de bosques, sean bosque nativo o plantaciones forestales. Asimismo, hizo un llamado a la sociedad a que cuando sean testigos de cortas en sus predios o de terceros, como fue el caso, hagan la denuncia directamente en Fiscal\u00eda por robo de madera y en CONAF por corta no autorizada.<\/p>\n<\/div>\n<div style=\"text-align: justify;\"><\/div>\n<\/div><\/section><\/div><\/p>\n<div  style='height:50px' class='hr hr-invisible   avia-builder-el-6  el_after_av_one_full  el_before_av_social_share '><span class='hr-inner ' ><span class='hr-inner-style'><\/span><\/span><\/div>\n<div  class='av-social-sharing-box  avia-builder-el-7  el_after_av_hr  el_before_av_hr  '><div class='av-share-box'><h5 class='av-share-link-description av-no-toc '>Compartir esta noticia<\/h5><ul class='av-share-box-list noLightbox'><li class='av-share-link av-social-link-facebook' ><a target=\"_blank\" aria-label=\"Compartir en Facebook\" href='https:\/\/www.facebook.com\/sharer.php?u=https:\/\/radiorevelacionfm.cl\/?p=56225&#038;t=Seis%20detenidos%20por%20tala%20ilegal%20de%20le%C3%B1a%20avaluada%20en%20m%C3%A1s%20100%20millones%20de%20pesos' aria-hidden='false' data-av_icon='\ue8f3' data-av_iconfont='entypo-fontello' title='' data-avia-related-tooltip='Compartir en Facebook' rel=\"noopener\"><span class='avia_hidden_link_text'>Compartir en Facebook<\/span><\/a><\/li><li class='av-share-link av-social-link-twitter' ><a target=\"_blank\" aria-label=\"Compartir en Twitter\" href='https:\/\/twitter.com\/share?text=Seis%20detenidos%20por%20tala%20ilegal%20de%20le%C3%B1a%20avaluada%20en%20m%C3%A1s%20100%20millones%20de%20pesos&#038;url=https:\/\/radiorevelacionfm.cl\/?p=56225' aria-hidden='false' data-av_icon='\ue8f1' data-av_iconfont='entypo-fontello' title='' data-avia-related-tooltip='Compartir en Twitter' rel=\"noopener\"><span class='avia_hidden_link_text'>Compartir en Twitter<\/span><\/a><\/li><li class='av-share-link av-social-link-whatsapp' ><a target=\"_blank\" aria-label=\"Compartir en Whatsapp\" href='https:\/\/api.whatsapp.com\/send?text=https:\/\/radiorevelacionfm.cl\/?p=56225' aria-hidden='false' data-av_icon='\uf232' data-av_iconfont='entypo-fontello' title='' data-avia-related-tooltip='Compartir en Whatsapp' rel=\"noopener\"><span class='avia_hidden_link_text'>Compartir en Whatsapp<\/span><\/a><\/li><li class='av-share-link av-social-link-linkedin' ><a target=\"_blank\" aria-label=\"Compartir en LinkedIn\" href='https:\/\/linkedin.com\/shareArticle?mini=true&#038;title=Seis%20detenidos%20por%20tala%20ilegal%20de%20le%C3%B1a%20avaluada%20en%20m%C3%A1s%20100%20millones%20de%20pesos&#038;url=https:\/\/radiorevelacionfm.cl\/?p=56225' aria-hidden='false' data-av_icon='\ue8fc' data-av_iconfont='entypo-fontello' title='' data-avia-related-tooltip='Compartir en LinkedIn' rel=\"noopener\"><span class='avia_hidden_link_text'>Compartir en LinkedIn<\/span><\/a><\/li><li class='av-share-link av-social-link-mail' ><a  aria-label=\"Compartir por correo\" href='mailto:?subject=Seis%20detenidos%20por%20tala%20ilegal%20de%20le%C3%B1a%20avaluada%20en%20m%C3%A1s%20100%20millones%20de%20pesos&#038;body=https:\/\/radiorevelacionfm.cl\/?p=56225' aria-hidden='false' data-av_icon='\ue805' data-av_iconfont='entypo-fontello' title='' data-avia-related-tooltip='Compartir por correo'><span class='avia_hidden_link_text'>Compartir por correo<\/span><\/a><\/li><\/ul><\/div><\/div>\n<div  style='height:50px' class='hr hr-invisible   avia-builder-el-8  el_after_av_social_share  el_before_av_comments_list '><span class='hr-inner ' ><span class='hr-inner-style'><\/span><\/span><\/div>\n<div  class='av-buildercomment  av-blog-meta-html-info-disabled av-blog-meta-tag-disabled  '><\/div>\n","protected":false},"excerpt":{"rendered":"","protected":false},"author":1,"featured_media":56226,"comment_status":"closed","ping_status":"closed","sticky":false,"template":"","format":"standard","meta":{"footnotes":""},"categories":[38],"tags":[],"class_list":["post-56225","post","type-post","status-publish","format-standard","has-post-thumbnail","hentry","category-regional"],"jetpack_featured_media_url":"https:\/\/radiorevelacionfm.cl\/wp-content\/uploads\/2025\/07\/54639546651_3f2e2764e2_c_optimized-1.jpg","_links":{"self":[{"href":"https:\/\/radiorevelacionfm.cl\/index.php?rest_route=\/wp\/v2\/posts\/56225","targetHints":{"allow":["GET"]}}],"collection":[{"href":"https:\/\/radiorevelacionfm.cl\/index.php?rest_route=\/wp\/v2\/posts"}],"about":[{"href":"https:\/\/radiorevelacionfm.cl\/index.php?rest_route=\/wp\/v2\/types\/post"}],"author":[{"embeddable":true,"href":"https:\/\/radiorevelacionfm.cl\/index.php?rest_route=\/wp\/v2\/users\/1"}],"replies":[{"embeddable":true,"href":"https:\/\/radiorevelacionfm.cl\/index.php?rest_route=%2Fwp%2Fv2%2Fcomments&post=56225"}],"version-history":[{"count":3,"href":"https:\/\/radiorevelacionfm.cl\/index.php?rest_route=\/wp\/v2\/posts\/56225\/revisions"}],"predecessor-version":[{"id":56258,"href":"https:\/\/radiorevelacionfm.cl\/index.php?rest_route=\/wp\/v2\/posts\/56225\/revisions\/56258"}],"wp:featuredmedia":[{"embeddable":true,"href":"https:\/\/radiorevelacionfm.cl\/index.php?rest_route=\/wp\/v2\/media\/56226"}],"wp:attachment":[{"href":"https:\/\/radiorevelacionfm.cl\/index.php?rest_route=%2Fwp%2Fv2%2Fmedia&parent=56225"}],"wp:term":[{"taxonomy":"category","embeddable":true,"href":"https:\/\/radiorevelacionfm.cl\/index.php?rest_route=%2Fwp%2Fv2%2Fcategories&post=56225"},{"taxonomy":"post_tag","embeddable":true,"href":"https:\/\/radiorevelacionfm.cl\/index.php?rest_route=%2Fwp%2Fv2%2Ftags&post=56225"}],"curies":[{"name":"wp","href":"https:\/\/api.w.org\/{rel}","templated":true}]}}