{"id":56221,"date":"2025-07-07T22:00:24","date_gmt":"2025-07-08T01:00:24","guid":{"rendered":"https:\/\/radiorevelacionfm.cl\/?p=56221"},"modified":"2025-07-07T22:00:24","modified_gmt":"2025-07-08T01:00:24","slug":"autoridades-constataron-en-terreno-avances-del-proyecto-que-habilitara-una-unidad-forense-basica-en-la-comuna-de-cochrane","status":"publish","type":"post","link":"https:\/\/radiorevelacionfm.cl\/?p=56221","title":{"rendered":"Autoridades constataron en terreno avances del proyecto que habilitar\u00e1 una Unidad Forense b\u00e1sica en la comuna de Cochrane"},"content":{"rendered":"<div class=\"flex_column av_one_full  flex_column_div av-zero-column-padding first  avia-builder-el-0  el_before_av_one_full  avia-builder-el-first  \" style='border-radius:0px; '><div  class='avia-image-container  av-styling-    avia-builder-el-1  avia-builder-el-no-sibling  avia-align-center '  itemprop=\"image\" itemscope=\"itemscope\" itemtype=\"https:\/\/schema.org\/ImageObject\"  ><div class='avia-image-container-inner'><div class='avia-image-overlay-wrap'><img decoding=\"async\" class='wp-image-56223 avia-img-lazy-loading-not-56223 avia_image' src=\"https:\/\/radiorevelacionfm.cl\/wp-content\/uploads\/2025\/07\/ubf4-1_optimized.jpg\" alt='' title='ubf4-(1)_optimized' height=\"600\" width=\"1067\"  itemprop=\"thumbnailUrl\" srcset=\"https:\/\/radiorevelacionfm.cl\/wp-content\/uploads\/2025\/07\/ubf4-1_optimized.jpg 1067w, https:\/\/radiorevelacionfm.cl\/wp-content\/uploads\/2025\/07\/ubf4-1_optimized-300x169.jpg 300w, https:\/\/radiorevelacionfm.cl\/wp-content\/uploads\/2025\/07\/ubf4-1_optimized-1030x579.jpg 1030w, https:\/\/radiorevelacionfm.cl\/wp-content\/uploads\/2025\/07\/ubf4-1_optimized-768x432.jpg 768w, https:\/\/radiorevelacionfm.cl\/wp-content\/uploads\/2025\/07\/ubf4-1_optimized-705x396.jpg 705w, https:\/\/radiorevelacionfm.cl\/wp-content\/uploads\/2025\/07\/ubf4-1_optimized-450x253.jpg 450w, https:\/\/radiorevelacionfm.cl\/wp-content\/uploads\/2025\/07\/ubf4-1_optimized-600x337.jpg 600w\" sizes=\"(max-width: 1067px) 100vw, 1067px\" \/><\/div><\/div><\/div><\/div><div class=\"flex_column av_one_full  flex_column_div av-zero-column-padding first  avia-builder-el-2  el_after_av_one_full  el_before_av_one_full  column-top-margin\" style='border-radius:0px; '><section class=\"av_textblock_section \"  itemscope=\"itemscope\" itemtype=\"https:\/\/schema.org\/BlogPosting\" itemprop=\"blogPost\" ><div class='avia_textblock  '   itemprop=\"text\" ><p style=\"text-align: center;\"><span style=\"font-size: 18pt;\"><strong>Autoridades <\/strong><strong>constataron en terreno avances del proyecto que habilitar\u00e1 una Unidad Forense b\u00e1sica en la comuna de Cochrane <\/strong><\/span><\/p>\n<div id=\"gtx-trans\" style=\"position: absolute; left: -50px; top: 4.31534px;\">\n<div class=\"gtx-trans-icon\"><\/div>\n<\/div>\n<\/div><\/section><\/div><div class=\"flex_column av_one_full  flex_column_div av-zero-column-padding first  avia-builder-el-4  el_after_av_one_full  el_before_av_hr  column-top-margin\" style='border-radius:0px; '><section class=\"av_textblock_section \"  itemscope=\"itemscope\" itemtype=\"https:\/\/schema.org\/BlogPosting\" itemprop=\"blogPost\" ><div class='avia_textblock  '   itemprop=\"text\" ><p style=\"text-align: justify;\"><em>Un avance sentido por la comunidad, que dignifica el trato hacia los fallecidos y mejora el acceso a la justicia en el sur de Ays\u00e9n.<\/em><\/p>\n<p style=\"text-align: justify;\">Tras la adjudicaci\u00f3n de las obras a la empresa GYR SPA para la habilitaci\u00f3n de lo que ser\u00e1 la Unidad B\u00e1sica Forense en el Hospital de Cochrane, recientemente el seremi de Justicia y Derechos Humanos Samuel Navarro Castro acompa\u00f1ado de la delegada Provincial Marta Montiel, el alcalde de Cochrane Patricio Ulloa y la directora del hospital Miriam Navarrete visitaron las inmediaciones donde estar\u00e1 ubicada esta importante unidad.<\/p>\n<p style=\"text-align: justify;\">Cabe mencionar que la habilitaci\u00f3n de la unidad b\u00e1sica forense considera una inversi\u00f3n superior a los 62 millones de pesos e involucran pisos, muros, puertas, mobiliario, artefactos y accesorios sanitarios, instalaciones agua potable, alcantarillado, climatizaci\u00f3n, electricidad, entre otros, trabajos que fueron adjudicados a la empresa contratista se\u00f1alada, y que tendr\u00e1n una duraci\u00f3n de 60 d\u00edas corridos. Ahora en cuanto al equipamiento para dicha sala, recientemente se present\u00f3 un proyecto al Gobierno Regional para financiamiento, por un monto cercano a los 94 millones de pesos, el que se encuentra en proceso de revisi\u00f3n por parte de este organismo.<\/p>\n<p style=\"text-align: justify;\">Tras visitar las dependencias del hospital y el lugar donde se instalar\u00e1 la Unidad B\u00e1sica Forense, la delegada presidencial provincial Marta Montiel Alarc\u00f3n explic\u00f3 que \u201clos procesos dolorosos de la p\u00e9rdida de un familiar se vuelven a\u00fan mas dolorosos y se dilatan en el tiempo cuando la soluci\u00f3n no la tenemos en el territorio, esto ser\u00e1 una muestra de descentralizaci\u00f3n, de responder a las necesidades de nuestro territorio, la provincia Capit\u00e1n Prat tambi\u00e9n abarca la parte sur de la provincia General Carrera, tenemos un amplio territorio de familias que en alg\u00fan minuto pudiesen requerir de este procedimiento, y que el procedimiento en un momento de angustia, de p\u00e9rdida de un familiar sea el menor tiempo posible y en eso se ha estado trabajando y estamos muy contentos hoy d\u00eda que este proyecto se est\u00e9 ejecutando y que prontamente contemos con una sala de procedimientos de autopsias aqu\u00ed en el hospital de Cochrane\u201d.<\/p>\n<p style=\"text-align: justify;\">Por su parte, el seremi de Justicia y Derechos Humanos Samuel Navarro Castro indic\u00f3 que \u201cjunto con el Servicio M\u00e9dico Legal vamos avanzando en este objetivo que nos propusimos como administraci\u00f3n, como Gobierno, de avanzar en la unidad b\u00e1sica forense tanto en el hospital de Cochrane como de Chile Chico, lo m\u00e1s pr\u00f3ximo que tenemos es la de Cochrane, tuvimos que sortear algunas barreras desde el punto de vista de recepci\u00f3n del hospital y donde no se pod\u00eda intervenir, entonces no pudimos concretarlo con anterioridad, pero lo bueno y lo positivo es que ya se realiz\u00f3 la adjudicaci\u00f3n por parte del Servicio de Salud Ays\u00e9n para intervenir la secci\u00f3n donde se va a instalar esta unidad b\u00e1sica forense, en paralelo el Servicio M\u00e9dico Legal est\u00e1 presentando el proyecto al Gobierno Regional y su Consejo donde ya esta comprometido el apoyo para financiar todo lo que es el equipamiento y el instrumental necesario para tener una unidad b\u00e1sica forense, y esperamos que antes que termine este a\u00f1o poder ya inaugurar esta dependencia, para que la mayor cantidad de pericias tanatol\u00f3gicas, de autopsias cuando se requieran por parte de la Justicia y por orden de la Fiscal\u00eda, en aquellos casos que lo ameriten se puedan realizar ac\u00e1, no solamente para los vecinos y vecinas de Cochrane, sino que para los vecinos de Tortel, Villa O Higgins y para todas las localidad de la Provincia Capit\u00e1n Prat, ese es nuestro objetivo acercar la justicia a la gente, de mejorar la calidad de vida y hacer m\u00e1s eficiente el rol del Estado, porque ac\u00e1 no hay ciudadanos de segunda o tercera categor\u00eda y vamos a seguir trabajando y perseverando con ese objetivo\u201d.<\/p>\n<p style=\"text-align: justify;\">En tanto, la directora del hospital Lord Cochrane, Miriam Navarrete Novoa se\u00f1al\u00f3 que \u201ces una gran satisfacci\u00f3n haber logrado este proyecto que lleva a\u00f1os esperando poder habilitar esta sala de unidad forense, una necesidad sentida por la comunidad de todo el territorio, no tan solo de Cochrane sino que tambi\u00e9n de Tortel y Villa O Higgins, de toda la zona y de todo el territorio sur y poder contar con esta posibilidad de apoyar en circunstancias tan dif\u00edciles para las familias con una sala de este tipo de procedimientos en Cochrane, es un gran logro, estamos muy contentos, muy satisfechos porque esto finalmente se hayan confluido distintos objetivos y \u00e1reas para poder lograr esta instalaci\u00f3n\u201d.<\/p>\n<p style=\"text-align: justify;\">A su vez, el alcalde Cochrane, Patricio Ulloa Georgia se\u00f1al\u00f3 que \u201choy d\u00eda con una buena noticia, que afortunadamente un tema que se viene gestionando hace muchos a\u00f1os, yo recuerdo el a\u00f1o 2019 conocimos este proyecto, planteamos la necesidad que ten\u00edamos en Cochrane de instalar el Servicio M\u00e9dico Legal con el fin de que las autopsias un minuto tan complicado para un familiar se puedan hacer ac\u00e1, hoy d\u00eda se ha avanzado fuertemente en este tema, est\u00e1n las obras ya contratadas y esperamos que a partir del mes de octubre este proyecto se pueda inaugurar y ya va a ser una realidad, ser justo en esto y hoy reconocer el trabajo el Servicio de Salud Ays\u00e9n al Ministerio de Justicia y Derechos Humanos y a los equipos locales y profesionales que han trabajando fuertemente para concretar una necesidad que ten\u00edamos en Cochrane, es un tema humano, cuando fallece una persona ten\u00eda que llevarse a Coyhaique con todo lo que eso implica, el dolor, los tiempos y hoy d\u00eda afortunadamente es un proyecto que ha caminado en los \u00faltimos tiempos m\u00e1s r\u00e1pido y lo importante es que se va a concretar prontamente de contar con esta sala para hacer las autopsias en Cochrane con todo el equipamiento y con financiamiento tambi\u00e9n del Gobierno Regional y por eso estamos muy contentos y satisfechos por el trabajo que se ha hecho\u201d.<\/p>\n<p style=\"text-align: justify;\">Finalmente, cabe precisar que se espera contar con esta unidad b\u00e1sica forense antes que finalice el a\u00f1o, y as\u00ed facilitar el proceso, disminuir costos y tiempos, y en definitiva mejorar la calidad de vida y el acceso a la Justicia de los habitantes de la zona sur de la regi\u00f3n.<\/p>\n<\/div><\/section><\/div><div  style='height:50px' class='hr hr-invisible   avia-builder-el-6  el_after_av_one_full  el_before_av_social_share '><span class='hr-inner ' ><span class='hr-inner-style'><\/span><\/span><\/div><\/p>\n<div  class='av-social-sharing-box  avia-builder-el-7  el_after_av_hr  el_before_av_hr  '><div class='av-share-box'><h5 class='av-share-link-description av-no-toc '>Compartir esta noticia<\/h5><ul class='av-share-box-list noLightbox'><li class='av-share-link av-social-link-facebook' ><a target=\"_blank\" aria-label=\"Compartir en Facebook\" href='https:\/\/www.facebook.com\/sharer.php?u=https:\/\/radiorevelacionfm.cl\/?p=56221&#038;t=Autoridades%20constataron%20en%20terreno%20avances%20del%20proyecto%20que%20habilitar%C3%A1%20una%20Unidad%20Forense%20b%C3%A1sica%20en%20la%20comuna%20de%20Cochrane' aria-hidden='false' data-av_icon='\ue8f3' data-av_iconfont='entypo-fontello' title='' data-avia-related-tooltip='Compartir en Facebook' rel=\"noopener\"><span class='avia_hidden_link_text'>Compartir en Facebook<\/span><\/a><\/li><li class='av-share-link av-social-link-twitter' ><a target=\"_blank\" aria-label=\"Compartir en Twitter\" href='https:\/\/twitter.com\/share?text=Autoridades%20constataron%20en%20terreno%20avances%20del%20proyecto%20que%20habilitar%C3%A1%20una%20Unidad%20Forense%20b%C3%A1sica%20en%20la%20comuna%20de%20Cochrane&#038;url=https:\/\/radiorevelacionfm.cl\/?p=56221' aria-hidden='false' data-av_icon='\ue8f1' data-av_iconfont='entypo-fontello' title='' data-avia-related-tooltip='Compartir en Twitter' rel=\"noopener\"><span class='avia_hidden_link_text'>Compartir en Twitter<\/span><\/a><\/li><li class='av-share-link av-social-link-whatsapp' ><a target=\"_blank\" aria-label=\"Compartir en Whatsapp\" href='https:\/\/api.whatsapp.com\/send?text=https:\/\/radiorevelacionfm.cl\/?p=56221' aria-hidden='false' data-av_icon='\uf232' data-av_iconfont='entypo-fontello' title='' data-avia-related-tooltip='Compartir en Whatsapp' rel=\"noopener\"><span class='avia_hidden_link_text'>Compartir en Whatsapp<\/span><\/a><\/li><li class='av-share-link av-social-link-linkedin' ><a target=\"_blank\" aria-label=\"Compartir en LinkedIn\" href='https:\/\/linkedin.com\/shareArticle?mini=true&#038;title=Autoridades%20constataron%20en%20terreno%20avances%20del%20proyecto%20que%20habilitar%C3%A1%20una%20Unidad%20Forense%20b%C3%A1sica%20en%20la%20comuna%20de%20Cochrane&#038;url=https:\/\/radiorevelacionfm.cl\/?p=56221' aria-hidden='false' data-av_icon='\ue8fc' data-av_iconfont='entypo-fontello' title='' data-avia-related-tooltip='Compartir en LinkedIn' rel=\"noopener\"><span class='avia_hidden_link_text'>Compartir en LinkedIn<\/span><\/a><\/li><li class='av-share-link av-social-link-mail' ><a  aria-label=\"Compartir por correo\" href='mailto:?subject=Autoridades%20constataron%20en%20terreno%20avances%20del%20proyecto%20que%20habilitar%C3%A1%20una%20Unidad%20Forense%20b%C3%A1sica%20en%20la%20comuna%20de%20Cochrane&#038;body=https:\/\/radiorevelacionfm.cl\/?p=56221' aria-hidden='false' data-av_icon='\ue805' data-av_iconfont='entypo-fontello' title='' data-avia-related-tooltip='Compartir por correo'><span class='avia_hidden_link_text'>Compartir por correo<\/span><\/a><\/li><\/ul><\/div><\/div>\n<div  style='height:50px' class='hr hr-invisible   avia-builder-el-8  el_after_av_social_share  el_before_av_comments_list '><span class='hr-inner ' ><span class='hr-inner-style'><\/span><\/span><\/div>\n<div  class='av-buildercomment  av-blog-meta-html-info-disabled av-blog-meta-tag-disabled  '><\/div>\n","protected":false},"excerpt":{"rendered":"","protected":false},"author":1,"featured_media":56223,"comment_status":"closed","ping_status":"closed","sticky":false,"template":"","format":"standard","meta":{"footnotes":""},"categories":[55],"tags":[],"class_list":["post-56221","post","type-post","status-publish","format-standard","has-post-thumbnail","hentry","category-justicia"],"jetpack_featured_media_url":"https:\/\/radiorevelacionfm.cl\/wp-content\/uploads\/2025\/07\/ubf4-1_optimized.jpg","_links":{"self":[{"href":"https:\/\/radiorevelacionfm.cl\/index.php?rest_route=\/wp\/v2\/posts\/56221","targetHints":{"allow":["GET"]}}],"collection":[{"href":"https:\/\/radiorevelacionfm.cl\/index.php?rest_route=\/wp\/v2\/posts"}],"about":[{"href":"https:\/\/radiorevelacionfm.cl\/index.php?rest_route=\/wp\/v2\/types\/post"}],"author":[{"embeddable":true,"href":"https:\/\/radiorevelacionfm.cl\/index.php?rest_route=\/wp\/v2\/users\/1"}],"replies":[{"embeddable":true,"href":"https:\/\/radiorevelacionfm.cl\/index.php?rest_route=%2Fwp%2Fv2%2Fcomments&post=56221"}],"version-history":[{"count":2,"href":"https:\/\/radiorevelacionfm.cl\/index.php?rest_route=\/wp\/v2\/posts\/56221\/revisions"}],"predecessor-version":[{"id":56261,"href":"https:\/\/radiorevelacionfm.cl\/index.php?rest_route=\/wp\/v2\/posts\/56221\/revisions\/56261"}],"wp:featuredmedia":[{"embeddable":true,"href":"https:\/\/radiorevelacionfm.cl\/index.php?rest_route=\/wp\/v2\/media\/56223"}],"wp:attachment":[{"href":"https:\/\/radiorevelacionfm.cl\/index.php?rest_route=%2Fwp%2Fv2%2Fmedia&parent=56221"}],"wp:term":[{"taxonomy":"category","embeddable":true,"href":"https:\/\/radiorevelacionfm.cl\/index.php?rest_route=%2Fwp%2Fv2%2Fcategories&post=56221"},{"taxonomy":"post_tag","embeddable":true,"href":"https:\/\/radiorevelacionfm.cl\/index.php?rest_route=%2Fwp%2Fv2%2Ftags&post=56221"}],"curies":[{"name":"wp","href":"https:\/\/api.w.org\/{rel}","templated":true}]}}