{"id":56218,"date":"2025-07-07T16:01:15","date_gmt":"2025-07-07T19:01:15","guid":{"rendered":"https:\/\/radiorevelacionfm.cl\/?p=56218"},"modified":"2025-07-07T16:01:15","modified_gmt":"2025-07-07T19:01:15","slug":"semillero-de-talentos-electricos-edelaysen-y-ong-educando-en-red-lanzan-programa-para-impulsar-la-educacion-tecnica","status":"publish","type":"post","link":"https:\/\/radiorevelacionfm.cl\/?p=56218","title":{"rendered":"\u00abSemillero de talentos el\u00e9ctricos\u00bb: Edelaysen y ONG Educando en Red lanzan programa para impulsar la educaci\u00f3n t\u00e9cnica"},"content":{"rendered":"<div class=\"flex_column av_one_full  flex_column_div av-zero-column-padding first  avia-builder-el-0  el_before_av_one_full  avia-builder-el-first  \" style='border-radius:0px; '><div  class='avia-image-container  av-styling-    avia-builder-el-1  avia-builder-el-no-sibling  avia-align-center '  itemprop=\"image\" itemscope=\"itemscope\" itemtype=\"https:\/\/schema.org\/ImageObject\"  ><div class='avia-image-container-inner'><div class='avia-image-overlay-wrap'><img decoding=\"async\" class='wp-image-56219 avia-img-lazy-loading-not-56219 avia_image' src=\"https:\/\/radiorevelacionfm.cl\/wp-content\/uploads\/2025\/07\/liceos-electricos-1-1_optimized-1.jpeg\" alt='' title='liceos-el\u00e9ctricos-(1)-(1)_optimized (1)' height=\"600\" width=\"888\"  itemprop=\"thumbnailUrl\" srcset=\"https:\/\/radiorevelacionfm.cl\/wp-content\/uploads\/2025\/07\/liceos-electricos-1-1_optimized-1.jpeg 888w, https:\/\/radiorevelacionfm.cl\/wp-content\/uploads\/2025\/07\/liceos-electricos-1-1_optimized-1-300x203.jpeg 300w, https:\/\/radiorevelacionfm.cl\/wp-content\/uploads\/2025\/07\/liceos-electricos-1-1_optimized-1-768x519.jpeg 768w, https:\/\/radiorevelacionfm.cl\/wp-content\/uploads\/2025\/07\/liceos-electricos-1-1_optimized-1-705x476.jpeg 705w, https:\/\/radiorevelacionfm.cl\/wp-content\/uploads\/2025\/07\/liceos-electricos-1-1_optimized-1-450x304.jpeg 450w, https:\/\/radiorevelacionfm.cl\/wp-content\/uploads\/2025\/07\/liceos-electricos-1-1_optimized-1-600x405.jpeg 600w\" sizes=\"(max-width: 888px) 100vw, 888px\" \/><\/div><\/div><\/div><\/div><div class=\"flex_column av_one_full  flex_column_div av-zero-column-padding first  avia-builder-el-2  el_after_av_one_full  el_before_av_one_full  column-top-margin\" style='border-radius:0px; '><section class=\"av_textblock_section \"  itemscope=\"itemscope\" itemtype=\"https:\/\/schema.org\/BlogPosting\" itemprop=\"blogPost\" ><div class='avia_textblock  '   itemprop=\"text\" ><p style=\"text-align: center;\"><span style=\"font-size: 18pt;\"><strong>\u00abSemillero de talentos el\u00e9ctricos\u00bb: Edelaysen y ONG Educando en Red lanzan programa para impulsar la educaci\u00f3n t\u00e9cnica<\/strong><\/span><\/p>\n<div id=\"gtx-trans\" style=\"position: absolute; left: -50px; top: 4.31534px;\">\n<div class=\"gtx-trans-icon\"><\/div>\n<\/div>\n<\/div><\/section><\/div><div class=\"flex_column av_one_full  flex_column_div av-zero-column-padding first  avia-builder-el-4  el_after_av_one_full  el_before_av_hr  column-top-margin\" style='border-radius:0px; '><section class=\"av_textblock_section \"  itemscope=\"itemscope\" itemtype=\"https:\/\/schema.org\/BlogPosting\" itemprop=\"blogPost\" ><div class='avia_textblock  '   itemprop=\"text\" ><p style=\"text-align: justify;\"><em>Este a\u00f1o el programa beneficiar\u00e1 a 15 establecimientos t\u00e9cnico-profesionales de seis regiones del centro y sur de Chile. <\/em><\/p>\n<p style=\"text-align: justify;\">Edelaysen, en colaboraci\u00f3n con ONG Educando en Red, anuncian con entusiasmo el lanzamiento del Programa \u00abSemillero de Talentos El\u00e9ctricos\u00bb. La iniciativa busca fortalecer las competencias t\u00e9cnicas y transversales de los j\u00f3venes que cursan la especialidad de Electricidad en 15 establecimientos de Educaci\u00f3n Media T\u00e9cnico Profesional (EMTP) en las regiones de \u00d1uble, Biob\u00edo, Araucan\u00eda, Los R\u00edos, Los Lagos y Ays\u00e9n.<\/p>\n<p style=\"text-align: justify;\">Es as\u00ed como los j\u00f3venes recibir\u00e1n capacitaci\u00f3n en \u00e1reas cruciales de su formaci\u00f3n, convirti\u00e9ndose en un aporte real y concreto para su crecimiento personal, profesional y social, a fin de potenciar las competencias b\u00e1sicas, gen\u00e9ricas y espec\u00edficas de los estudiantes, brind\u00e1ndoles herramientas esenciales para su futuro profesional.<\/p>\n<p style=\"text-align: justify;\">La colaboraci\u00f3n entre Edelaysen y Educando en Red para desarrollar el programa \u00abSemillero de Talentos El\u00e9ctricos\u00bb se fundamenta en la necesidad estrat\u00e9gica de fortalecer el capital humano en el sector el\u00e9ctrico y la urgencia de promover la inclusi\u00f3n y el desarrollo social en las regiones.<\/p>\n<p style=\"text-align: justify;\">El programa representa una sinergia clave entre la experiencia t\u00e9cnica de la el\u00e9ctrica y el compromiso social de Educando en Red, que no solo busca formar t\u00e9cnicos competentes, sino tambi\u00e9n fomentar valores y habilidades sociolaborales como la disciplina, el trabajo en equipo, la seguridad y el autocuidado, para as\u00ed generar un impacto positivo y sostenible en el sector el\u00e9ctrico.<\/p>\n<p style=\"text-align: justify;\">\u201cEste programa representa el compromiso continuo con el desarrollo de talento joven y la preparaci\u00f3n de las nuevas generaciones para las demandas de la industria el\u00e9ctrica chilena, y se perfila como un modelo de inversi\u00f3n social estrat\u00e9gica que beneficia tanto a la empresa como a la comunidad, impulsando el desarrollo de talentos locales y reduciendo la brecha de oportunidades\u201d, indic\u00f3 Yasna Vera, ejecutiva de relacionamiento de Edelaysen.<\/p>\n<p style=\"text-align: justify;\">Conjuntamente, ambas entidades han capacitado a m\u00e1s de 270 estudiantes, durante 2024 en 10 establecimientos; para el 2025 el alcance se ampl\u00eda significativamente, llegando a 15 liceos el\u00e9ctricos de las regiones de \u00d1uble, Biob\u00edo, Araucan\u00eda, Los R\u00edos, Los Lagos y Ays\u00e9n, destacando para la zona el Liceo Luisa Rabanal Palma de Chile Chico.<\/p>\n<\/div><\/section><\/div><div  style='height:50px' class='hr hr-invisible   avia-builder-el-6  el_after_av_one_full  el_before_av_social_share '><span class='hr-inner ' ><span class='hr-inner-style'><\/span><\/span><\/div><\/p>\n<div  class='av-social-sharing-box  avia-builder-el-7  el_after_av_hr  el_before_av_hr  '><div class='av-share-box'><h5 class='av-share-link-description av-no-toc '>Compartir esta noticia<\/h5><ul class='av-share-box-list noLightbox'><li class='av-share-link av-social-link-facebook' ><a target=\"_blank\" aria-label=\"Compartir en Facebook\" href='https:\/\/www.facebook.com\/sharer.php?u=https:\/\/radiorevelacionfm.cl\/?p=56218&#038;t=%C2%ABSemillero%20de%20talentos%20el%C3%A9ctricos%C2%BB%3A%20Edelaysen%20y%20ONG%20Educando%20en%20Red%20lanzan%20programa%20para%20impulsar%20la%20educaci%C3%B3n%20t%C3%A9cnica' aria-hidden='false' data-av_icon='\ue8f3' data-av_iconfont='entypo-fontello' title='' data-avia-related-tooltip='Compartir en Facebook' rel=\"noopener\"><span class='avia_hidden_link_text'>Compartir en Facebook<\/span><\/a><\/li><li class='av-share-link av-social-link-twitter' ><a target=\"_blank\" aria-label=\"Compartir en Twitter\" href='https:\/\/twitter.com\/share?text=%C2%ABSemillero%20de%20talentos%20el%C3%A9ctricos%C2%BB%3A%20Edelaysen%20y%20ONG%20Educando%20en%20Red%20lanzan%20programa%20para%20impulsar%20la%20educaci%C3%B3n%20t%C3%A9cnica&#038;url=https:\/\/radiorevelacionfm.cl\/?p=56218' aria-hidden='false' data-av_icon='\ue8f1' data-av_iconfont='entypo-fontello' title='' data-avia-related-tooltip='Compartir en Twitter' rel=\"noopener\"><span class='avia_hidden_link_text'>Compartir en Twitter<\/span><\/a><\/li><li class='av-share-link av-social-link-whatsapp' ><a target=\"_blank\" aria-label=\"Compartir en Whatsapp\" href='https:\/\/api.whatsapp.com\/send?text=https:\/\/radiorevelacionfm.cl\/?p=56218' aria-hidden='false' data-av_icon='\uf232' data-av_iconfont='entypo-fontello' title='' data-avia-related-tooltip='Compartir en Whatsapp' rel=\"noopener\"><span class='avia_hidden_link_text'>Compartir en Whatsapp<\/span><\/a><\/li><li class='av-share-link av-social-link-linkedin' ><a target=\"_blank\" aria-label=\"Compartir en LinkedIn\" href='https:\/\/linkedin.com\/shareArticle?mini=true&#038;title=%C2%ABSemillero%20de%20talentos%20el%C3%A9ctricos%C2%BB%3A%20Edelaysen%20y%20ONG%20Educando%20en%20Red%20lanzan%20programa%20para%20impulsar%20la%20educaci%C3%B3n%20t%C3%A9cnica&#038;url=https:\/\/radiorevelacionfm.cl\/?p=56218' aria-hidden='false' data-av_icon='\ue8fc' data-av_iconfont='entypo-fontello' title='' data-avia-related-tooltip='Compartir en LinkedIn' rel=\"noopener\"><span class='avia_hidden_link_text'>Compartir en LinkedIn<\/span><\/a><\/li><li class='av-share-link av-social-link-mail' ><a  aria-label=\"Compartir por correo\" href='mailto:?subject=%C2%ABSemillero%20de%20talentos%20el%C3%A9ctricos%C2%BB%3A%20Edelaysen%20y%20ONG%20Educando%20en%20Red%20lanzan%20programa%20para%20impulsar%20la%20educaci%C3%B3n%20t%C3%A9cnica&#038;body=https:\/\/radiorevelacionfm.cl\/?p=56218' aria-hidden='false' data-av_icon='\ue805' data-av_iconfont='entypo-fontello' title='' data-avia-related-tooltip='Compartir por correo'><span class='avia_hidden_link_text'>Compartir por correo<\/span><\/a><\/li><\/ul><\/div><\/div>\n<div  style='height:50px' class='hr hr-invisible   avia-builder-el-8  el_after_av_social_share  el_before_av_comments_list '><span class='hr-inner ' ><span class='hr-inner-style'><\/span><\/span><\/div>\n<div  class='av-buildercomment  av-blog-meta-html-info-disabled av-blog-meta-tag-disabled  '><\/div>\n","protected":false},"excerpt":{"rendered":"","protected":false},"author":1,"featured_media":56219,"comment_status":"closed","ping_status":"closed","sticky":false,"template":"","format":"standard","meta":{"footnotes":""},"categories":[38],"tags":[],"class_list":["post-56218","post","type-post","status-publish","format-standard","has-post-thumbnail","hentry","category-regional"],"jetpack_featured_media_url":"https:\/\/radiorevelacionfm.cl\/wp-content\/uploads\/2025\/07\/liceos-electricos-1-1_optimized-1.jpeg","_links":{"self":[{"href":"https:\/\/radiorevelacionfm.cl\/index.php?rest_route=\/wp\/v2\/posts\/56218","targetHints":{"allow":["GET"]}}],"collection":[{"href":"https:\/\/radiorevelacionfm.cl\/index.php?rest_route=\/wp\/v2\/posts"}],"about":[{"href":"https:\/\/radiorevelacionfm.cl\/index.php?rest_route=\/wp\/v2\/types\/post"}],"author":[{"embeddable":true,"href":"https:\/\/radiorevelacionfm.cl\/index.php?rest_route=\/wp\/v2\/users\/1"}],"replies":[{"embeddable":true,"href":"https:\/\/radiorevelacionfm.cl\/index.php?rest_route=%2Fwp%2Fv2%2Fcomments&post=56218"}],"version-history":[{"count":2,"href":"https:\/\/radiorevelacionfm.cl\/index.php?rest_route=\/wp\/v2\/posts\/56218\/revisions"}],"predecessor-version":[{"id":56241,"href":"https:\/\/radiorevelacionfm.cl\/index.php?rest_route=\/wp\/v2\/posts\/56218\/revisions\/56241"}],"wp:featuredmedia":[{"embeddable":true,"href":"https:\/\/radiorevelacionfm.cl\/index.php?rest_route=\/wp\/v2\/media\/56219"}],"wp:attachment":[{"href":"https:\/\/radiorevelacionfm.cl\/index.php?rest_route=%2Fwp%2Fv2%2Fmedia&parent=56218"}],"wp:term":[{"taxonomy":"category","embeddable":true,"href":"https:\/\/radiorevelacionfm.cl\/index.php?rest_route=%2Fwp%2Fv2%2Fcategories&post=56218"},{"taxonomy":"post_tag","embeddable":true,"href":"https:\/\/radiorevelacionfm.cl\/index.php?rest_route=%2Fwp%2Fv2%2Ftags&post=56218"}],"curies":[{"name":"wp","href":"https:\/\/api.w.org\/{rel}","templated":true}]}}