{"id":56213,"date":"2025-07-07T14:20:27","date_gmt":"2025-07-07T17:20:27","guid":{"rendered":"https:\/\/radiorevelacionfm.cl\/?p=56213"},"modified":"2025-07-07T14:20:27","modified_gmt":"2025-07-07T17:20:27","slug":"se-inauguro-oficialmente-la-sala-cuna-y-jardin-infantil-nueva-esperanza-en-coyhaique","status":"publish","type":"post","link":"https:\/\/radiorevelacionfm.cl\/?p=56213","title":{"rendered":"Se inaugur\u00f3 oficialmente la Sala Cuna y Jard\u00edn Infantil \u201cNueva Esperanza\u201d en Coyhaique"},"content":{"rendered":"<div class=\"flex_column av_one_full  flex_column_div av-zero-column-padding first  avia-builder-el-0  el_before_av_one_full  avia-builder-el-first  \" style='border-radius:0px; '><div  class='avia-image-container  av-styling-    avia-builder-el-1  avia-builder-el-no-sibling  avia-align-center '  itemprop=\"image\" itemscope=\"itemscope\" itemtype=\"https:\/\/schema.org\/ImageObject\"  ><div class='avia-image-container-inner'><div class='avia-image-overlay-wrap'><img decoding=\"async\" class='wp-image-56214 avia-img-lazy-loading-not-56214 avia_image' src=\"https:\/\/radiorevelacionfm.cl\/wp-content\/uploads\/2025\/07\/mg_1533-1_optimized.jpg\" alt='' title='_mg_1533-(1)_optimized' height=\"600\" width=\"900\"  itemprop=\"thumbnailUrl\" srcset=\"https:\/\/radiorevelacionfm.cl\/wp-content\/uploads\/2025\/07\/mg_1533-1_optimized.jpg 900w, https:\/\/radiorevelacionfm.cl\/wp-content\/uploads\/2025\/07\/mg_1533-1_optimized-300x200.jpg 300w, https:\/\/radiorevelacionfm.cl\/wp-content\/uploads\/2025\/07\/mg_1533-1_optimized-768x512.jpg 768w, https:\/\/radiorevelacionfm.cl\/wp-content\/uploads\/2025\/07\/mg_1533-1_optimized-705x470.jpg 705w, https:\/\/radiorevelacionfm.cl\/wp-content\/uploads\/2025\/07\/mg_1533-1_optimized-450x300.jpg 450w, https:\/\/radiorevelacionfm.cl\/wp-content\/uploads\/2025\/07\/mg_1533-1_optimized-600x400.jpg 600w\" sizes=\"(max-width: 900px) 100vw, 900px\" \/><\/div><\/div><\/div><\/div><div class=\"flex_column av_one_full  flex_column_div av-zero-column-padding first  avia-builder-el-2  el_after_av_one_full  el_before_av_one_full  column-top-margin\" style='border-radius:0px; '><section class=\"av_textblock_section \"  itemscope=\"itemscope\" itemtype=\"https:\/\/schema.org\/BlogPosting\" itemprop=\"blogPost\" ><div class='avia_textblock  '   itemprop=\"text\" ><p style=\"text-align: center;\"><strong><span style=\"font-size: 18pt;\">Se inaugur\u00f3 oficialmente la Sala Cuna y Jard\u00edn Infantil \u201cNueva Esperanza\u201d en Coyhaique<\/span><\/strong><\/p>\n<div id=\"gtx-trans\" style=\"position: absolute; left: -50px; top: 4.31534px;\">\n<div class=\"gtx-trans-icon\"><\/div>\n<\/div>\n<\/div><\/section><\/div><div class=\"flex_column av_one_full  flex_column_div av-zero-column-padding first  avia-builder-el-4  el_after_av_one_full  el_before_av_hr  column-top-margin\" style='border-radius:0px; '><section class=\"av_textblock_section \"  itemscope=\"itemscope\" itemtype=\"https:\/\/schema.org\/BlogPosting\" itemprop=\"blogPost\" ><div class='avia_textblock  '   itemprop=\"text\" ><div>\n<p class=\"v1MsoNormal\" style=\"text-align: justify;\" align=\"center\"><i>Con la presencia de la subsecretaria de Educaci\u00f3n Parvularia, Claudia Lagos Escobar, autoridades locales, equipos educativos, familias y representantes de Fundaci\u00f3n Integra, se realiz\u00f3 la inauguraci\u00f3n oficial de la nueva infraestructura de la Sala Cuna y Jard\u00edn Infantil \u00abNueva Esperanza\u00bb, ubicada en el sector alto de la ciudad de Coyhaique.<\/i><\/p>\n<p class=\"v1MsoNormal\" style=\"text-align: justify;\">Este 4 de julio ser\u00e1 recordado por toda la comunidad educativa de la sala cuna y jard\u00edn Nueva Esperanza, de la ciudad de Coyhaique, ya que se hizo la ceremonia de la entrega de la placa de Reconocimiento Oficial (RO) que otorga el Ministerio de Educaci\u00f3n, y que acredita que el establecimiento cumple con los m\u00e1s altos est\u00e1ndares en materias pedag\u00f3gicas, de infraestructura y normativa legal, garantizando una educaci\u00f3n parvularia de calidad, inclusiva y segura.<\/p>\n<p class=\"v1MsoNormal\" style=\"text-align: justify;\">\u00abLa educaci\u00f3n parvularia es clave en el desarrollo de ni\u00f1as y ni\u00f1os. Espacios como este, que dignifican el aprendizaje, que conectan con el territorio y promueven la participaci\u00f3n activa de las familias, son una muestra concreta del compromiso del Estado con la primera infancia\u00bb, destac\u00f3 la subsecretaria Claudia Lagos durante la ceremonia.<\/p>\n<p class=\"v1MsoNormal\" style=\"text-align: justify;\">El establecimiento, administrado por Fundaci\u00f3n Integra, beneficia actualmente a 96 ni\u00f1os y ni\u00f1as en los niveles de sala cuna, nivel medio menor y medio mayor, contando con espacios especialmente dise\u00f1ados para promover el bienestar, la exploraci\u00f3n y el aprendizaje desde la primera infancia. Esta nueva infraestructura signific\u00f3 una inversi\u00f3n superior a los 2.154 millones de pesos, permitiendo adem\u00e1s la incorporaci\u00f3n de nuevas funcionarias y el aumento en la cobertura regional.<\/p>\n<p class=\"v1MsoNormal\" style=\"text-align: justify;\">La directora regional de Fundaci\u00f3n Integra en Ays\u00e9n, Leticia Araya Norambuena, valor\u00f3 este hito se\u00f1alando que \u00abha sido un d\u00eda de muchas emociones porque hay una historia de equipos educativos y familias que han luchado por tener el mejor espacio (jard\u00edn infantil) para sus hijas e hijos y que se cumple gracias a la pol\u00edtica p\u00fablica, la que en definitiva es un reflejo de los sue\u00f1os cumplidos\u00bb.<\/p>\n<p class=\"v1MsoNormal\" style=\"text-align: justify;\"><strong><u>Una historia nacida desde la comunidad<\/u><\/strong><\/p>\n<p class=\"v1MsoNormal\" style=\"text-align: justify;\">El jard\u00edn infantil \u00abNueva Esperanza\u00bb tiene una trayectoria que se remonta a 1993, cuando comenz\u00f3 como un centro abierto en una sede vecinal del sector Los Ciervos, impulsado por madres y vecinas que buscaban alternativas para el cuidado y educaci\u00f3n de sus hijos. Desde entonces, ha transitado por distintas etapas de crecimiento, incluyendo ampliaciones, programas especiales como la extensi\u00f3n horaria y el ingreso al sistema nacional de jardines infantiles con Reconocimiento Oficial.<\/p>\n<p class=\"v1MsoNormal\" style=\"text-align: justify;\">Hoy, con esta nueva infraestructura, el establecimiento reafirma su compromiso con una educaci\u00f3n parvularia p\u00fablica y gratuita, centrada en el bienestar y protagonismo de ni\u00f1as y ni\u00f1os, con una propuesta pedag\u00f3gica contextualizada y con fuerte vinculaci\u00f3n con las familias y el entorno.<\/p>\n<p class=\"v1MsoNormal\" style=\"text-align: justify;\">La directora del establecimiento, Veronica Ossandon Mella refuerza que \u00abesto es un sue\u00f1o cumplido no tan solo nuestro, sino que de toda una comunidad\u00bb. A la vez refuerza que \u00abtenemos un gran desaf\u00edo, que es el de cautivar a las familias y que m\u00e1s ni\u00f1os y ni\u00f1as vengan a este jard\u00edn infantil, pero es importante que sepan que tenemos un gran equipo educativo, que entrega educaci\u00f3n de calidad y con mucho afecto\u00bb.<\/p>\n<p class=\"v1MsoNormal\" style=\"text-align: justify;\">Durante la jornada, tambi\u00e9n se destac\u00f3 la labor del equipo educativo, la participaci\u00f3n activa de apoderadas y apoderados, y la colaboraci\u00f3n con redes territoriales, elementos clave que han permitido consolidar un proyecto educativo con identidad local y pertinencia cultural.<\/p>\n<p class=\"v1MsoNormal\" style=\"text-align: justify;\">Benjam\u00edn Bahamonde, apoderado del establecimiento y uno de los asistentes a esta ceremonia envi\u00f3 un mensaje a las familias en base a su experiencia recalcando que \u00abhay que entender que el desarrollo de los ni\u00f1os y ni\u00f1as se basa en el principio de autonom\u00eda progresiva lo que quiere decir que como padres debemos entregar la confianza en la educaci\u00f3n inicial y que es fundamental para el desarrollo pleno de ellos\u00bb.<\/p>\n<p class=\"v1MsoNormal\" style=\"text-align: justify;\">En dicha ceremonia, adem\u00e1s la subsecretar\u00eda de educaci\u00f3n parvularia tambi\u00e9n hizo entrega de las placas de Reconocimiento Oficial a las directoras del jard\u00edn infantil \u00abLas Murtitas\u00bb de Bah\u00eda Murta y de la sala cuna y jard\u00edn infantil \u00abMackay\u00bb de Coyhaique, tambi\u00e9n pertenecientes a Fundaci\u00f3n Integra en la regi\u00f3n de Ays\u00e9n.<\/p>\n<p class=\"v1MsoNormal\" style=\"text-align: justify;\"><span lang=\"ES-TRAD\">Fundaci\u00f3n Integra, con m\u00e1s de 34 a\u00f1os de trayectoria y m\u00e1s de 1.200 jardines infantiles gratuitos a lo largo del pa\u00eds, contin\u00faa trabajando para brindar espacios educativos inclusivos, diversos y de calidad que promuevan el desarrollo integral y bienestar de la primera infancia.<\/span><\/p>\n<\/div>\n<div style=\"text-align: justify;\"><\/div>\n<\/div><\/section><\/div><div  style='height:50px' class='hr hr-invisible   avia-builder-el-6  el_after_av_one_full  el_before_av_social_share '><span class='hr-inner ' ><span class='hr-inner-style'><\/span><\/span><\/div><\/p>\n<div  class='av-social-sharing-box  avia-builder-el-7  el_after_av_hr  el_before_av_hr  '><div class='av-share-box'><h5 class='av-share-link-description av-no-toc '>Compartir esta noticia<\/h5><ul class='av-share-box-list noLightbox'><li class='av-share-link av-social-link-facebook' ><a target=\"_blank\" aria-label=\"Compartir en Facebook\" href='https:\/\/www.facebook.com\/sharer.php?u=https:\/\/radiorevelacionfm.cl\/?p=56213&#038;t=Se%20inaugur%C3%B3%20oficialmente%20la%20Sala%20Cuna%20y%20Jard%C3%ADn%20Infantil%20%E2%80%9CNueva%20Esperanza%E2%80%9D%20en%20Coyhaique' aria-hidden='false' data-av_icon='\ue8f3' data-av_iconfont='entypo-fontello' title='' data-avia-related-tooltip='Compartir en Facebook' rel=\"noopener\"><span class='avia_hidden_link_text'>Compartir en Facebook<\/span><\/a><\/li><li class='av-share-link av-social-link-twitter' ><a target=\"_blank\" aria-label=\"Compartir en Twitter\" href='https:\/\/twitter.com\/share?text=Se%20inaugur%C3%B3%20oficialmente%20la%20Sala%20Cuna%20y%20Jard%C3%ADn%20Infantil%20%E2%80%9CNueva%20Esperanza%E2%80%9D%20en%20Coyhaique&#038;url=https:\/\/radiorevelacionfm.cl\/?p=56213' aria-hidden='false' data-av_icon='\ue8f1' data-av_iconfont='entypo-fontello' title='' data-avia-related-tooltip='Compartir en Twitter' rel=\"noopener\"><span class='avia_hidden_link_text'>Compartir en Twitter<\/span><\/a><\/li><li class='av-share-link av-social-link-whatsapp' ><a target=\"_blank\" aria-label=\"Compartir en Whatsapp\" href='https:\/\/api.whatsapp.com\/send?text=https:\/\/radiorevelacionfm.cl\/?p=56213' aria-hidden='false' data-av_icon='\uf232' data-av_iconfont='entypo-fontello' title='' data-avia-related-tooltip='Compartir en Whatsapp' rel=\"noopener\"><span class='avia_hidden_link_text'>Compartir en Whatsapp<\/span><\/a><\/li><li class='av-share-link av-social-link-linkedin' ><a target=\"_blank\" aria-label=\"Compartir en LinkedIn\" href='https:\/\/linkedin.com\/shareArticle?mini=true&#038;title=Se%20inaugur%C3%B3%20oficialmente%20la%20Sala%20Cuna%20y%20Jard%C3%ADn%20Infantil%20%E2%80%9CNueva%20Esperanza%E2%80%9D%20en%20Coyhaique&#038;url=https:\/\/radiorevelacionfm.cl\/?p=56213' aria-hidden='false' data-av_icon='\ue8fc' data-av_iconfont='entypo-fontello' title='' data-avia-related-tooltip='Compartir en LinkedIn' rel=\"noopener\"><span class='avia_hidden_link_text'>Compartir en LinkedIn<\/span><\/a><\/li><li class='av-share-link av-social-link-mail' ><a  aria-label=\"Compartir por correo\" href='mailto:?subject=Se%20inaugur%C3%B3%20oficialmente%20la%20Sala%20Cuna%20y%20Jard%C3%ADn%20Infantil%20%E2%80%9CNueva%20Esperanza%E2%80%9D%20en%20Coyhaique&#038;body=https:\/\/radiorevelacionfm.cl\/?p=56213' aria-hidden='false' data-av_icon='\ue805' data-av_iconfont='entypo-fontello' title='' data-avia-related-tooltip='Compartir por correo'><span class='avia_hidden_link_text'>Compartir por correo<\/span><\/a><\/li><\/ul><\/div><\/div>\n<div  style='height:50px' class='hr hr-invisible   avia-builder-el-8  el_after_av_social_share  el_before_av_comments_list '><span class='hr-inner ' ><span class='hr-inner-style'><\/span><\/span><\/div>\n<div  class='av-buildercomment  av-blog-meta-html-info-disabled av-blog-meta-tag-disabled  '><\/div>\n","protected":false},"excerpt":{"rendered":"","protected":false},"author":1,"featured_media":56214,"comment_status":"closed","ping_status":"closed","sticky":false,"template":"","format":"standard","meta":{"footnotes":""},"categories":[49],"tags":[],"class_list":["post-56213","post","type-post","status-publish","format-standard","has-post-thumbnail","hentry","category-educacion"],"jetpack_featured_media_url":"https:\/\/radiorevelacionfm.cl\/wp-content\/uploads\/2025\/07\/mg_1533-1_optimized.jpg","_links":{"self":[{"href":"https:\/\/radiorevelacionfm.cl\/index.php?rest_route=\/wp\/v2\/posts\/56213","targetHints":{"allow":["GET"]}}],"collection":[{"href":"https:\/\/radiorevelacionfm.cl\/index.php?rest_route=\/wp\/v2\/posts"}],"about":[{"href":"https:\/\/radiorevelacionfm.cl\/index.php?rest_route=\/wp\/v2\/types\/post"}],"author":[{"embeddable":true,"href":"https:\/\/radiorevelacionfm.cl\/index.php?rest_route=\/wp\/v2\/users\/1"}],"replies":[{"embeddable":true,"href":"https:\/\/radiorevelacionfm.cl\/index.php?rest_route=%2Fwp%2Fv2%2Fcomments&post=56213"}],"version-history":[{"count":2,"href":"https:\/\/radiorevelacionfm.cl\/index.php?rest_route=\/wp\/v2\/posts\/56213\/revisions"}],"predecessor-version":[{"id":56217,"href":"https:\/\/radiorevelacionfm.cl\/index.php?rest_route=\/wp\/v2\/posts\/56213\/revisions\/56217"}],"wp:featuredmedia":[{"embeddable":true,"href":"https:\/\/radiorevelacionfm.cl\/index.php?rest_route=\/wp\/v2\/media\/56214"}],"wp:attachment":[{"href":"https:\/\/radiorevelacionfm.cl\/index.php?rest_route=%2Fwp%2Fv2%2Fmedia&parent=56213"}],"wp:term":[{"taxonomy":"category","embeddable":true,"href":"https:\/\/radiorevelacionfm.cl\/index.php?rest_route=%2Fwp%2Fv2%2Fcategories&post=56213"},{"taxonomy":"post_tag","embeddable":true,"href":"https:\/\/radiorevelacionfm.cl\/index.php?rest_route=%2Fwp%2Fv2%2Ftags&post=56213"}],"curies":[{"name":"wp","href":"https:\/\/api.w.org\/{rel}","templated":true}]}}