{"id":5621,"date":"2021-06-25T10:51:56","date_gmt":"2021-06-25T13:51:56","guid":{"rendered":"https:\/\/radiorevelacionfm.cl\/?p=5621"},"modified":"2021-06-25T10:51:56","modified_gmt":"2021-06-25T13:51:56","slug":"pdi-recupera-caja-fuerte-sustraida-desde-seremi-de-medio-ambiente-en-el-mes-de-marzo","status":"publish","type":"post","link":"https:\/\/radiorevelacionfm.cl\/?p=5621","title":{"rendered":"PDI recupera caja fuerte sustra\u00edda desde Seremi de Medio Ambiente en el mes de marzo"},"content":{"rendered":"<div class=\"flex_column av_one_full  flex_column_div av-zero-column-padding first  avia-builder-el-0  el_before_av_one_full  avia-builder-el-first  \" style='border-radius:0px; '><div  class='avia-image-container  av-styling-    avia-builder-el-1  avia-builder-el-no-sibling  avia-align-center '  itemprop=\"image\" itemscope=\"itemscope\" itemtype=\"https:\/\/schema.org\/ImageObject\"  ><div class='avia-image-container-inner'><div class='avia-image-overlay-wrap'><img decoding=\"async\" class='wp-image-5622 avia-img-lazy-loading-not-5622 avia_image' src=\"https:\/\/radiorevelacionfm.cl\/wp-content\/uploads\/2021\/06\/Evidencia-caja-fuerte-1-1.jpg\" alt='' title='Evidencia caja fuerte (1) (1)' height=\"600\" width=\"900\"  itemprop=\"thumbnailUrl\" srcset=\"https:\/\/radiorevelacionfm.cl\/wp-content\/uploads\/2021\/06\/Evidencia-caja-fuerte-1-1.jpg 900w, https:\/\/radiorevelacionfm.cl\/wp-content\/uploads\/2021\/06\/Evidencia-caja-fuerte-1-1-300x200.jpg 300w, https:\/\/radiorevelacionfm.cl\/wp-content\/uploads\/2021\/06\/Evidencia-caja-fuerte-1-1-768x512.jpg 768w, https:\/\/radiorevelacionfm.cl\/wp-content\/uploads\/2021\/06\/Evidencia-caja-fuerte-1-1-705x470.jpg 705w, https:\/\/radiorevelacionfm.cl\/wp-content\/uploads\/2021\/06\/Evidencia-caja-fuerte-1-1-600x400.jpg 600w\" sizes=\"(max-width: 900px) 100vw, 900px\" \/><\/div><\/div><\/div><\/div><div class=\"flex_column av_one_full  flex_column_div av-zero-column-padding first  avia-builder-el-2  el_after_av_one_full  el_before_av_one_full  column-top-margin\" style='border-radius:0px; '><section class=\"av_textblock_section \"  itemscope=\"itemscope\" itemtype=\"https:\/\/schema.org\/BlogPosting\" itemprop=\"blogPost\" ><div class='avia_textblock  '   itemprop=\"text\" ><p style=\"text-align: center;\"><span style=\"font-size: 18pt;\"><strong>PDI recupera caja fuerte sustra\u00edda desde Seremi de Medio Ambiente en el mes de marzo<\/strong><\/span><\/p>\n<div id=\"gtx-trans\" style=\"position: absolute; left: -50px; top: 4.31534px;\">\n<div class=\"gtx-trans-icon\"><\/div>\n<\/div>\n<\/div><\/section><\/div><div class=\"flex_column av_one_full  flex_column_div av-zero-column-padding first  avia-builder-el-4  el_after_av_one_full  el_before_av_hr  column-top-margin\" style='border-radius:0px; '><section class=\"av_textblock_section \"  itemscope=\"itemscope\" itemtype=\"https:\/\/schema.org\/BlogPosting\" itemprop=\"blogPost\" ><div class='avia_textblock  '   itemprop=\"text\" ><p style=\"text-align: justify;\">Durante la jornada del mi\u00e9rcoles 23 de junio, detectives de la Brigada Investigadora de Robos Coyhaique, en un trabajo investigativo coordinado con la Fiscal\u00eda Local, recuperaron una caja fuerte que hab\u00eda sido sustra\u00edda en un delito de robo en lugar no habitado, hecho ocurrido en el mes de marzo de este a\u00f1o en las oficinas de la Seremi de Medio Ambiente de Ays\u00e9n, ubicadas en la capital regional.<\/p>\n<p style=\"text-align: justify;\">Al respecto, el jefe de la Brigada Investigadora de Robos (BIRO) Coyhaique, subprefecto V\u00edctor Toledo, se\u00f1al\u00f3 que \u201cen la oportunidad, sujetos desconocidos ingresaron a estas dependencias, desde donde sustrajeron una caja fuerte, la cual conten\u00eda variada documentaci\u00f3n, entre otras especies propias de esa entidad gubernamental\u201d.<\/p>\n<p style=\"text-align: justify;\">En dicha ocasi\u00f3n, se curs\u00f3 la respectiva denuncia y se realizaron las primeras diligencias junto al Laboratorio de Criminal\u00edstica Regional Coyhaique, trabajando en el sitio del suceso y efectuando empadronamientos. Posteriormente, con la orden de investigar emanada de la Fiscal\u00eda Local de Coyhaique, \u201chemos continuado la investigaci\u00f3n y las diligencias\u201d, puntualiz\u00f3 el subprefecto Toledo.<\/p>\n<p style=\"text-align: justify;\">\u201cComo resultado de un trabajo de an\u00e1lisis criminal, inteligencia policial y de informaci\u00f3n residual que hemos obtenido, se efectu\u00f3 un rastreo a las orillas del R\u00edo Claro, aproximadamente en el Km 8, donde el equipo especializado de esta brigada ubic\u00f3 esta caja fuerte, la cual fue arrojada a ese lugar, observ\u00e1ndose muestras de fuerza en sus diferentes extremos, lo que queda claramente establecido en los peritajes que hemos realizado\u201d, indic\u00f3 el jefe de la unidad especializada, agregando que se ubicaron diferentes tipos de documentos bancarios sustra\u00eddos en esa oportunidad.<\/p>\n<p style=\"text-align: justify;\">En el lugar, se efectu\u00f3 un trabajo con el LACRIM Coyhaique, con las especialidades de huellograf\u00eda, fotograf\u00eda y planimetr\u00eda, \u201clas especies y documentaci\u00f3n levantada del lugar fueron reconocidas por funcionarios de la entidad gubernamental como las especies sustra\u00eddas el pasado 22 de marzo\u201d, a\u00f1adi\u00f3 el subprefecto Toledo.<\/p>\n<p style=\"text-align: justify;\">Frente al hallazgo de la caja fuerte, junto a la Fiscal\u00eda Local de Coyhaique, \u201ccontinuamos con las diligencias para poder establecer la identidad de las personas que participaron en este delito\u201d, enfatiz\u00f3 el jefe de la unidad.<\/p>\n<p style=\"text-align: justify;\">Finalmente, desde la PDI realizaron un llamado a \u201cdenunciar este tipo de delitos que atentan contra la propiedad, y cualquier tipo de delito, porque nos va a permitir focalizar nuestro trabajo, identificar grupos y patrones delictuales, por eso la importancia de denunciar e informar a las polic\u00edas\u201d, cerr\u00f3 el subprefecto V\u00edctor Toledo.<\/p>\n<\/div><\/section><\/div><div  style='height:50px' class='hr hr-invisible   avia-builder-el-6  el_after_av_one_full  el_before_av_social_share '><span class='hr-inner ' ><span class='hr-inner-style'><\/span><\/span><\/div><\/p>\n<div  class='av-social-sharing-box  avia-builder-el-7  el_after_av_hr  el_before_av_hr  '><div class='av-share-box'><h5 class='av-share-link-description av-no-toc '>Compartir esta noticia<\/h5><ul class='av-share-box-list noLightbox'><li class='av-share-link av-social-link-facebook' ><a target=\"_blank\" aria-label=\"Compartir en Facebook\" href='https:\/\/www.facebook.com\/sharer.php?u=https:\/\/radiorevelacionfm.cl\/?p=5621&#038;t=PDI%20recupera%20caja%20fuerte%20sustra%C3%ADda%20desde%20Seremi%20de%20Medio%20Ambiente%20en%20el%20mes%20de%20marzo' aria-hidden='false' data-av_icon='\ue8f3' data-av_iconfont='entypo-fontello' title='' data-avia-related-tooltip='Compartir en Facebook' rel=\"noopener\"><span class='avia_hidden_link_text'>Compartir en Facebook<\/span><\/a><\/li><li class='av-share-link av-social-link-twitter' ><a target=\"_blank\" aria-label=\"Compartir en Twitter\" href='https:\/\/twitter.com\/share?text=PDI%20recupera%20caja%20fuerte%20sustra%C3%ADda%20desde%20Seremi%20de%20Medio%20Ambiente%20en%20el%20mes%20de%20marzo&#038;url=https:\/\/radiorevelacionfm.cl\/?p=5621' aria-hidden='false' data-av_icon='\ue8f1' data-av_iconfont='entypo-fontello' title='' data-avia-related-tooltip='Compartir en Twitter' rel=\"noopener\"><span class='avia_hidden_link_text'>Compartir en Twitter<\/span><\/a><\/li><li class='av-share-link av-social-link-whatsapp' ><a target=\"_blank\" aria-label=\"Compartir en Whatsapp\" href='https:\/\/api.whatsapp.com\/send?text=https:\/\/radiorevelacionfm.cl\/?p=5621' aria-hidden='false' data-av_icon='\uf232' data-av_iconfont='entypo-fontello' title='' data-avia-related-tooltip='Compartir en Whatsapp' rel=\"noopener\"><span class='avia_hidden_link_text'>Compartir en Whatsapp<\/span><\/a><\/li><li class='av-share-link av-social-link-linkedin' ><a target=\"_blank\" aria-label=\"Compartir en LinkedIn\" href='https:\/\/linkedin.com\/shareArticle?mini=true&#038;title=PDI%20recupera%20caja%20fuerte%20sustra%C3%ADda%20desde%20Seremi%20de%20Medio%20Ambiente%20en%20el%20mes%20de%20marzo&#038;url=https:\/\/radiorevelacionfm.cl\/?p=5621' aria-hidden='false' data-av_icon='\ue8fc' data-av_iconfont='entypo-fontello' title='' data-avia-related-tooltip='Compartir en LinkedIn' rel=\"noopener\"><span class='avia_hidden_link_text'>Compartir en LinkedIn<\/span><\/a><\/li><li class='av-share-link av-social-link-mail' ><a  aria-label=\"Compartir por correo\" href='mailto:?subject=PDI%20recupera%20caja%20fuerte%20sustra%C3%ADda%20desde%20Seremi%20de%20Medio%20Ambiente%20en%20el%20mes%20de%20marzo&#038;body=https:\/\/radiorevelacionfm.cl\/?p=5621' aria-hidden='false' data-av_icon='\ue805' data-av_iconfont='entypo-fontello' title='' data-avia-related-tooltip='Compartir por correo'><span class='avia_hidden_link_text'>Compartir por correo<\/span><\/a><\/li><\/ul><\/div><\/div>\n<div  style='height:50px' class='hr hr-invisible   avia-builder-el-8  el_after_av_social_share  el_before_av_comments_list '><span class='hr-inner ' ><span class='hr-inner-style'><\/span><\/span><\/div>\n<div  class='av-buildercomment  av-blog-meta-html-info-disabled av-blog-meta-tag-disabled  '><\/div>\n","protected":false},"excerpt":{"rendered":"","protected":false},"author":1,"featured_media":5622,"comment_status":"open","ping_status":"open","sticky":false,"template":"","format":"standard","meta":{"footnotes":""},"categories":[36],"tags":[],"class_list":["post-5621","post","type-post","status-publish","format-standard","has-post-thumbnail","hentry","category-policial"],"jetpack_featured_media_url":"https:\/\/radiorevelacionfm.cl\/wp-content\/uploads\/2021\/06\/Evidencia-caja-fuerte-1-1.jpg","_links":{"self":[{"href":"https:\/\/radiorevelacionfm.cl\/index.php?rest_route=\/wp\/v2\/posts\/5621","targetHints":{"allow":["GET"]}}],"collection":[{"href":"https:\/\/radiorevelacionfm.cl\/index.php?rest_route=\/wp\/v2\/posts"}],"about":[{"href":"https:\/\/radiorevelacionfm.cl\/index.php?rest_route=\/wp\/v2\/types\/post"}],"author":[{"embeddable":true,"href":"https:\/\/radiorevelacionfm.cl\/index.php?rest_route=\/wp\/v2\/users\/1"}],"replies":[{"embeddable":true,"href":"https:\/\/radiorevelacionfm.cl\/index.php?rest_route=%2Fwp%2Fv2%2Fcomments&post=5621"}],"version-history":[{"count":1,"href":"https:\/\/radiorevelacionfm.cl\/index.php?rest_route=\/wp\/v2\/posts\/5621\/revisions"}],"predecessor-version":[{"id":5623,"href":"https:\/\/radiorevelacionfm.cl\/index.php?rest_route=\/wp\/v2\/posts\/5621\/revisions\/5623"}],"wp:featuredmedia":[{"embeddable":true,"href":"https:\/\/radiorevelacionfm.cl\/index.php?rest_route=\/wp\/v2\/media\/5622"}],"wp:attachment":[{"href":"https:\/\/radiorevelacionfm.cl\/index.php?rest_route=%2Fwp%2Fv2%2Fmedia&parent=5621"}],"wp:term":[{"taxonomy":"category","embeddable":true,"href":"https:\/\/radiorevelacionfm.cl\/index.php?rest_route=%2Fwp%2Fv2%2Fcategories&post=5621"},{"taxonomy":"post_tag","embeddable":true,"href":"https:\/\/radiorevelacionfm.cl\/index.php?rest_route=%2Fwp%2Fv2%2Ftags&post=5621"}],"curies":[{"name":"wp","href":"https:\/\/api.w.org\/{rel}","templated":true}]}}