{"id":56209,"date":"2025-07-07T11:12:04","date_gmt":"2025-07-07T14:12:04","guid":{"rendered":"https:\/\/radiorevelacionfm.cl\/?p=56209"},"modified":"2025-07-07T11:12:04","modified_gmt":"2025-07-07T14:12:04","slug":"sala-forense-basica-en-cochrane-sera-una-realidad-proyecta-su-puesta-en-marcha-durante-el-2025","status":"publish","type":"post","link":"https:\/\/radiorevelacionfm.cl\/?p=56209","title":{"rendered":"Sala forense b\u00e1sica en Cochrane ser\u00e1 una realidad: proyecta su puesta en marcha durante el 2025"},"content":{"rendered":"<div class=\"flex_column av_one_full  flex_column_div av-zero-column-padding first  avia-builder-el-0  el_before_av_one_full  avia-builder-el-first  \" style='border-radius:0px; '><div  class='avia-image-container  av-styling-    avia-builder-el-1  avia-builder-el-no-sibling  avia-align-center '  itemprop=\"image\" itemscope=\"itemscope\" itemtype=\"https:\/\/schema.org\/ImageObject\"  ><div class='avia-image-container-inner'><div class='avia-image-overlay-wrap'><img decoding=\"async\" class='wp-image-56210 avia-img-lazy-loading-not-56210 avia_image' src=\"https:\/\/radiorevelacionfm.cl\/wp-content\/uploads\/2025\/07\/FOTO-SALA-FORENSE-COCHRANE-4-1-1.jpeg\" alt='' title='FOTO SALA FORENSE COCHRANE 4 (1) (1)' height=\"600\" width=\"1066\"  itemprop=\"thumbnailUrl\" srcset=\"https:\/\/radiorevelacionfm.cl\/wp-content\/uploads\/2025\/07\/FOTO-SALA-FORENSE-COCHRANE-4-1-1.jpeg 1066w, https:\/\/radiorevelacionfm.cl\/wp-content\/uploads\/2025\/07\/FOTO-SALA-FORENSE-COCHRANE-4-1-1-300x169.jpeg 300w, https:\/\/radiorevelacionfm.cl\/wp-content\/uploads\/2025\/07\/FOTO-SALA-FORENSE-COCHRANE-4-1-1-1030x580.jpeg 1030w, https:\/\/radiorevelacionfm.cl\/wp-content\/uploads\/2025\/07\/FOTO-SALA-FORENSE-COCHRANE-4-1-1-768x432.jpeg 768w, https:\/\/radiorevelacionfm.cl\/wp-content\/uploads\/2025\/07\/FOTO-SALA-FORENSE-COCHRANE-4-1-1-705x397.jpeg 705w, https:\/\/radiorevelacionfm.cl\/wp-content\/uploads\/2025\/07\/FOTO-SALA-FORENSE-COCHRANE-4-1-1-450x253.jpeg 450w, https:\/\/radiorevelacionfm.cl\/wp-content\/uploads\/2025\/07\/FOTO-SALA-FORENSE-COCHRANE-4-1-1-600x338.jpeg 600w\" sizes=\"(max-width: 1066px) 100vw, 1066px\" \/><\/div><\/div><\/div><\/div><div class=\"flex_column av_one_full  flex_column_div av-zero-column-padding first  avia-builder-el-2  el_after_av_one_full  el_before_av_one_full  column-top-margin\" style='border-radius:0px; '><section class=\"av_textblock_section \"  itemscope=\"itemscope\" itemtype=\"https:\/\/schema.org\/BlogPosting\" itemprop=\"blogPost\" ><div class='avia_textblock  '   itemprop=\"text\" ><p style=\"text-align: center;\"><span style=\"font-size: 18pt;\"><b>Sala forense b\u00e1sica en Cochrane ser\u00e1 una realidad: proyecta su puesta en marcha durante el 2025<\/b><\/span><\/p>\n<div id=\"gtx-trans\" style=\"position: absolute; left: -50px; top: 4.31534px;\">\n<div class=\"gtx-trans-icon\"><\/div>\n<\/div>\n<\/div><\/section><\/div><div class=\"flex_column av_one_full  flex_column_div av-zero-column-padding first  avia-builder-el-4  el_after_av_one_full  el_before_av_hr  column-top-margin\" style='border-radius:0px; '><section class=\"av_textblock_section \"  itemscope=\"itemscope\" itemtype=\"https:\/\/schema.org\/BlogPosting\" itemprop=\"blogPost\" ><div class='avia_textblock  '   itemprop=\"text\" ><p style=\"font-weight: 400; text-align: justify;\">Con obras ya adjudicadas por el Servicio de Salud Ays\u00e9n y el compromiso de financiamiento del equipamiento por parte del Gobierno Regional, el proyecto para habilitar una sala forense b\u00e1sica en el Hospital de Cochrane avanza de forma concreta y sostenida, con miras a su implementaci\u00f3n durante el segundo semestre de 2025.<\/p>\n<p style=\"font-weight: 400; text-align: justify;\">Esta unidad, largamente anhelada por la comunidad, permitir\u00e1 realizar peritajes m\u00e9dicos legales sin necesidad de trasladar los cuerpos a Coyhaique, lo que representa un alivio para las familias de Cochrane, Villa O\u2019Higgins, Caleta Tortel y otras localidades del territorio sur, quienes han debido enfrentar largos desplazamientos en momentos de profundo dolor.<\/p>\n<p style=\"font-weight: 400; text-align: justify;\">Durante una visita inspectiva, autoridades regionales y comunales destacaron el significado de este hito.<\/p>\n<p style=\"font-weight: 400; text-align: justify;\">\u201cEl Servicio M\u00e9dico Legal est\u00e1 presentando el proyecto al Gobierno Regional y su Consejo, donde ya est\u00e1 comprometido el apoyo para poder financiar todo lo que es el equipamiento, el instrumental que es necesario para tener una unidad b\u00e1sica forense. Y esperamos, antes que termine este a\u00f1o, poder ya inaugurar esta dependencia\u201d, se\u00f1al\u00f3 Samuel Navarro Castro, Seremi de Justicia y Derechos Humanos Ays\u00e9n.<\/p>\n<p style=\"font-weight: 400; text-align: justify;\">Uno de los puntos clave para la puesta en marcha ser\u00e1 el protocolo de funcionamiento, que se est\u00e1 trabajando en conjunto con el Servicio M\u00e9dico Legal de Coyhaique, considerando los tiempos de respuesta y particularidades de cada caso. Esto permitir\u00e1 un manejo t\u00e9cnico, respetuoso y oportuno en situaciones que impliquen fallecimientos.<\/p>\n<p style=\"font-weight: 400; text-align: justify;\">\u201cEs una gran satisfacci\u00f3n poder haber logrado este proyecto que llevaba a\u00f1os esperando. Poder habilitar esta sala, esta unidad forense, es una necesidad sentida por la comunidad de todo el territorio. No tan solo de Cochrane, sino que tambi\u00e9n de Tortel, de Villa O\u2019Higgins, de todo el territorio sur\u201d manifest\u00f3 Miriam Navarrete Novoa, directora del hospital de Cochrane.<\/p>\n<p style=\"font-weight: 400; text-align: justify;\">Por su parte, Patricio Ulloa Georgia, alcalde de Cochrane destac\u00f3 que \u201choy d\u00eda se ha avanzado fuertemente en este tema. Est\u00e1n las obras ya contratadas y esperamos que a partir del mes de octubre este proyecto se pueda inaugurar y ya sea una realidad\u201d, se\u00f1al\u00f3 el alcalde.<\/p>\n<p style=\"font-weight: 400; text-align: justify;\">La delegada presidencial Provincial de Capit\u00e1n Prat, Marta Montiel tambi\u00e9n valor\u00f3 el impacto del proyecto, manifestando que \u201cla Provincia Capit\u00e1n Prat tambi\u00e9n abarca la parte sur de la provincia General Carrera. Tenemos un amplio territorio de familias que, en alg\u00fan minuto, pudiesen requerir de este procedimiento. Y que el procedimiento, en un momento de angustia, de p\u00e9rdida de un familiar, sea en el menor tiempo posible\u201d concluy\u00f3 la delegada.<\/p>\n<\/div><\/section><\/div><div  style='height:50px' class='hr hr-invisible   avia-builder-el-6  el_after_av_one_full  el_before_av_social_share '><span class='hr-inner ' ><span class='hr-inner-style'><\/span><\/span><\/div><\/p>\n<div  class='av-social-sharing-box  avia-builder-el-7  el_after_av_hr  el_before_av_hr  '><div class='av-share-box'><h5 class='av-share-link-description av-no-toc '>Compartir esta noticia<\/h5><ul class='av-share-box-list noLightbox'><li class='av-share-link av-social-link-facebook' ><a target=\"_blank\" aria-label=\"Compartir en Facebook\" href='https:\/\/www.facebook.com\/sharer.php?u=https:\/\/radiorevelacionfm.cl\/?p=56209&#038;t=Sala%20forense%20b%C3%A1sica%20en%20Cochrane%20ser%C3%A1%20una%20realidad%3A%20proyecta%20su%20puesta%20en%20marcha%20durante%20el%202025' aria-hidden='false' data-av_icon='\ue8f3' data-av_iconfont='entypo-fontello' title='' data-avia-related-tooltip='Compartir en Facebook' rel=\"noopener\"><span class='avia_hidden_link_text'>Compartir en Facebook<\/span><\/a><\/li><li class='av-share-link av-social-link-twitter' ><a target=\"_blank\" aria-label=\"Compartir en Twitter\" href='https:\/\/twitter.com\/share?text=Sala%20forense%20b%C3%A1sica%20en%20Cochrane%20ser%C3%A1%20una%20realidad%3A%20proyecta%20su%20puesta%20en%20marcha%20durante%20el%202025&#038;url=https:\/\/radiorevelacionfm.cl\/?p=56209' aria-hidden='false' data-av_icon='\ue8f1' data-av_iconfont='entypo-fontello' title='' data-avia-related-tooltip='Compartir en Twitter' rel=\"noopener\"><span class='avia_hidden_link_text'>Compartir en Twitter<\/span><\/a><\/li><li class='av-share-link av-social-link-whatsapp' ><a target=\"_blank\" aria-label=\"Compartir en Whatsapp\" href='https:\/\/api.whatsapp.com\/send?text=https:\/\/radiorevelacionfm.cl\/?p=56209' aria-hidden='false' data-av_icon='\uf232' data-av_iconfont='entypo-fontello' title='' data-avia-related-tooltip='Compartir en Whatsapp' rel=\"noopener\"><span class='avia_hidden_link_text'>Compartir en Whatsapp<\/span><\/a><\/li><li class='av-share-link av-social-link-linkedin' ><a target=\"_blank\" aria-label=\"Compartir en LinkedIn\" href='https:\/\/linkedin.com\/shareArticle?mini=true&#038;title=Sala%20forense%20b%C3%A1sica%20en%20Cochrane%20ser%C3%A1%20una%20realidad%3A%20proyecta%20su%20puesta%20en%20marcha%20durante%20el%202025&#038;url=https:\/\/radiorevelacionfm.cl\/?p=56209' aria-hidden='false' data-av_icon='\ue8fc' data-av_iconfont='entypo-fontello' title='' data-avia-related-tooltip='Compartir en LinkedIn' rel=\"noopener\"><span class='avia_hidden_link_text'>Compartir en LinkedIn<\/span><\/a><\/li><li class='av-share-link av-social-link-mail' ><a  aria-label=\"Compartir por correo\" href='mailto:?subject=Sala%20forense%20b%C3%A1sica%20en%20Cochrane%20ser%C3%A1%20una%20realidad%3A%20proyecta%20su%20puesta%20en%20marcha%20durante%20el%202025&#038;body=https:\/\/radiorevelacionfm.cl\/?p=56209' aria-hidden='false' data-av_icon='\ue805' data-av_iconfont='entypo-fontello' title='' data-avia-related-tooltip='Compartir por correo'><span class='avia_hidden_link_text'>Compartir por correo<\/span><\/a><\/li><\/ul><\/div><\/div>\n<div  style='height:50px' class='hr hr-invisible   avia-builder-el-8  el_after_av_social_share  el_before_av_comments_list '><span class='hr-inner ' ><span class='hr-inner-style'><\/span><\/span><\/div>\n<div  class='av-buildercomment  av-blog-meta-html-info-disabled av-blog-meta-tag-disabled  '><\/div>\n","protected":false},"excerpt":{"rendered":"","protected":false},"author":1,"featured_media":56210,"comment_status":"closed","ping_status":"closed","sticky":false,"template":"","format":"standard","meta":{"footnotes":""},"categories":[46],"tags":[],"class_list":["post-56209","post","type-post","status-publish","format-standard","has-post-thumbnail","hentry","category-salud"],"jetpack_featured_media_url":"https:\/\/radiorevelacionfm.cl\/wp-content\/uploads\/2025\/07\/FOTO-SALA-FORENSE-COCHRANE-4-1-1.jpeg","_links":{"self":[{"href":"https:\/\/radiorevelacionfm.cl\/index.php?rest_route=\/wp\/v2\/posts\/56209","targetHints":{"allow":["GET"]}}],"collection":[{"href":"https:\/\/radiorevelacionfm.cl\/index.php?rest_route=\/wp\/v2\/posts"}],"about":[{"href":"https:\/\/radiorevelacionfm.cl\/index.php?rest_route=\/wp\/v2\/types\/post"}],"author":[{"embeddable":true,"href":"https:\/\/radiorevelacionfm.cl\/index.php?rest_route=\/wp\/v2\/users\/1"}],"replies":[{"embeddable":true,"href":"https:\/\/radiorevelacionfm.cl\/index.php?rest_route=%2Fwp%2Fv2%2Fcomments&post=56209"}],"version-history":[{"count":2,"href":"https:\/\/radiorevelacionfm.cl\/index.php?rest_route=\/wp\/v2\/posts\/56209\/revisions"}],"predecessor-version":[{"id":56212,"href":"https:\/\/radiorevelacionfm.cl\/index.php?rest_route=\/wp\/v2\/posts\/56209\/revisions\/56212"}],"wp:featuredmedia":[{"embeddable":true,"href":"https:\/\/radiorevelacionfm.cl\/index.php?rest_route=\/wp\/v2\/media\/56210"}],"wp:attachment":[{"href":"https:\/\/radiorevelacionfm.cl\/index.php?rest_route=%2Fwp%2Fv2%2Fmedia&parent=56209"}],"wp:term":[{"taxonomy":"category","embeddable":true,"href":"https:\/\/radiorevelacionfm.cl\/index.php?rest_route=%2Fwp%2Fv2%2Fcategories&post=56209"},{"taxonomy":"post_tag","embeddable":true,"href":"https:\/\/radiorevelacionfm.cl\/index.php?rest_route=%2Fwp%2Fv2%2Ftags&post=56209"}],"curies":[{"name":"wp","href":"https:\/\/api.w.org\/{rel}","templated":true}]}}