{"id":56198,"date":"2025-07-07T10:04:36","date_gmt":"2025-07-07T13:04:36","guid":{"rendered":"https:\/\/radiorevelacionfm.cl\/?p=56198"},"modified":"2025-07-07T10:04:36","modified_gmt":"2025-07-07T13:04:36","slug":"censo-2024-aumenta-escolaridad-en-la-region-de-aysen-a-116-anos-pero-se-mantiene-bajo-el-umbral-de-educacion-obligatoria-en-chile","status":"publish","type":"post","link":"https:\/\/radiorevelacionfm.cl\/?p=56198","title":{"rendered":"Censo 2024: aumenta escolaridad en la Regi\u00f3n de Ays\u00e9n a 11,6 a\u00f1os, pero se mantiene bajo el umbral de educaci\u00f3n obligatoria en Chile"},"content":{"rendered":"<div class=\"flex_column av_one_full  flex_column_div av-zero-column-padding first  avia-builder-el-0  el_before_av_one_full  avia-builder-el-first  \" style='border-radius:0px; '><div  class='avia-image-container  av-styling-    avia-builder-el-1  avia-builder-el-no-sibling  avia-align-center '  itemprop=\"image\" itemscope=\"itemscope\" itemtype=\"https:\/\/schema.org\/ImageObject\"  ><div class='avia-image-container-inner'><div class='avia-image-overlay-wrap'><img decoding=\"async\" class='wp-image-56199 avia-img-lazy-loading-not-56199 avia_image' src=\"https:\/\/radiorevelacionfm.cl\/wp-content\/uploads\/2025\/07\/censo-20240507_120648-1024x655-1_optimized.jpeg\" alt='' title='censo-20240507_120648-1024x655-(1)_optimized' height=\"600\" width=\"938\"  itemprop=\"thumbnailUrl\" srcset=\"https:\/\/radiorevelacionfm.cl\/wp-content\/uploads\/2025\/07\/censo-20240507_120648-1024x655-1_optimized.jpeg 938w, https:\/\/radiorevelacionfm.cl\/wp-content\/uploads\/2025\/07\/censo-20240507_120648-1024x655-1_optimized-300x192.jpeg 300w, https:\/\/radiorevelacionfm.cl\/wp-content\/uploads\/2025\/07\/censo-20240507_120648-1024x655-1_optimized-768x491.jpeg 768w, https:\/\/radiorevelacionfm.cl\/wp-content\/uploads\/2025\/07\/censo-20240507_120648-1024x655-1_optimized-705x451.jpeg 705w, https:\/\/radiorevelacionfm.cl\/wp-content\/uploads\/2025\/07\/censo-20240507_120648-1024x655-1_optimized-450x288.jpeg 450w, https:\/\/radiorevelacionfm.cl\/wp-content\/uploads\/2025\/07\/censo-20240507_120648-1024x655-1_optimized-600x384.jpeg 600w\" sizes=\"(max-width: 938px) 100vw, 938px\" \/><\/div><\/div><\/div><\/div><div class=\"flex_column av_one_full  flex_column_div av-zero-column-padding first  avia-builder-el-2  el_after_av_one_full  el_before_av_one_full  column-top-margin\" style='border-radius:0px; '><section class=\"av_textblock_section \"  itemscope=\"itemscope\" itemtype=\"https:\/\/schema.org\/BlogPosting\" itemprop=\"blogPost\" ><div class='avia_textblock  '   itemprop=\"text\" ><p style=\"text-align: center;\"><span style=\"font-size: 18pt;\"><strong>Censo 2024: aumenta escolaridad en la Regi\u00f3n de Ays\u00e9n a 11,6 a\u00f1os, pero se mantiene bajo el umbral de educaci\u00f3n obligatoria en Chile<\/strong><\/span><\/p>\n<div id=\"gtx-trans\" style=\"position: absolute; left: -50px; top: 4.31534px;\">\n<div class=\"gtx-trans-icon\"><\/div>\n<\/div>\n<\/div><\/section><\/div><div class=\"flex_column av_one_full  flex_column_div av-zero-column-padding first  avia-builder-el-4  el_after_av_one_full  el_before_av_hr  column-top-margin\" style='border-radius:0px; '><section class=\"av_textblock_section \"  itemscope=\"itemscope\" itemtype=\"https:\/\/schema.org\/BlogPosting\" itemprop=\"blogPost\" ><div class='avia_textblock  '   itemprop=\"text\" ><ul>\n<li style=\"text-align: justify;\"><em>Los a\u00f1os de escolaridad promedio de la poblaci\u00f3n de 18 a\u00f1os o m\u00e1s han aumentado desde 7,6 a\u00f1os en 1992 hasta 11,6 a\u00f1os el 2024. En 2002 esta cifra alcanz\u00f3 8,8 a\u00f1os y en 2017 los 10,6 a\u00f1os.<\/em><\/li>\n<\/ul>\n<p style=\"text-align: justify;\">El Instituto Nacional de Estad\u00edsticas (INE) public\u00f3 el pasado lunes 30 de junio la cuarta entrega de resultados del Censo de Poblaci\u00f3n y Vivienda 2024, la \u00faltima programada para el primer semestre de este a\u00f1o. En ella se presentaron diversas caracter\u00edsticas de la poblaci\u00f3n censada tales como discapacidad, pertenencia a pueblos ind\u00edgenas, afrodescendencia, religi\u00f3n o credo, g\u00e9nero y educaci\u00f3n.<\/p>\n<p style=\"text-align: justify;\"><strong>Discapacidad <\/strong><\/p>\n<p style=\"text-align: justify;\">El Censo 2024 incluy\u00f3 el set corto de preguntas elaborado y recomendado por el Grupo de Washington para la medici\u00f3n de discapacidad en censos <a href=\"#_edn1\" name=\"_ednref1\">[i]<\/a>. Como resultado para la regi\u00f3n de Ays\u00e9n, el 10,8% (10.321) de la poblaci\u00f3n de 5 a\u00f1os o m\u00e1s tiene discapacidad. Esta cifra es de 12,0% en las mujeres y 9,6% en los hombres. De las personas entre 5 a 14 a\u00f1os, el 5,8% tiene discapacidad, entre 15 a 29 a\u00f1os el 6,3%, entre 30 a 44 a\u00f1os el 4,5%, entre 45 a 64 a\u00f1os el 11,9% y de las personas de 65 a\u00f1os o m\u00e1s el 33,1%.<\/p>\n<p style=\"text-align: justify;\">Las comunas de R\u00edo Ib\u00e1\u00f1ez (13,1%), Lago Verde (11,2%) y Guaitecas (11,2%), presentan la mayor proporci\u00f3n de personas con discapacidad, mientras que las comunas que presentan la menor proporci\u00f3n son O\u2019Higgins (7,5%), Cisnes (9,0%) y Tortel (9,4%).<\/p>\n<p style=\"text-align: justify;\"><strong>Pueblos Ind\u00edgenas u Originarios<\/strong><\/p>\n<p style=\"text-align: justify;\">Otra caracter\u00edstica de la poblaci\u00f3n se refiere a quienes son o se consideran pertenecientes a alg\u00fan pueblo ind\u00edgena u originario, alcanzando en la regi\u00f3n el 29,2% (29.230) del total de las personas censadas, 28,2% (13.990) en hombres y 30,1% (15.240) en mujeres. En el Censo 2017 esta proporci\u00f3n alcanz\u00f3 un 28,7% (29.075) de la poblaci\u00f3n censada. Respecto a su distribuci\u00f3n por edad, del total de personas que se considera perteneciente a alg\u00fan pueblo ind\u00edgena u originario, el 22,2% tiene entre 0 a 14 a\u00f1os, el 23,8% entre 15 a 29 a\u00f1os, el 23,3% entre 30 a 44 a\u00f1os, el 21,9% entre 45 a 64 a\u00f1os y el 8,8% tiene 65 a\u00f1os o m\u00e1s. Las comunas que presentan la mayor proporci\u00f3n de personas que son o se consideran pertenecientes a alg\u00fan pueblo ind\u00edgena u originario son Guaitecas (57,9%), Tortel (40,4%) y Cisnes (35,0%).<\/p>\n<p style=\"text-align: justify;\">Respecto a la pertenencia a pueblos ind\u00edgenas, la mayor proporci\u00f3n de personas que es o se considera parte de alg\u00fan pueblo originario corresponde al pueblo Mapuche con 97,1% (28.362), seguido por el pueblo Aymara con 0,7% (192) y el pueblo Diaguita con 0,3% (100). Luego se encuentran los pueblos Kaw\u00e9sqar (0,2%), Quechua (0,1%), Selk\u2019nam (0,1%), Rapa Nui (0,1%), Atacame\u00f1o o Lickanantay (0,1%), Yag\u00e1n (0,1%), Chango (0,04%) y Colla (0,02%). Las personas que se identifican con otro pueblo corresponden a 1,1%.<\/p>\n<p style=\"text-align: justify;\"><strong>Afrodescendencia<\/strong><\/p>\n<p style=\"text-align: justify;\">Por otro lado, las personas que, de acuerdo con sus antepasados, tradiciones y cultura, son o se consideran afrodescendientes corresponden al 1,0% de la poblaci\u00f3n (1.042). Esta cifra corresponde a 1,1% para los hombres y 1,0% para las mujeres. Del total de este grupo, el 14,8% se encuentra entre 0-14 a\u00f1os, el 19,9% entre 15-29 a\u00f1os, el 28,4% entre 30-44 a\u00f1os, el 26,6% entre 45-64 a\u00f1os y el 10,4% tiene 65 a\u00f1os o m\u00e1s. Las comunas que presentan la mayor proporci\u00f3n de personas que son o se consideran afrodescendientes son Cochrane (1,8%), Lago Verde (1,5%) y Guaitecas (1,5%).<\/p>\n<p style=\"text-align: justify;\"><strong>Religi\u00f3n o Credo<\/strong><\/p>\n<p style=\"text-align: justify;\">Del total de personas de 15 a\u00f1os o m\u00e1s, el 70,0% (56.786) tienen alguna religi\u00f3n o credo. De ellas, 53,3% son mujeres y 46,7% hombres. De las personas de 15 a\u00f1os o m\u00e1s que profesan una religi\u00f3n o credo el 53,3% son mujeres, mientras que el 46,7% son hombres. El promedio de edad de las personas que tienen alguna religi\u00f3n o credo es de 47,1 a\u00f1os, comparado con 38,1 a\u00f1os para las personas que no profesan una religi\u00f3n o credo. Las comunas que presentan un porcentaje mayor de personas de 15 a\u00f1os o m\u00e1s que profesa alguna religi\u00f3n o credo son Guaitecas (84,0%), Lago Verde (74,1%) y Chile Chico (72,8%).<\/p>\n<p style=\"text-align: justify;\">La religi\u00f3n cat\u00f3lica se mantiene como la principal religi\u00f3n o credo, con una disminuci\u00f3n a lo largo de los a\u00f1os, pasando de 79,6 % en 1992 (43.114), 71,9% en 2002 (47.110) y 52,8% en 2024 (42.844). Le sigue la religi\u00f3n evang\u00e9lica o protestante que pas\u00f3 de un 12,1% (6.570 personas) en 1992, a un 14,6% (9.582 personas) en 2002 a 14,6% (11.869 personas) en 2024. Le siguen las religiones o credo Iglesia de Jesucristo de los Santos de los \u00daltimos D\u00edas con 0,7% (553), testigo de Jehov\u00e1 0,6% (458), otros cristianos y tradiciones relacionadas con Cristo 0,5% (441), budista 0,1% (108), jud\u00eda 0,1% (47), cat\u00f3lica ortodoxa 0,1% (44), musulmana 0,03% (28), hinduista 0,03% (27) y Fe Bah\u00e1\u2019\u00ed 0,01% (10). El 0,4% (357) de la poblaci\u00f3n declara tener otra religi\u00f3n. El 30,0% (24.340) de la poblaci\u00f3n declara no tener religi\u00f3n o credo, cifra que era 8,5% (5.572) en 2002.<\/p>\n<p style=\"text-align: justify;\"><strong>G\u00e9nero<\/strong><\/p>\n<p style=\"text-align: justify;\">El Censo 2024 incorpora un set de preguntas para la poblaci\u00f3n de 18 a\u00f1os o m\u00e1s referidas a la identidad o forma de expresarse de una persona respecto de su g\u00e9nero, pudiendo este coincidir o no con el sexo de nacimiento. De las personas de 18 a\u00f1os o m\u00e1s el 50,9% se identifica con el g\u00e9nero femenino, 48,7% masculino, 0,1% transmasculino, 0,1% no binario, 0,1% transfemenino y 0,03% de otro g\u00e9nero. De las personas de 18 a\u00f1os o m\u00e1s, 0,2% se considera transg\u00e9nero <a href=\"#_edn2\" name=\"_ednref2\">[ii]<\/a>, lo que corresponde a 161 personas<\/p>\n<p style=\"text-align: justify;\"><strong>Educaci\u00f3n<\/strong><\/p>\n<p style=\"text-align: justify;\">Finalmente, los a\u00f1os de escolaridad promedio de la poblaci\u00f3n de 18 a\u00f1os o m\u00e1s han aumentado desde 7,6 a\u00f1os en 1992 a 11,6 a\u00f1os el 2024, por debajo de los 12 a\u00f1os de ense\u00f1anza obligatoria. En 2002 esta cifra alcanz\u00f3 8,8 a\u00f1os y el 2017 los 10,6 a\u00f1os.<\/p>\n<p style=\"text-align: justify;\">Respecto a los a\u00f1os de escolaridad promedio de distintos grupos de la poblaci\u00f3n de 18 a\u00f1os o m\u00e1s:<\/p>\n<ul style=\"text-align: justify;\">\n<li>Al comparar por sexo, se observa que las mujeres de 18 a\u00f1os o m\u00e1s tienen 11,8 a\u00f1os de escolaridad, mientras que los hombres tienen 11,5 a\u00f1os de escolaridad.<\/li>\n<li>El promedio de escolaridad de la poblaci\u00f3n con discapacidad es 7,9 a\u00f1os, comparado con los 12,1 a\u00f1os de las personas sin discapacidad.<\/li>\n<li>La poblaci\u00f3n que es o se considera perteneciente a un pueblo ind\u00edgena tienen un promedio de escolaridad de 11,0 a\u00f1os, mientras que quienes no se consideran pertenecientes tienen 11,9 a\u00f1os de escolaridad promedio.<\/li>\n<li>La poblaci\u00f3n que es o se considera afrodescendiente tiene 11,4 a\u00f1os de escolaridad promedio, mientras que quienes no se consideran como tal tienen 11,6 a\u00f1os de escolaridad en promedio.<\/li>\n<li>El promedio de escolaridad para la poblaci\u00f3n inmigrante internacional es de 12,8 a\u00f1os, mientras que el promedio de la poblaci\u00f3n nacida en Chile es de 11,6 a\u00f1os.<\/li>\n<\/ul>\n<p style=\"text-align: justify;\">La comuna que presenta el mayor promedio de a\u00f1os de escolaridad es Coyhaique con 12,1 a\u00f1os. Le siguen O\u2019Higgins con 11,5 a\u00f1os y Tortel con 11,5 a\u00f1os. La comuna con el menor promedio de a\u00f1os de escolaridad es Lago Verde con 9,6 a\u00f1os, seguida por Guaitecas con 10,4 a\u00f1os y R\u00edo Ib\u00e1\u00f1ez con 10,5 a\u00f1os.<\/p>\n<p style=\"text-align: justify;\">M\u00e1s informaci\u00f3n en <a href=\"https:\/\/nam02.safelinks.protection.outlook.com\/?url=http%3A%2F%2Fwww.censo2024.cl%2F&amp;data=05%7C02%7Ccpmendezv%40ine.gob.cl%7C2d9378cfd1c8466574c608ddb7e8d699%7C5baaaa0a1f94469bbbb9d1645dad5ac5%7C0%7C0%7C638868932969161422%7CUnknown%7CTWFpbGZsb3d8eyJFbXB0eU1hcGkiOnRydWUsIlYiOiIwLjAuMDAwMCIsIlAiOiJXaW4zMiIsIkFOIjoiTWFpbCIsIldUIjoyfQ%3D%3D%7C0%7C%7C%7C&amp;sdata=CVPnAbVHpcgy61JS%2F0CVBbQ5%2FEkHon1CrYgp2%2FuB744%3D&amp;reserved=0\">www.censo2024.cl<\/a><\/p>\n<p style=\"text-align: justify;\"><a href=\"#_ednref1\" name=\"_edn1\">[i]<\/a>Este grupo de preguntas est\u00e1 compuesto por seis preguntas que indagan sobre la dificultad que experimentan las personas para realizar actividades b\u00e1sicas. Seg\u00fan lo recomendado por el Grupo de Washington, se clasifica a una persona con discapacidad si se declara tener mucha dificultad o no poder realizar alguna de las seis actividades consultadas.<\/p>\n<p style=\"text-align: justify;\"><a href=\"#_ednref2\" name=\"_edn2\">[ii]<\/a> Este indicador se construye a partir de la suma de las personas que contestan \u201cTransmasculino\u201d, \u201cTransfemenino\u201d en la pregunta 49 del cuestionario censal o responden \u201cS\u00ed\u201d en la pregunta 50 (\u00bfSe identifica como trans?).<\/p>\n<\/div><\/section><\/div><div  style='height:50px' class='hr hr-invisible   avia-builder-el-6  el_after_av_one_full  el_before_av_social_share '><span class='hr-inner ' ><span class='hr-inner-style'><\/span><\/span><\/div><\/p>\n<div  class='av-social-sharing-box  avia-builder-el-7  el_after_av_hr  el_before_av_hr  '><div class='av-share-box'><h5 class='av-share-link-description av-no-toc '>Compartir esta noticia<\/h5><ul class='av-share-box-list noLightbox'><li class='av-share-link av-social-link-facebook' ><a target=\"_blank\" aria-label=\"Compartir en Facebook\" href='https:\/\/www.facebook.com\/sharer.php?u=https:\/\/radiorevelacionfm.cl\/?p=56198&#038;t=Censo%202024%3A%20aumenta%20escolaridad%20en%20la%20Regi%C3%B3n%20de%20Ays%C3%A9n%20a%2011%2C6%20a%C3%B1os%2C%20pero%20se%20mantiene%20bajo%20el%20umbral%20de%20educaci%C3%B3n%20obligatoria%20en%20Chile' aria-hidden='false' data-av_icon='\ue8f3' data-av_iconfont='entypo-fontello' title='' data-avia-related-tooltip='Compartir en Facebook' rel=\"noopener\"><span class='avia_hidden_link_text'>Compartir en Facebook<\/span><\/a><\/li><li class='av-share-link av-social-link-twitter' ><a target=\"_blank\" aria-label=\"Compartir en Twitter\" href='https:\/\/twitter.com\/share?text=Censo%202024%3A%20aumenta%20escolaridad%20en%20la%20Regi%C3%B3n%20de%20Ays%C3%A9n%20a%2011%2C6%20a%C3%B1os%2C%20pero%20se%20mantiene%20bajo%20el%20umbral%20de%20educaci%C3%B3n%20obligatoria%20en%20Chile&#038;url=https:\/\/radiorevelacionfm.cl\/?p=56198' aria-hidden='false' data-av_icon='\ue8f1' data-av_iconfont='entypo-fontello' title='' data-avia-related-tooltip='Compartir en Twitter' rel=\"noopener\"><span class='avia_hidden_link_text'>Compartir en Twitter<\/span><\/a><\/li><li class='av-share-link av-social-link-whatsapp' ><a target=\"_blank\" aria-label=\"Compartir en Whatsapp\" href='https:\/\/api.whatsapp.com\/send?text=https:\/\/radiorevelacionfm.cl\/?p=56198' aria-hidden='false' data-av_icon='\uf232' data-av_iconfont='entypo-fontello' title='' data-avia-related-tooltip='Compartir en Whatsapp' rel=\"noopener\"><span class='avia_hidden_link_text'>Compartir en Whatsapp<\/span><\/a><\/li><li class='av-share-link av-social-link-linkedin' ><a target=\"_blank\" aria-label=\"Compartir en LinkedIn\" href='https:\/\/linkedin.com\/shareArticle?mini=true&#038;title=Censo%202024%3A%20aumenta%20escolaridad%20en%20la%20Regi%C3%B3n%20de%20Ays%C3%A9n%20a%2011%2C6%20a%C3%B1os%2C%20pero%20se%20mantiene%20bajo%20el%20umbral%20de%20educaci%C3%B3n%20obligatoria%20en%20Chile&#038;url=https:\/\/radiorevelacionfm.cl\/?p=56198' aria-hidden='false' data-av_icon='\ue8fc' data-av_iconfont='entypo-fontello' title='' data-avia-related-tooltip='Compartir en LinkedIn' rel=\"noopener\"><span class='avia_hidden_link_text'>Compartir en LinkedIn<\/span><\/a><\/li><li class='av-share-link av-social-link-mail' ><a  aria-label=\"Compartir por correo\" href='mailto:?subject=Censo%202024%3A%20aumenta%20escolaridad%20en%20la%20Regi%C3%B3n%20de%20Ays%C3%A9n%20a%2011%2C6%20a%C3%B1os%2C%20pero%20se%20mantiene%20bajo%20el%20umbral%20de%20educaci%C3%B3n%20obligatoria%20en%20Chile&#038;body=https:\/\/radiorevelacionfm.cl\/?p=56198' aria-hidden='false' data-av_icon='\ue805' data-av_iconfont='entypo-fontello' title='' data-avia-related-tooltip='Compartir por correo'><span class='avia_hidden_link_text'>Compartir por correo<\/span><\/a><\/li><\/ul><\/div><\/div>\n<div  style='height:50px' class='hr hr-invisible   avia-builder-el-8  el_after_av_social_share  el_before_av_comments_list '><span class='hr-inner ' ><span class='hr-inner-style'><\/span><\/span><\/div>\n<div  class='av-buildercomment  av-blog-meta-html-info-disabled av-blog-meta-tag-disabled  '><\/div>\n","protected":false},"excerpt":{"rendered":"","protected":false},"author":1,"featured_media":56199,"comment_status":"closed","ping_status":"closed","sticky":false,"template":"","format":"standard","meta":{"footnotes":""},"categories":[38],"tags":[],"class_list":["post-56198","post","type-post","status-publish","format-standard","has-post-thumbnail","hentry","category-regional"],"jetpack_featured_media_url":"https:\/\/radiorevelacionfm.cl\/wp-content\/uploads\/2025\/07\/censo-20240507_120648-1024x655-1_optimized.jpeg","_links":{"self":[{"href":"https:\/\/radiorevelacionfm.cl\/index.php?rest_route=\/wp\/v2\/posts\/56198","targetHints":{"allow":["GET"]}}],"collection":[{"href":"https:\/\/radiorevelacionfm.cl\/index.php?rest_route=\/wp\/v2\/posts"}],"about":[{"href":"https:\/\/radiorevelacionfm.cl\/index.php?rest_route=\/wp\/v2\/types\/post"}],"author":[{"embeddable":true,"href":"https:\/\/radiorevelacionfm.cl\/index.php?rest_route=\/wp\/v2\/users\/1"}],"replies":[{"embeddable":true,"href":"https:\/\/radiorevelacionfm.cl\/index.php?rest_route=%2Fwp%2Fv2%2Fcomments&post=56198"}],"version-history":[{"count":2,"href":"https:\/\/radiorevelacionfm.cl\/index.php?rest_route=\/wp\/v2\/posts\/56198\/revisions"}],"predecessor-version":[{"id":56208,"href":"https:\/\/radiorevelacionfm.cl\/index.php?rest_route=\/wp\/v2\/posts\/56198\/revisions\/56208"}],"wp:featuredmedia":[{"embeddable":true,"href":"https:\/\/radiorevelacionfm.cl\/index.php?rest_route=\/wp\/v2\/media\/56199"}],"wp:attachment":[{"href":"https:\/\/radiorevelacionfm.cl\/index.php?rest_route=%2Fwp%2Fv2%2Fmedia&parent=56198"}],"wp:term":[{"taxonomy":"category","embeddable":true,"href":"https:\/\/radiorevelacionfm.cl\/index.php?rest_route=%2Fwp%2Fv2%2Fcategories&post=56198"},{"taxonomy":"post_tag","embeddable":true,"href":"https:\/\/radiorevelacionfm.cl\/index.php?rest_route=%2Fwp%2Fv2%2Ftags&post=56198"}],"curies":[{"name":"wp","href":"https:\/\/api.w.org\/{rel}","templated":true}]}}