{"id":56194,"date":"2025-07-06T16:41:29","date_gmt":"2025-07-06T19:41:29","guid":{"rendered":"https:\/\/radiorevelacionfm.cl\/?p=56194"},"modified":"2025-07-06T16:41:29","modified_gmt":"2025-07-06T19:41:29","slug":"con-9c-de-temperatura-primer-carnaval-de-invierno-de-puerto-guadal-estrena-chapuzon-en-el-lago-general-carrera","status":"publish","type":"post","link":"https:\/\/radiorevelacionfm.cl\/?p=56194","title":{"rendered":"Con -9\u00b0C de temperatura: Primer Carnaval de Invierno de Puerto Guadal estrena chapuz\u00f3n en el Lago General Carrera"},"content":{"rendered":"<div class=\"flex_column av_one_full  flex_column_div av-zero-column-padding first  avia-builder-el-0  el_before_av_one_full  avia-builder-el-first  \" style='border-radius:0px; '><div  class='avia-image-container  av-styling-    avia-builder-el-1  avia-builder-el-no-sibling  avia-align-center '  itemprop=\"image\" itemscope=\"itemscope\" itemtype=\"https:\/\/schema.org\/ImageObject\"  ><div class='avia-image-container-inner'><div class='avia-image-overlay-wrap'><img decoding=\"async\" class='wp-image-56195 avia-img-lazy-loading-not-56195 avia_image' src=\"https:\/\/radiorevelacionfm.cl\/wp-content\/uploads\/2025\/07\/chapuzon-reconocimiento-1_optimized.jpg\" alt='' title='chapuz\u00f3n-(reconocimiento)-(1)_optimized' height=\"600\" width=\"800\"  itemprop=\"thumbnailUrl\" srcset=\"https:\/\/radiorevelacionfm.cl\/wp-content\/uploads\/2025\/07\/chapuzon-reconocimiento-1_optimized.jpg 800w, https:\/\/radiorevelacionfm.cl\/wp-content\/uploads\/2025\/07\/chapuzon-reconocimiento-1_optimized-300x225.jpg 300w, https:\/\/radiorevelacionfm.cl\/wp-content\/uploads\/2025\/07\/chapuzon-reconocimiento-1_optimized-768x576.jpg 768w, https:\/\/radiorevelacionfm.cl\/wp-content\/uploads\/2025\/07\/chapuzon-reconocimiento-1_optimized-705x529.jpg 705w, https:\/\/radiorevelacionfm.cl\/wp-content\/uploads\/2025\/07\/chapuzon-reconocimiento-1_optimized-450x338.jpg 450w, https:\/\/radiorevelacionfm.cl\/wp-content\/uploads\/2025\/07\/chapuzon-reconocimiento-1_optimized-600x450.jpg 600w\" sizes=\"(max-width: 800px) 100vw, 800px\" \/><\/div><\/div><\/div><\/div><div class=\"flex_column av_one_full  flex_column_div av-zero-column-padding first  avia-builder-el-2  el_after_av_one_full  el_before_av_one_full  column-top-margin\" style='border-radius:0px; '><section class=\"av_textblock_section \"  itemscope=\"itemscope\" itemtype=\"https:\/\/schema.org\/BlogPosting\" itemprop=\"blogPost\" ><div class='avia_textblock  '   itemprop=\"text\" ><p style=\"text-align: center;\"><strong><span style=\"font-size: 18pt;\">Con -9\u00b0C de temperatura: Primer Carnaval de Invierno de Puerto Guadal estrena chapuz\u00f3n en el Lago General Carrera<\/span><\/strong><\/p>\n<div id=\"gtx-trans\" style=\"position: absolute; left: -50px; top: 4.31534px;\">\n<div class=\"gtx-trans-icon\"><\/div>\n<\/div>\n<\/div><\/section><\/div><div class=\"flex_column av_one_full  flex_column_div av-zero-column-padding first  avia-builder-el-4  el_after_av_one_full  el_before_av_hr  column-top-margin\" style='border-radius:0px; '><section class=\"av_textblock_section \"  itemscope=\"itemscope\" itemtype=\"https:\/\/schema.org\/BlogPosting\" itemprop=\"blogPost\" ><div class='avia_textblock  '   itemprop=\"text\" ><p class=\"v1MsoNormal\" style=\"text-align: justify;\"><span lang=\"ES-TRAD\">Con un chapuz\u00f3n en las g\u00e9lidas aguas del lago General Carrera, caravana de carros aleg\u00f3ricos, trekking por los alrededores e instalaci\u00f3n de se\u00f1al\u00e9ticas de cuidado ambiental, la comunidad guadalina dio la bienvenida a la temporada m\u00e1s fr\u00eda del a\u00f1o con la primera versi\u00f3n del \u00abCarnaval de Invierno\u00bb, que se espera se transforme en una tradici\u00f3n anual.\u00a0\u00a0Las jornadas fueron organizadas por la Municipalidad de Chile Chico, a trav\u00e9s de la delegaci\u00f3n de Puerto Guadal, en conjunto con organizaciones locales.<\/span><\/p>\n<p class=\"v1MsoNormal\" style=\"text-align: justify;\"><span lang=\"ES-TRAD\">Los carros aleg\u00f3ricos del mi\u00e9rcoles 25 de junio reunieron carretas con bueyes a la usanza tradicional, adem\u00e1s de disfraces alusivos al invierno incluidos monos de nieve.\u00a0\u00a0Los d\u00edas siguientes se vino el trekking organizado por el Club de Escalada, al que se sum\u00f3 m\u00e1s de una decena de participantes, adem\u00e1s de la instalaci\u00f3n de letreros de protecci\u00f3n del entorno en los sectores de la cascada Los Maquis y el emblem\u00e1tico puente del desag\u00fce del lago General Carrera.<\/span><\/p>\n<p class=\"v1MsoNormal\" style=\"text-align: justify;\"><span lang=\"ES-TRAD\">El s\u00e1bado 28, pasado el mediod\u00eda, un grupo de nueves vecinos estren\u00f3 lo que se espera sea una pr\u00e1ctica anual en el inicio de la temporada con m\u00e1s bajas temperaturas: el \u00abChapuz\u00f3n + Fr\u00edo de la Perla\u00bb, durante el cual se sumergieron en las aguas del lago con sensaci\u00f3n ambiente de unos -9\u00b0C.\u00a0\u00a0Este tipo de actividad ya se realiza en otras localidades australes, como es el caso del \u00abChapuz\u00f3n del Estrecho\u00bb que\u00a0<a href=\"https:\/\/blog.ecotripschile-patagonia.com\/la-historia-del-chapuzon-de-punta-arenas-y-sus-valientes\/\" target=\"_blank\" rel=\"noopener noreferrer\">desde 2008<\/a>\u00a0se desarrolla en Punta Arenas.<\/span><\/p>\n<p class=\"v1MsoNormal\" style=\"text-align: justify;\"><span lang=\"ES-TRAD\">Las jornadas concluyeron con una Feria Productiva en el remodelado gimnasio local, donde se distribuyeron milcaos y vino navegado, adem\u00e1s de venta de art\u00edculos artesanales de distinto tipo.<\/span><\/p>\n<p class=\"v1MsoNormal\" style=\"text-align: justify;\"><span lang=\"ES-TRAD\">Entre las organizaciones colaboradoras estuvieron la Junta de Vecinos N8, la AG de Turismo, la AG de Campesinos y la Escuela Libertador Bernardo O&#8217;Higgins, Carabineros, el Jard\u00edn Infantil \u00abEl Para\u00edso\u00bb, el Programa PRODESAL y Servicio Pa\u00eds.\u00a0<\/span><\/p>\n<p>Revisa\u00a0<a href=\"https:\/\/drive.google.com\/file\/d\/18J6p4THb3tV5TmFexc3XBA190-9xW6I1\/view?usp=sharing\" target=\"_blank\" rel=\"noopener noreferrer\">ac\u00e1<\/a>\u00a0el video del \u00abChapuz\u00f3n + Fr\u00edo de la Perla\u00bb.<\/p>\n<\/div><\/section><\/div><div  style='height:50px' class='hr hr-invisible   avia-builder-el-6  el_after_av_one_full  el_before_av_social_share '><span class='hr-inner ' ><span class='hr-inner-style'><\/span><\/span><\/div><\/p>\n<div  class='av-social-sharing-box  avia-builder-el-7  el_after_av_hr  el_before_av_hr  '><div class='av-share-box'><h5 class='av-share-link-description av-no-toc '>Compartir esta noticia<\/h5><ul class='av-share-box-list noLightbox'><li class='av-share-link av-social-link-facebook' ><a target=\"_blank\" aria-label=\"Compartir en Facebook\" href='https:\/\/www.facebook.com\/sharer.php?u=https:\/\/radiorevelacionfm.cl\/?p=56194&#038;t=Con%20-9%C2%B0C%20de%20temperatura%3A%20Primer%20Carnaval%20de%20Invierno%20de%20Puerto%20Guadal%20estrena%20chapuz%C3%B3n%20en%20el%20Lago%20General%20Carrera' aria-hidden='false' data-av_icon='\ue8f3' data-av_iconfont='entypo-fontello' title='' data-avia-related-tooltip='Compartir en Facebook' rel=\"noopener\"><span class='avia_hidden_link_text'>Compartir en Facebook<\/span><\/a><\/li><li class='av-share-link av-social-link-twitter' ><a target=\"_blank\" aria-label=\"Compartir en Twitter\" href='https:\/\/twitter.com\/share?text=Con%20-9%C2%B0C%20de%20temperatura%3A%20Primer%20Carnaval%20de%20Invierno%20de%20Puerto%20Guadal%20estrena%20chapuz%C3%B3n%20en%20el%20Lago%20General%20Carrera&#038;url=https:\/\/radiorevelacionfm.cl\/?p=56194' aria-hidden='false' data-av_icon='\ue8f1' data-av_iconfont='entypo-fontello' title='' data-avia-related-tooltip='Compartir en Twitter' rel=\"noopener\"><span class='avia_hidden_link_text'>Compartir en Twitter<\/span><\/a><\/li><li class='av-share-link av-social-link-whatsapp' ><a target=\"_blank\" aria-label=\"Compartir en Whatsapp\" href='https:\/\/api.whatsapp.com\/send?text=https:\/\/radiorevelacionfm.cl\/?p=56194' aria-hidden='false' data-av_icon='\uf232' data-av_iconfont='entypo-fontello' title='' data-avia-related-tooltip='Compartir en Whatsapp' rel=\"noopener\"><span class='avia_hidden_link_text'>Compartir en Whatsapp<\/span><\/a><\/li><li class='av-share-link av-social-link-linkedin' ><a target=\"_blank\" aria-label=\"Compartir en LinkedIn\" href='https:\/\/linkedin.com\/shareArticle?mini=true&#038;title=Con%20-9%C2%B0C%20de%20temperatura%3A%20Primer%20Carnaval%20de%20Invierno%20de%20Puerto%20Guadal%20estrena%20chapuz%C3%B3n%20en%20el%20Lago%20General%20Carrera&#038;url=https:\/\/radiorevelacionfm.cl\/?p=56194' aria-hidden='false' data-av_icon='\ue8fc' data-av_iconfont='entypo-fontello' title='' data-avia-related-tooltip='Compartir en LinkedIn' rel=\"noopener\"><span class='avia_hidden_link_text'>Compartir en LinkedIn<\/span><\/a><\/li><li class='av-share-link av-social-link-mail' ><a  aria-label=\"Compartir por correo\" href='mailto:?subject=Con%20-9%C2%B0C%20de%20temperatura%3A%20Primer%20Carnaval%20de%20Invierno%20de%20Puerto%20Guadal%20estrena%20chapuz%C3%B3n%20en%20el%20Lago%20General%20Carrera&#038;body=https:\/\/radiorevelacionfm.cl\/?p=56194' aria-hidden='false' data-av_icon='\ue805' data-av_iconfont='entypo-fontello' title='' data-avia-related-tooltip='Compartir por correo'><span class='avia_hidden_link_text'>Compartir por correo<\/span><\/a><\/li><\/ul><\/div><\/div>\n<div  style='height:50px' class='hr hr-invisible   avia-builder-el-8  el_after_av_social_share  el_before_av_comments_list '><span class='hr-inner ' ><span class='hr-inner-style'><\/span><\/span><\/div>\n<div  class='av-buildercomment  av-blog-meta-html-info-disabled av-blog-meta-tag-disabled  '><\/div>\n","protected":false},"excerpt":{"rendered":"","protected":false},"author":1,"featured_media":56195,"comment_status":"closed","ping_status":"closed","sticky":false,"template":"","format":"standard","meta":{"footnotes":""},"categories":[38],"tags":[],"class_list":["post-56194","post","type-post","status-publish","format-standard","has-post-thumbnail","hentry","category-regional"],"jetpack_featured_media_url":"https:\/\/radiorevelacionfm.cl\/wp-content\/uploads\/2025\/07\/chapuzon-reconocimiento-1_optimized.jpg","_links":{"self":[{"href":"https:\/\/radiorevelacionfm.cl\/index.php?rest_route=\/wp\/v2\/posts\/56194","targetHints":{"allow":["GET"]}}],"collection":[{"href":"https:\/\/radiorevelacionfm.cl\/index.php?rest_route=\/wp\/v2\/posts"}],"about":[{"href":"https:\/\/radiorevelacionfm.cl\/index.php?rest_route=\/wp\/v2\/types\/post"}],"author":[{"embeddable":true,"href":"https:\/\/radiorevelacionfm.cl\/index.php?rest_route=\/wp\/v2\/users\/1"}],"replies":[{"embeddable":true,"href":"https:\/\/radiorevelacionfm.cl\/index.php?rest_route=%2Fwp%2Fv2%2Fcomments&post=56194"}],"version-history":[{"count":2,"href":"https:\/\/radiorevelacionfm.cl\/index.php?rest_route=\/wp\/v2\/posts\/56194\/revisions"}],"predecessor-version":[{"id":56197,"href":"https:\/\/radiorevelacionfm.cl\/index.php?rest_route=\/wp\/v2\/posts\/56194\/revisions\/56197"}],"wp:featuredmedia":[{"embeddable":true,"href":"https:\/\/radiorevelacionfm.cl\/index.php?rest_route=\/wp\/v2\/media\/56195"}],"wp:attachment":[{"href":"https:\/\/radiorevelacionfm.cl\/index.php?rest_route=%2Fwp%2Fv2%2Fmedia&parent=56194"}],"wp:term":[{"taxonomy":"category","embeddable":true,"href":"https:\/\/radiorevelacionfm.cl\/index.php?rest_route=%2Fwp%2Fv2%2Fcategories&post=56194"},{"taxonomy":"post_tag","embeddable":true,"href":"https:\/\/radiorevelacionfm.cl\/index.php?rest_route=%2Fwp%2Fv2%2Ftags&post=56194"}],"curies":[{"name":"wp","href":"https:\/\/api.w.org\/{rel}","templated":true}]}}