{"id":56190,"date":"2025-07-06T16:32:42","date_gmt":"2025-07-06T19:32:42","guid":{"rendered":"https:\/\/radiorevelacionfm.cl\/?p=56190"},"modified":"2025-07-06T18:30:44","modified_gmt":"2025-07-06T21:30:44","slug":"un-total-de-32-becados-as-de-la-orquesta-sinfonica-juvenil-regional-aysen-participan-en-campamento-musical-que-cerrara-con-masivo-concierto","status":"publish","type":"post","link":"https:\/\/radiorevelacionfm.cl\/?p=56190","title":{"rendered":"Un total de 39 becados\/as de la Orquesta Sinf\u00f3nica Juvenil Regional Ays\u00e9n participan en campamento musical que cerrar\u00e1 con masivo concierto"},"content":{"rendered":"<div class=\"flex_column av_one_full  flex_column_div av-zero-column-padding first  avia-builder-el-0  el_before_av_one_full  avia-builder-el-first  \" style='border-radius:0px; '><div  class='avia-image-container  av-styling-    avia-builder-el-1  avia-builder-el-no-sibling  avia-align-center '  itemprop=\"image\" itemscope=\"itemscope\" itemtype=\"https:\/\/schema.org\/ImageObject\"  ><div class='avia-image-container-inner'><div class='avia-image-overlay-wrap'><img decoding=\"async\" class='wp-image-56191 avia-img-lazy-loading-not-56191 avia_image' src=\"https:\/\/radiorevelacionfm.cl\/wp-content\/uploads\/2025\/07\/foji0910coyhaique107-1_optimized-1.jpg\" alt='' title='foji0910coyhaique107-(1)_optimized (1)' height=\"600\" width=\"900\"  itemprop=\"thumbnailUrl\" srcset=\"https:\/\/radiorevelacionfm.cl\/wp-content\/uploads\/2025\/07\/foji0910coyhaique107-1_optimized-1.jpg 900w, https:\/\/radiorevelacionfm.cl\/wp-content\/uploads\/2025\/07\/foji0910coyhaique107-1_optimized-1-300x200.jpg 300w, https:\/\/radiorevelacionfm.cl\/wp-content\/uploads\/2025\/07\/foji0910coyhaique107-1_optimized-1-768x512.jpg 768w, https:\/\/radiorevelacionfm.cl\/wp-content\/uploads\/2025\/07\/foji0910coyhaique107-1_optimized-1-705x470.jpg 705w, https:\/\/radiorevelacionfm.cl\/wp-content\/uploads\/2025\/07\/foji0910coyhaique107-1_optimized-1-450x300.jpg 450w, https:\/\/radiorevelacionfm.cl\/wp-content\/uploads\/2025\/07\/foji0910coyhaique107-1_optimized-1-600x400.jpg 600w\" sizes=\"(max-width: 900px) 100vw, 900px\" \/><\/div><\/div><\/div><\/div>\n<div class=\"flex_column av_one_full  flex_column_div av-zero-column-padding first  avia-builder-el-2  el_after_av_one_full  el_before_av_one_full  column-top-margin\" style='border-radius:0px; '><section class=\"av_textblock_section \"  itemscope=\"itemscope\" itemtype=\"https:\/\/schema.org\/BlogPosting\" itemprop=\"blogPost\" ><div class='avia_textblock  '   itemprop=\"text\" ><p style=\"text-align: center;\"><strong><span style=\"font-size: 18pt;\">Un total de 39 becados\/as de la Orquesta Sinf\u00f3nica Juvenil Regional Ays\u00e9n participan en campamento musical que cerrar\u00e1 con masivo concierto<\/span><\/strong><\/p>\n<div id=\"gtx-trans\" style=\"position: absolute; left: -50px; top: 4.31534px;\">\n<div class=\"gtx-trans-icon\"><\/div>\n<\/div>\n<\/div><\/section><\/div><div class=\"flex_column av_one_full  flex_column_div av-zero-column-padding first  avia-builder-el-4  el_after_av_one_full  el_before_av_hr  column-top-margin\" style='border-radius:0px; '><section class=\"av_textblock_section \"  itemscope=\"itemscope\" itemtype=\"https:\/\/schema.org\/BlogPosting\" itemprop=\"blogPost\" ><div class='avia_textblock  '   itemprop=\"text\" ><div>\n<p dir=\"ltr\" style=\"text-align: justify;\"><em>Durante una semana de julio las y los integrantes de la OSJR Ays\u00e9n provenientes de Puerto Cisnes, Puerto Ays\u00e9n Villa Ortega y Coyhaique profundizar\u00e1n sus conocimientos musicales con diversos talleres te\u00f3ricos y ensayos.<\/em><\/p>\n<p dir=\"ltr\" style=\"text-align: justify;\">Un campamento musical es la apuesta que la Fundaci\u00f3n de Orquestas Juveniles e Infantiles, FOJI que incia este lunes 7 al 12 de julio dirigido a las becados y becadas de la Orquesta Sinf\u00f3nica Juvenil regional Ays\u00e9n (OSJR Ays\u00e9n).<\/p>\n<p dir=\"ltr\" style=\"text-align: justify;\">Este modelo educativo se impartir\u00e1 para los 39 becados de entre 10 a 18 a\u00f1os, provenientes de las comunas de Puerto Ays\u00e9n, Puerto Cisnes, Villa Ortega y Coyhaique, tiene por objetivo brindarles una mayor preparaci\u00f3n musical en donde podr\u00e1n adentrarse en jornadas que contemplan diversas actividades y ensayos tutti a cargo del Director Musical de la Orquesta Sinf\u00f3nica Juvenil Regional de Ays\u00e9n Jos\u00e9 Valdivia Barrios.<\/p>\n<p dir=\"ltr\" style=\"text-align: justify;\">Pablo Aranda compositor y director ejecutivo de FOJI relev\u00f3 la iniciativa que comienza este a\u00f1o en las zonas extremas del pa\u00eds\u00a0\u00abEstamos muy contentos de comenzar en Ays\u00e9n este nuevo ciclo, que ser\u00e1 especial y diferente ya que daremos inicio a un modelo educativo que es un campamento intensivo y que culminar\u00e1 con un gran concierto. Nuestros becados y becadas provenientes de diversas comunas de la regi\u00f3n de Ays\u00e9n participar\u00e1n en clases te\u00f3ricas, ensayos parciales, seccionales, tutti, actividades psicosociales y tambi\u00e9n recibir\u00e1n alimentaci\u00f3n.\u00bb<\/p>\n<p dir=\"ltr\" style=\"text-align: justify;\">Los ensayos estar\u00e1n a cargo de un equipo de 8 instructores especialistas en la ense\u00f1anza instrumental, tanto de la regi\u00f3n de Ays\u00e9n como de Los Lagos, mientras que los talleres Psicosociales estar\u00e1n desarrollados por la profesional del \u00e1rea Paula Guglielme Cuyul.<\/p>\n<p dir=\"ltr\" style=\"text-align: justify;\">Jos\u00e9 Valdivia Barrios, director de la OSJR Ays\u00e9n abord\u00f3 sobre el repertorio que est\u00e1n preparando para el concierto de cierre \u00abCon todas las actividades que vamos a tener esperamos ofrecer un concierto muy bello para la comunidad, nuestro repertorio ser\u00e1 variado que forma parte del consciente colectivo por lo que lo van a reconocer y les va a gustar mucho. podr\u00e1n deleitarse con obras regionales destacando a Mate Amargo y Mensaje de Los Lazos, tambi\u00e9n tendremos piezas m\u00e1s bailables y la parte sinf\u00f3nica no se queda atr\u00e1s, as\u00ed que los dejamos muy cordialmente invitados a este gran concierto de cierre del campamento\u00bb.<\/p>\n<p dir=\"ltr\" style=\"text-align: justify;\">El campamento culminar\u00e1 con un concierto el 12 de julio en el Centro Cultural Coyhaique y ser\u00e1 abierto a toda la comunidad. Es por ello que Pablo Aranda destac\u00f3 el compromiso que han tenido las y los becarios de la OSJR\u00a0\u00abAgradezco el esfuerzo de cada uno de los becados, quienes asumen con responsabilidad y rigor este desaf\u00edo formativo. Estamos convencidos de que esta experiencia ser\u00e1 profundamente enriquecedora para su desarrollo integral como j\u00f3venes m\u00fasicos, fortaleciendo no solo su crecimiento musical, sino tambi\u00e9n su disciplina, trabajo en equipo y desarrollo personal\u00bb.<\/p>\n<p dir=\"ltr\" style=\"text-align: justify;\">FOJI cuenta con financiamiento del Ministerio de las Culturas, las Artes y el Patrimonio.<\/p>\n<p><span id=\"v1gmail-docs-internal-guid-bc6882b3-7fff-453a-7471-987cc3b92973\">M\u00e1s informaci\u00f3n en<a href=\"http:\/\/www.foji.cl\/\" target=\"_blank\" rel=\"noopener noreferrer\">\u00a0<\/a><a href=\"http:\/\/www.foji.cl\/\" target=\"_blank\" rel=\"noopener noreferrer\">www.foji.cl<\/a><\/span><\/p>\n<\/div>\n<div style=\"text-align: justify;\"><\/div>\n<\/div><\/section><\/div><\/p>\n<div  style='height:50px' class='hr hr-invisible   avia-builder-el-6  el_after_av_one_full  el_before_av_social_share '><span class='hr-inner ' ><span class='hr-inner-style'><\/span><\/span><\/div>\n<div  class='av-social-sharing-box  avia-builder-el-7  el_after_av_hr  el_before_av_hr  '><div class='av-share-box'><h5 class='av-share-link-description av-no-toc '>Compartir esta noticia<\/h5><ul class='av-share-box-list noLightbox'><li class='av-share-link av-social-link-facebook' ><a target=\"_blank\" aria-label=\"Compartir en Facebook\" href='https:\/\/www.facebook.com\/sharer.php?u=https:\/\/radiorevelacionfm.cl\/?p=56190&#038;t=Un%20total%20de%2039%20becados%2Fas%20de%20la%20Orquesta%20Sinf%C3%B3nica%20Juvenil%20Regional%20Ays%C3%A9n%20participan%20en%20campamento%20musical%20que%20cerrar%C3%A1%20con%20masivo%20concierto' aria-hidden='false' data-av_icon='\ue8f3' data-av_iconfont='entypo-fontello' title='' data-avia-related-tooltip='Compartir en Facebook' rel=\"noopener\"><span class='avia_hidden_link_text'>Compartir en Facebook<\/span><\/a><\/li><li class='av-share-link av-social-link-twitter' ><a target=\"_blank\" aria-label=\"Compartir en Twitter\" href='https:\/\/twitter.com\/share?text=Un%20total%20de%2039%20becados%2Fas%20de%20la%20Orquesta%20Sinf%C3%B3nica%20Juvenil%20Regional%20Ays%C3%A9n%20participan%20en%20campamento%20musical%20que%20cerrar%C3%A1%20con%20masivo%20concierto&#038;url=https:\/\/radiorevelacionfm.cl\/?p=56190' aria-hidden='false' data-av_icon='\ue8f1' data-av_iconfont='entypo-fontello' title='' data-avia-related-tooltip='Compartir en Twitter' rel=\"noopener\"><span class='avia_hidden_link_text'>Compartir en Twitter<\/span><\/a><\/li><li class='av-share-link av-social-link-whatsapp' ><a target=\"_blank\" aria-label=\"Compartir en Whatsapp\" href='https:\/\/api.whatsapp.com\/send?text=https:\/\/radiorevelacionfm.cl\/?p=56190' aria-hidden='false' data-av_icon='\uf232' data-av_iconfont='entypo-fontello' title='' data-avia-related-tooltip='Compartir en Whatsapp' rel=\"noopener\"><span class='avia_hidden_link_text'>Compartir en Whatsapp<\/span><\/a><\/li><li class='av-share-link av-social-link-linkedin' ><a target=\"_blank\" aria-label=\"Compartir en LinkedIn\" href='https:\/\/linkedin.com\/shareArticle?mini=true&#038;title=Un%20total%20de%2039%20becados%2Fas%20de%20la%20Orquesta%20Sinf%C3%B3nica%20Juvenil%20Regional%20Ays%C3%A9n%20participan%20en%20campamento%20musical%20que%20cerrar%C3%A1%20con%20masivo%20concierto&#038;url=https:\/\/radiorevelacionfm.cl\/?p=56190' aria-hidden='false' data-av_icon='\ue8fc' data-av_iconfont='entypo-fontello' title='' data-avia-related-tooltip='Compartir en LinkedIn' rel=\"noopener\"><span class='avia_hidden_link_text'>Compartir en LinkedIn<\/span><\/a><\/li><li class='av-share-link av-social-link-mail' ><a  aria-label=\"Compartir por correo\" href='mailto:?subject=Un%20total%20de%2039%20becados%2Fas%20de%20la%20Orquesta%20Sinf%C3%B3nica%20Juvenil%20Regional%20Ays%C3%A9n%20participan%20en%20campamento%20musical%20que%20cerrar%C3%A1%20con%20masivo%20concierto&#038;body=https:\/\/radiorevelacionfm.cl\/?p=56190' aria-hidden='false' data-av_icon='\ue805' data-av_iconfont='entypo-fontello' title='' data-avia-related-tooltip='Compartir por correo'><span class='avia_hidden_link_text'>Compartir por correo<\/span><\/a><\/li><\/ul><\/div><\/div>\n<div  style='height:50px' class='hr hr-invisible   avia-builder-el-8  el_after_av_social_share  el_before_av_comments_list '><span class='hr-inner ' ><span class='hr-inner-style'><\/span><\/span><\/div>\n<div  class='av-buildercomment  av-blog-meta-html-info-disabled av-blog-meta-tag-disabled  '><\/div>\n","protected":false},"excerpt":{"rendered":"","protected":false},"author":1,"featured_media":56191,"comment_status":"closed","ping_status":"closed","sticky":false,"template":"","format":"standard","meta":{"footnotes":""},"categories":[43],"tags":[],"class_list":["post-56190","post","type-post","status-publish","format-standard","has-post-thumbnail","hentry","category-musica"],"jetpack_featured_media_url":"https:\/\/radiorevelacionfm.cl\/wp-content\/uploads\/2025\/07\/foji0910coyhaique107-1_optimized-1.jpg","_links":{"self":[{"href":"https:\/\/radiorevelacionfm.cl\/index.php?rest_route=\/wp\/v2\/posts\/56190","targetHints":{"allow":["GET"]}}],"collection":[{"href":"https:\/\/radiorevelacionfm.cl\/index.php?rest_route=\/wp\/v2\/posts"}],"about":[{"href":"https:\/\/radiorevelacionfm.cl\/index.php?rest_route=\/wp\/v2\/types\/post"}],"author":[{"embeddable":true,"href":"https:\/\/radiorevelacionfm.cl\/index.php?rest_route=\/wp\/v2\/users\/1"}],"replies":[{"embeddable":true,"href":"https:\/\/radiorevelacionfm.cl\/index.php?rest_route=%2Fwp%2Fv2%2Fcomments&post=56190"}],"version-history":[{"count":3,"href":"https:\/\/radiorevelacionfm.cl\/index.php?rest_route=\/wp\/v2\/posts\/56190\/revisions"}],"predecessor-version":[{"id":56201,"href":"https:\/\/radiorevelacionfm.cl\/index.php?rest_route=\/wp\/v2\/posts\/56190\/revisions\/56201"}],"wp:featuredmedia":[{"embeddable":true,"href":"https:\/\/radiorevelacionfm.cl\/index.php?rest_route=\/wp\/v2\/media\/56191"}],"wp:attachment":[{"href":"https:\/\/radiorevelacionfm.cl\/index.php?rest_route=%2Fwp%2Fv2%2Fmedia&parent=56190"}],"wp:term":[{"taxonomy":"category","embeddable":true,"href":"https:\/\/radiorevelacionfm.cl\/index.php?rest_route=%2Fwp%2Fv2%2Fcategories&post=56190"},{"taxonomy":"post_tag","embeddable":true,"href":"https:\/\/radiorevelacionfm.cl\/index.php?rest_route=%2Fwp%2Fv2%2Ftags&post=56190"}],"curies":[{"name":"wp","href":"https:\/\/api.w.org\/{rel}","templated":true}]}}