{"id":56186,"date":"2025-07-06T16:21:08","date_gmt":"2025-07-06T19:21:08","guid":{"rendered":"https:\/\/radiorevelacionfm.cl\/?p=56186"},"modified":"2025-07-06T16:21:08","modified_gmt":"2025-07-06T19:21:08","slug":"seis-detenidos-en-lago-frio-gobierno-denuncia-la-corta-ilegal-de-bosque-nativo-en-la-region-de-aysen","status":"publish","type":"post","link":"https:\/\/radiorevelacionfm.cl\/?p=56186","title":{"rendered":"Seis detenidos en Lago Fr\u00edo: Gobierno denuncia la corta ilegal de bosque nativo en la regi\u00f3n de Ays\u00e9n"},"content":{"rendered":"<div class=\"flex_column av_one_full  flex_column_div av-zero-column-padding first  avia-builder-el-0  el_before_av_one_full  avia-builder-el-first  \" style='border-radius:0px; '><div  class='avia-image-container  av-styling-    avia-builder-el-1  avia-builder-el-no-sibling  avia-align-center '  itemprop=\"image\" itemscope=\"itemscope\" itemtype=\"https:\/\/schema.org\/ImageObject\"  ><div class='avia-image-container-inner'><div class='avia-image-overlay-wrap'><img decoding=\"async\" class='wp-image-56187 avia-img-lazy-loading-not-56187 avia_image' src=\"https:\/\/radiorevelacionfm.cl\/wp-content\/uploads\/2025\/07\/foto-detencion-2-1_optimized-1.jpeg\" alt='' title='foto-detenci\u00f3n-2-(1)_optimized (1)' height=\"600\" width=\"800\"  itemprop=\"thumbnailUrl\" srcset=\"https:\/\/radiorevelacionfm.cl\/wp-content\/uploads\/2025\/07\/foto-detencion-2-1_optimized-1.jpeg 800w, https:\/\/radiorevelacionfm.cl\/wp-content\/uploads\/2025\/07\/foto-detencion-2-1_optimized-1-300x225.jpeg 300w, https:\/\/radiorevelacionfm.cl\/wp-content\/uploads\/2025\/07\/foto-detencion-2-1_optimized-1-768x576.jpeg 768w, https:\/\/radiorevelacionfm.cl\/wp-content\/uploads\/2025\/07\/foto-detencion-2-1_optimized-1-705x529.jpeg 705w, https:\/\/radiorevelacionfm.cl\/wp-content\/uploads\/2025\/07\/foto-detencion-2-1_optimized-1-450x338.jpeg 450w, https:\/\/radiorevelacionfm.cl\/wp-content\/uploads\/2025\/07\/foto-detencion-2-1_optimized-1-600x450.jpeg 600w\" sizes=\"(max-width: 800px) 100vw, 800px\" \/><\/div><\/div><\/div><\/div><div class=\"flex_column av_one_full  flex_column_div av-zero-column-padding first  avia-builder-el-2  el_after_av_one_full  el_before_av_one_full  column-top-margin\" style='border-radius:0px; '><section class=\"av_textblock_section \"  itemscope=\"itemscope\" itemtype=\"https:\/\/schema.org\/BlogPosting\" itemprop=\"blogPost\" ><div class='avia_textblock  '   itemprop=\"text\" ><p style=\"text-align: center;\"><strong><span style=\"font-size: 18pt;\">Seis detenidos en Lago Fr\u00edo: Gobierno denuncia la corta ilegal de bosque nativo en la regi\u00f3n de Ays\u00e9n<\/span><\/strong><\/p>\n<div id=\"gtx-trans\" style=\"position: absolute; left: -50px; top: 4.31534px;\">\n<div class=\"gtx-trans-icon\"><\/div>\n<\/div>\n<\/div><\/section><\/div><div class=\"flex_column av_one_full  flex_column_div av-zero-column-padding first  avia-builder-el-4  el_after_av_one_full  el_before_av_hr  column-top-margin\" style='border-radius:0px; '><section class=\"av_textblock_section \"  itemscope=\"itemscope\" itemtype=\"https:\/\/schema.org\/BlogPosting\" itemprop=\"blogPost\" ><div class='avia_textblock  '   itemprop=\"text\" ><p style=\"text-align: justify;\"><em>Autoridades anunciaron que se intensificar\u00e1n las fiscalizaciones intersectoriales en las cuatro provincias, adem\u00e1s de perseguir las responsabilidades penales por este delito.<\/em><\/p>\n<p style=\"text-align: justify;\">Tras oportunas denuncias ciudadanas, en menos de dos semanas han quedado al descubierto tres hechos de tala ilegal de bosque nativo en predios fiscales de la regi\u00f3n de Ays\u00e9n.<\/p>\n<p style=\"text-align: justify;\">En ese contexto, desde la Delegaci\u00f3n Presidencial Regional de Ays\u00e9n, las Secretar\u00edas Regionales Ministeriales de Bienes Nacionales, de Seguridad P\u00fablica, de Medio Ambiente, la direcci\u00f3n regional de Conaf, Carabineros, Bidema de la Polic\u00eda de Investigaciones y Ministerio P\u00fablico, mediante un punto de prensa, exhortaron a la ciudadan\u00eda a seguir utilizando los canales formales de denuncia llamando al 133 de Carabineros, 134 de la PDI, adem\u00e1s del sitio web de Conaf <a href=\"http:\/\/www.conaf.cl\">www.conaf.cl<\/a> y reportar sobre estos delitos que impactan en el ecosistema y generan da\u00f1os irreversibles en el patrimonio natural de todas y todos.<\/p>\n<p style=\"text-align: justify;\">En la instancia se dio a conocer que el pasado 1 de julio, en un procedimiento de fiscalizaci\u00f3n programada en el sector Lago Fr\u00edo de la comuna de Coyhaique, entre las unidades de fiscalizaci\u00f3n de Bienes Nacionales, Conaf y funcionarios de Carabineros de los retenes aleda\u00f1os, seis personas fueron sorprendidas<em> in fraganti<\/em> trasladando le\u00f1a sin autorizaci\u00f3n desde un terreno fiscal de 220 hect\u00e1reas, de las cuales, alrededor de 32 han sido afectadas \u201cpor esta corta ilegal, lo que se estima que es una p\u00e9rdida de alrededor de 100 millones de pesos. Es un hecho grave y como Ministerio de Bienes Nacionales estamos haciendo las diligencias para perseguir las responsabilidades penales que corresponden en este caso porque hay que considerar que los bosques fiscales son patrimonio de todos los chilenos\u201d, enfatiz\u00f3 la Seremi Irina Morend de Bienes Nacionales de Ays\u00e9n, quien adem\u00e1s hizo un llamado a la comunidad a reportar estos hechos; refiriendo tambi\u00e9n que para hacer manejo de bosques fiscales \u201cse tiene que contar con un plan de manejo y previamente, con un acto administrativo del Estado que los autoriza para aquello\u201d, precis\u00f3 la autoridad que administra la propiedad fiscal de Ays\u00e9n.<\/p>\n<p style=\"text-align: justify;\">El Delegado Presidencial Regional de Ays\u00e9n, Jorge D\u00edaz Guzm\u00e1n, remarc\u00f3 que junto a la corta ilegal, hay diferentes aristas que merecen an\u00e1lisis como la venta irregular de le\u00f1a, \u201cse deber\u00e1 determinar una serie de secuencias de delitos y evasiones, adem\u00e1s de alteraciones al medio ambiente, por lo tanto, como Gobierno vamos a perseguir a las personas que est\u00e1n lucrando con un bien nacional que pertenece a toda la sociedad\u201d, afirm\u00f3 el representante del Presidente en Ays\u00e9n, quien agreg\u00f3 que estas fiscalizaciones seguir\u00e1n coordin\u00e1ndose en conjunto y en las cuatro provincias de la regi\u00f3n, \u201cvamos a dar la alerta a nuestros delegados presidenciales para que en conjunto con Conaf y Bienes Nacionales sigamos fiscalizando, porque esta es una pr\u00e1ctica que no podemos tolerar\u201d, refiri\u00f3.<\/p>\n<p style=\"text-align: justify;\"><strong><u>Tala ilegal en Lago Fr\u00edo<\/u><\/strong><\/p>\n<p style=\"text-align: justify;\">Desde Conaf, su director regional Ronald Valenzuela Campos se\u00f1al\u00f3 que, la instituci\u00f3n frecuentemente fiscaliza, no obstante, \u201cla particularidad, es que afortunadamente, se les sorprendi\u00f3 <em>in situ<\/em> a los responsables de esta corta no autorizada\u201d, dijo, explicando que \u201cno se ten\u00eda un Plan de Manejo Forestal autorizado por parte de la Conaf, y la importancia del plan de manejo es que es un instrumento que garantiza el manejo sustentable de recursos forestales y la agravante es que, esto se realiz\u00f3 en una propiedad fiscal que es de todas y todos los chilenos\u201d, dijo Valenzuela, haciendo un llamado a la comunidad, a exigir gu\u00edas de libre tr\u00e1nsito a quienes comercializan le\u00f1a \u201cporque este instrumento es el \u00fanico que da cuenta de que los productos provienen de un plan de manejo forestal aprobado, ya que si se comercializan sin gu\u00eda, es probable que tengan origen similar al que estamos enfrentando en este momento\u201d, sentenci\u00f3.<\/p>\n<p style=\"text-align: justify;\">Respecto al procedimiento policial, el Comisario de la Primera Comisar\u00eda de Coyhaique, Mayor Sebasti\u00e1n Casanueva confirm\u00f3 que \u201cse puso a estas personas a disposici\u00f3n del Ministerio P\u00fablico y se incautaron las diferentes especies que se utilizaron para este hecho: dos veh\u00edculos, una motosierra y dos hachas\u201d, y tambi\u00e9n desde la Instituci\u00f3n se inform\u00f3 que a la fecha se lleva un 7% m\u00e1s de delitos por sustracci\u00f3n de le\u00f1a e infracci\u00f3n a la Ley de Bosques, \u201clas denuncias permiten focalizar, georreferenciar dependiendo del delito y de esta forma desplegar el recurso humano y log\u00edstico donde la ciudadan\u00eda nos necesita\u201d, afirm\u00f3 el Comisario, a\u00f1adiendo que una de las personas detenidas en este hecho, \u201cmanten\u00eda \u00f3rdenes vigentes por otro tipo de delitos, lo que pusimos en conocimiento del Ministerio P\u00fablico\u201d, precis\u00f3.<\/p>\n<p style=\"text-align: justify;\">Desde el Ministerio P\u00fablico, el Fiscal Adjunto de Coyhaique, Mat\u00edas Manzano, se refiri\u00f3 a la tipificaci\u00f3n del delito, indicando que se trata de sustracci\u00f3n de madera, en el marco de la Ley 21.488, \u201clegislaci\u00f3n que ha sido reforzada, porque las penas son m\u00e1s severas y derechamente las incautaciones caen directamente en comiso, lo que permite desarticular los medios con que cuentan estas personas para ejecutar este delito, porque la investigaci\u00f3n determinar\u00e1 si esta fue una primera vez, una segunda o tercera, en este predio o quiz\u00e1s en cu\u00e1ntos otros\u201d, sostuvo el persecutor penal, agregando que las penas, \u201catendido a este delito y el tipo de sustracci\u00f3n y el monto del aval\u00fao, hablamos que van penas desde 3 a\u00f1os y 1 d\u00eda hacia arriba como pretensi\u00f3n de pena corporal, pero lo que es mucho m\u00e1s gravoso, las multas ascienden desde las 75 UTM (aproximadamente 5 millones de pesos)\u201d, sostuvo el fiscal.<\/p>\n<p style=\"text-align: justify;\"><strong><u>Tala ilegal en Reserva Nacional Katalalixar <\/u><\/strong><\/p>\n<p style=\"text-align: justify;\">Otro de los temas que ha impactado en la opini\u00f3n p\u00fablica, es el caso de la Reserva Nacional Katalalixar, ubicada en la zona de los canales y fiordos de la comuna de Tortel.<\/p>\n<p style=\"text-align: justify;\">Sobre este hecho, el director regional de la Conaf, Ronald Valenzuela, confirm\u00f3 que, tras denuncias ciudadanas, se pudo concurrir pese a las dificultades de acceso, para posteriormente presentar la denuncia ante la Fiscal\u00eda de Cochrane, desde donde eman\u00f3 la orden de investigar.<\/p>\n<p style=\"text-align: justify;\">El jefe de la Brigada Investigadora de Delitos Contra el Medio Ambiente y Patrimonio Cultural, Bidema Ays\u00e9n, comisario Marcelo Ladino Gonz\u00e1lez, indic\u00f3 que \u201cLos detectives concurrieron al sitio del suceso en la Reserva Nacional Katalalixar, ubicada a 21 millas n\u00e1uticas de Caleta Tortel. Los detectives lograron establecer la efectividad de lo denunciado. Se constat\u00f3 m\u00e1s de 75 \u00e1rboles talados, consistentes en un 80% a la especie de Cipr\u00e9s de Las Guaitecas, especie que est\u00e1 protegida por ley. En este caso, los expertos se\u00f1alan que la data de los \u00e1rboles talados corresponde a 500 a\u00f1os y para que este bosque se recupere se necesitan otros 500 a\u00f1os m\u00e1s, entonces, es un patrimonio de la humanidad que en este momento est\u00e1 siendo vulnerado\u201d, cerr\u00f3 Ladino.<\/p>\n<p style=\"text-align: justify;\">Las instituciones recalcaron que las denuncias activan los procesos, en ese sentido brindaron los n\u00fameros 133, de Carabineros, 134 de la PDI, el correo <a href=\"mailto:bidema.pay@investigaciones.cl\">bidema.pay@investigaciones.cl<\/a> de la Bidema Ays\u00e9n y el sitio web <a href=\"http:\/\/www.conaf.cl\">www.conaf.cl<\/a>, de la Corporaci\u00f3n Nacional Forestal.<\/p>\n<\/div><\/section><\/div><div  style='height:50px' class='hr hr-invisible   avia-builder-el-6  el_after_av_one_full  el_before_av_social_share '><span class='hr-inner ' ><span class='hr-inner-style'><\/span><\/span><\/div><\/p>\n<div  class='av-social-sharing-box  avia-builder-el-7  el_after_av_hr  el_before_av_hr  '><div class='av-share-box'><h5 class='av-share-link-description av-no-toc '>Compartir esta noticia<\/h5><ul class='av-share-box-list noLightbox'><li class='av-share-link av-social-link-facebook' ><a target=\"_blank\" aria-label=\"Compartir en Facebook\" href='https:\/\/www.facebook.com\/sharer.php?u=https:\/\/radiorevelacionfm.cl\/?p=56186&#038;t=Seis%20detenidos%20en%20Lago%20Fr%C3%ADo%3A%20Gobierno%20denuncia%20la%20corta%20ilegal%20de%20bosque%20nativo%20en%20la%20regi%C3%B3n%20de%20Ays%C3%A9n' aria-hidden='false' data-av_icon='\ue8f3' data-av_iconfont='entypo-fontello' title='' data-avia-related-tooltip='Compartir en Facebook' rel=\"noopener\"><span class='avia_hidden_link_text'>Compartir en Facebook<\/span><\/a><\/li><li class='av-share-link av-social-link-twitter' ><a target=\"_blank\" aria-label=\"Compartir en Twitter\" href='https:\/\/twitter.com\/share?text=Seis%20detenidos%20en%20Lago%20Fr%C3%ADo%3A%20Gobierno%20denuncia%20la%20corta%20ilegal%20de%20bosque%20nativo%20en%20la%20regi%C3%B3n%20de%20Ays%C3%A9n&#038;url=https:\/\/radiorevelacionfm.cl\/?p=56186' aria-hidden='false' data-av_icon='\ue8f1' data-av_iconfont='entypo-fontello' title='' data-avia-related-tooltip='Compartir en Twitter' rel=\"noopener\"><span class='avia_hidden_link_text'>Compartir en Twitter<\/span><\/a><\/li><li class='av-share-link av-social-link-whatsapp' ><a target=\"_blank\" aria-label=\"Compartir en Whatsapp\" href='https:\/\/api.whatsapp.com\/send?text=https:\/\/radiorevelacionfm.cl\/?p=56186' aria-hidden='false' data-av_icon='\uf232' data-av_iconfont='entypo-fontello' title='' data-avia-related-tooltip='Compartir en Whatsapp' rel=\"noopener\"><span class='avia_hidden_link_text'>Compartir en Whatsapp<\/span><\/a><\/li><li class='av-share-link av-social-link-linkedin' ><a target=\"_blank\" aria-label=\"Compartir en LinkedIn\" href='https:\/\/linkedin.com\/shareArticle?mini=true&#038;title=Seis%20detenidos%20en%20Lago%20Fr%C3%ADo%3A%20Gobierno%20denuncia%20la%20corta%20ilegal%20de%20bosque%20nativo%20en%20la%20regi%C3%B3n%20de%20Ays%C3%A9n&#038;url=https:\/\/radiorevelacionfm.cl\/?p=56186' aria-hidden='false' data-av_icon='\ue8fc' data-av_iconfont='entypo-fontello' title='' data-avia-related-tooltip='Compartir en LinkedIn' rel=\"noopener\"><span class='avia_hidden_link_text'>Compartir en LinkedIn<\/span><\/a><\/li><li class='av-share-link av-social-link-mail' ><a  aria-label=\"Compartir por correo\" href='mailto:?subject=Seis%20detenidos%20en%20Lago%20Fr%C3%ADo%3A%20Gobierno%20denuncia%20la%20corta%20ilegal%20de%20bosque%20nativo%20en%20la%20regi%C3%B3n%20de%20Ays%C3%A9n&#038;body=https:\/\/radiorevelacionfm.cl\/?p=56186' aria-hidden='false' data-av_icon='\ue805' data-av_iconfont='entypo-fontello' title='' data-avia-related-tooltip='Compartir por correo'><span class='avia_hidden_link_text'>Compartir por correo<\/span><\/a><\/li><\/ul><\/div><\/div>\n<div  style='height:50px' class='hr hr-invisible   avia-builder-el-8  el_after_av_social_share  el_before_av_comments_list '><span class='hr-inner ' ><span class='hr-inner-style'><\/span><\/span><\/div>\n<div  class='av-buildercomment  av-blog-meta-html-info-disabled av-blog-meta-tag-disabled  '><\/div>\n","protected":false},"excerpt":{"rendered":"","protected":false},"author":1,"featured_media":56187,"comment_status":"closed","ping_status":"closed","sticky":false,"template":"","format":"standard","meta":{"footnotes":""},"categories":[38],"tags":[],"class_list":["post-56186","post","type-post","status-publish","format-standard","has-post-thumbnail","hentry","category-regional"],"jetpack_featured_media_url":"https:\/\/radiorevelacionfm.cl\/wp-content\/uploads\/2025\/07\/foto-detencion-2-1_optimized-1.jpeg","_links":{"self":[{"href":"https:\/\/radiorevelacionfm.cl\/index.php?rest_route=\/wp\/v2\/posts\/56186","targetHints":{"allow":["GET"]}}],"collection":[{"href":"https:\/\/radiorevelacionfm.cl\/index.php?rest_route=\/wp\/v2\/posts"}],"about":[{"href":"https:\/\/radiorevelacionfm.cl\/index.php?rest_route=\/wp\/v2\/types\/post"}],"author":[{"embeddable":true,"href":"https:\/\/radiorevelacionfm.cl\/index.php?rest_route=\/wp\/v2\/users\/1"}],"replies":[{"embeddable":true,"href":"https:\/\/radiorevelacionfm.cl\/index.php?rest_route=%2Fwp%2Fv2%2Fcomments&post=56186"}],"version-history":[{"count":2,"href":"https:\/\/radiorevelacionfm.cl\/index.php?rest_route=\/wp\/v2\/posts\/56186\/revisions"}],"predecessor-version":[{"id":56189,"href":"https:\/\/radiorevelacionfm.cl\/index.php?rest_route=\/wp\/v2\/posts\/56186\/revisions\/56189"}],"wp:featuredmedia":[{"embeddable":true,"href":"https:\/\/radiorevelacionfm.cl\/index.php?rest_route=\/wp\/v2\/media\/56187"}],"wp:attachment":[{"href":"https:\/\/radiorevelacionfm.cl\/index.php?rest_route=%2Fwp%2Fv2%2Fmedia&parent=56186"}],"wp:term":[{"taxonomy":"category","embeddable":true,"href":"https:\/\/radiorevelacionfm.cl\/index.php?rest_route=%2Fwp%2Fv2%2Fcategories&post=56186"},{"taxonomy":"post_tag","embeddable":true,"href":"https:\/\/radiorevelacionfm.cl\/index.php?rest_route=%2Fwp%2Fv2%2Ftags&post=56186"}],"curies":[{"name":"wp","href":"https:\/\/api.w.org\/{rel}","templated":true}]}}