{"id":56179,"date":"2025-07-06T18:33:47","date_gmt":"2025-07-06T21:33:47","guid":{"rendered":"https:\/\/radiorevelacionfm.cl\/?p=56179"},"modified":"2025-07-06T18:33:47","modified_gmt":"2025-07-06T21:33:47","slug":"asume-nueva-directiva-del-consejo-consultivo-de-salud-del-hospital-de-puerto-aysen","status":"publish","type":"post","link":"https:\/\/radiorevelacionfm.cl\/?p=56179","title":{"rendered":"Asume nueva directiva del Consejo Consultivo de Salud del Hospital de Puerto Ays\u00e9n"},"content":{"rendered":"<div class=\"flex_column av_one_full  flex_column_div av-zero-column-padding first  avia-builder-el-0  el_before_av_one_full  avia-builder-el-first  \" style='border-radius:0px; '><div  class='avia-image-container  av-styling-    avia-builder-el-1  avia-builder-el-no-sibling  avia-align-center '  itemprop=\"image\" itemscope=\"itemscope\" itemtype=\"https:\/\/schema.org\/ImageObject\"  ><div class='avia-image-container-inner'><div class='avia-image-overlay-wrap'><img decoding=\"async\" class='wp-image-56180 avia-img-lazy-loading-not-56180 avia_image' src=\"https:\/\/radiorevelacionfm.cl\/wp-content\/uploads\/2025\/07\/presentacion-consejo-salud-005-1_optimized.jpg\" alt='' title='presentacion-consejo-salud--005-(1)_optimized' height=\"600\" width=\"900\"  itemprop=\"thumbnailUrl\" srcset=\"https:\/\/radiorevelacionfm.cl\/wp-content\/uploads\/2025\/07\/presentacion-consejo-salud-005-1_optimized.jpg 900w, https:\/\/radiorevelacionfm.cl\/wp-content\/uploads\/2025\/07\/presentacion-consejo-salud-005-1_optimized-300x200.jpg 300w, https:\/\/radiorevelacionfm.cl\/wp-content\/uploads\/2025\/07\/presentacion-consejo-salud-005-1_optimized-768x512.jpg 768w, https:\/\/radiorevelacionfm.cl\/wp-content\/uploads\/2025\/07\/presentacion-consejo-salud-005-1_optimized-705x470.jpg 705w, https:\/\/radiorevelacionfm.cl\/wp-content\/uploads\/2025\/07\/presentacion-consejo-salud-005-1_optimized-450x300.jpg 450w, https:\/\/radiorevelacionfm.cl\/wp-content\/uploads\/2025\/07\/presentacion-consejo-salud-005-1_optimized-600x400.jpg 600w\" sizes=\"(max-width: 900px) 100vw, 900px\" \/><\/div><\/div><\/div><\/div><div class=\"flex_column av_one_full  flex_column_div av-zero-column-padding first  avia-builder-el-2  el_after_av_one_full  el_before_av_one_full  column-top-margin\" style='border-radius:0px; '><section class=\"av_textblock_section \"  itemscope=\"itemscope\" itemtype=\"https:\/\/schema.org\/BlogPosting\" itemprop=\"blogPost\" ><div class='avia_textblock  '   itemprop=\"text\" ><p style=\"text-align: center;\"><span style=\"font-size: 18pt;\"><b>Asume nueva directiva del Consejo Consultivo de Salud del Hospital de Puerto Ays\u00e9n<\/b><\/span><\/p>\n<div id=\"gtx-trans\" style=\"position: absolute; left: -50px; top: 4.31534px;\">\n<div class=\"gtx-trans-icon\"><\/div>\n<\/div>\n<\/div><\/section><\/div><div class=\"flex_column av_one_full  flex_column_div av-zero-column-padding first  avia-builder-el-4  el_after_av_one_full  el_before_av_hr  column-top-margin\" style='border-radius:0px; '><section class=\"av_textblock_section \"  itemscope=\"itemscope\" itemtype=\"https:\/\/schema.org\/BlogPosting\" itemprop=\"blogPost\" ><div class='avia_textblock  '   itemprop=\"text\" ><p style=\"font-weight: 400; text-align: justify;\"><em>Representantes de organizaciones comunitarias asumieron sus cargos para el periodo 2025-2028 en una ceremonia que destac\u00f3 el compromiso con una salud m\u00e1s equitativa, resolutiva y participaci\u00f3n en di\u00e1logo con la red asistencial.<\/em><\/p>\n<p style=\"font-weight: 400; text-align: justify;\">Con el objetivo de fortalecer el v\u00ednculo entre la comunidad, el Servicio de Salud Ays\u00e9n y sus distintos dispositivos, cerca de una veintena de organizaciones sociales participaron en la ceremonia donde se oficializ\u00f3 la nueva directiva del Consejo Consultivo del Hospital de Puerto Ays\u00e9n.<\/p>\n<p style=\"font-weight: 400; text-align: justify;\">La nueva mesa qued\u00f3 conformada por la se\u00f1ora Ximena Ruiz Reimapo como presidenta, Ingrid Becker Cordano, vicepresidenta, Rosa Ch\u00e1vez Nitor, secretaria de acta y \u00c1ngel Maldonado C\u00e1novas, quien asumi\u00f3 el rol de delegado.<\/p>\n<p style=\"font-weight: 400; text-align: justify;\">\u201cMi apreciaci\u00f3n con este nuevo trabajo es tomarlo con harta responsabilidad nuevamente. Hay hartas cosas pendientes todav\u00eda, y hay que avanzar en el trabajo colaborativo. Hay que retomar las confianzas con la comunidad, que es muy importante para el Consejo: poder acercar la salud a los territorios y, sobre todo, a nuestra comuna, a nuestras juntas de vecinos. Desde la direcci\u00f3n del Hospital poder sacarlo a las poblaciones, hacer de esta salud m\u00e1s comunitaria, donde la gente se sienta acogida, y sienta confianza en su hospital\u201d, se\u00f1al\u00f3 Ximena Ruiz Reimapo, presidenta del Consejo Consultivo del Hospital de Puerto Ays\u00e9n.<\/p>\n<p style=\"font-weight: 400; text-align: justify;\">La ceremonia fue encabezada por el director del Hospital de Puerto Ays\u00e9n, Hern\u00e1n Barrientos, quien ratific\u00f3 oficialmente los resultados de la elecci\u00f3n y relev\u00f3 el rol activo de la comunidad en la construcci\u00f3n de una salud m\u00e1s cercana y resolutiva.<\/p>\n<p style=\"font-weight: 400; text-align: justify;\">\u201cTodos los compromisos que nosotros hacemos como directivos y como equipo de salud, muchas veces es a trav\u00e9s de este nexo y esta colaboraci\u00f3n que uno hace con la comunidad. Entonces, el rol que cumple el Consejo Consultivo en este proceso es fundamental. As\u00ed que esperamos que, de aqu\u00ed en adelante, podamos trabajar colaborativamente, con respeto mutuo, conociendo las necesidades directas de las organizaciones sociales que van a estar representadas y de esa forma tambi\u00e9n tomar decisiones informadas para poder entregar una mejor salud a la gente de Ays\u00e9n\u201d, indic\u00f3 el director.<\/p>\n<p style=\"font-weight: 400; text-align: justify;\">El proceso eleccionario fue coordinado por un Tribunal Calificador de Elecciones (TRICEL), cuya labor fue reconocida por su transparencia y rigurosidad.<\/p>\n<p style=\"font-weight: 400; text-align: justify;\">\u201cHubo un TRICEL que trabaj\u00f3 igual muy bueno, las chicas ac\u00e1 de OIRS, y se dio esta directiva que fue elegida la semana pasada. Y nosotros como consejo estamos llanos a trabajar en todo lo que es para mejorar, para aportar en equipo con el director y ver todas esas necesidades que son m\u00e1s prioritarias\u201d, expres\u00f3 Rosa S\u00e1nchez, secretaria de acta del nuevo consejo.<\/p>\n<p style=\"font-weight: 400; text-align: justify;\">Cabe mencionar que, espacios como este Consejo Consultivo permiten no solo escuchar a la comunidad, sino tambi\u00e9n integrar su mirada en decisiones que impactan directamente en el desarrollo de la red asistencial y en el fortalecimiento de la salud p\u00fablica con enfoque territorial.<\/p>\n<p style=\"font-weight: 400; text-align: justify;\">\u201cDesearles todo el \u00e9xito y estamos llanos a trabajar en equipo, que es lo que interesa, con la finalidad de poder buscar el mejor beneficio para la comunidad\u201d, agreg\u00f3 la concejala Tatiana Villarroel.<\/p>\n<p style=\"font-weight: 400; text-align: justify;\">Desde el Hospital de Puerto Ays\u00e9n, junto al Servicio de Salud Ays\u00e9n, se reiter\u00f3 que la participaci\u00f3n social es un eje central de la gesti\u00f3n sanitaria, y que los consejos de la sociedad civil son instrumentos leg\u00edtimos y necesarios para recoger las necesidades reales de cada comunidad.<\/p>\n<\/div><\/section><\/div><div  style='height:50px' class='hr hr-invisible   avia-builder-el-6  el_after_av_one_full  el_before_av_social_share '><span class='hr-inner ' ><span class='hr-inner-style'><\/span><\/span><\/div><\/p>\n<div  class='av-social-sharing-box  avia-builder-el-7  el_after_av_hr  el_before_av_hr  '><div class='av-share-box'><h5 class='av-share-link-description av-no-toc '>Compartir esta noticia<\/h5><ul class='av-share-box-list noLightbox'><li class='av-share-link av-social-link-facebook' ><a target=\"_blank\" aria-label=\"Compartir en Facebook\" href='https:\/\/www.facebook.com\/sharer.php?u=https:\/\/radiorevelacionfm.cl\/?p=56179&#038;t=Asume%20nueva%20directiva%20del%20Consejo%20Consultivo%20de%20Salud%20del%20Hospital%20de%20Puerto%20Ays%C3%A9n' aria-hidden='false' data-av_icon='\ue8f3' data-av_iconfont='entypo-fontello' title='' data-avia-related-tooltip='Compartir en Facebook' rel=\"noopener\"><span class='avia_hidden_link_text'>Compartir en Facebook<\/span><\/a><\/li><li class='av-share-link av-social-link-twitter' ><a target=\"_blank\" aria-label=\"Compartir en Twitter\" href='https:\/\/twitter.com\/share?text=Asume%20nueva%20directiva%20del%20Consejo%20Consultivo%20de%20Salud%20del%20Hospital%20de%20Puerto%20Ays%C3%A9n&#038;url=https:\/\/radiorevelacionfm.cl\/?p=56179' aria-hidden='false' data-av_icon='\ue8f1' data-av_iconfont='entypo-fontello' title='' data-avia-related-tooltip='Compartir en Twitter' rel=\"noopener\"><span class='avia_hidden_link_text'>Compartir en Twitter<\/span><\/a><\/li><li class='av-share-link av-social-link-whatsapp' ><a target=\"_blank\" aria-label=\"Compartir en Whatsapp\" href='https:\/\/api.whatsapp.com\/send?text=https:\/\/radiorevelacionfm.cl\/?p=56179' aria-hidden='false' data-av_icon='\uf232' data-av_iconfont='entypo-fontello' title='' data-avia-related-tooltip='Compartir en Whatsapp' rel=\"noopener\"><span class='avia_hidden_link_text'>Compartir en Whatsapp<\/span><\/a><\/li><li class='av-share-link av-social-link-linkedin' ><a target=\"_blank\" aria-label=\"Compartir en LinkedIn\" href='https:\/\/linkedin.com\/shareArticle?mini=true&#038;title=Asume%20nueva%20directiva%20del%20Consejo%20Consultivo%20de%20Salud%20del%20Hospital%20de%20Puerto%20Ays%C3%A9n&#038;url=https:\/\/radiorevelacionfm.cl\/?p=56179' aria-hidden='false' data-av_icon='\ue8fc' data-av_iconfont='entypo-fontello' title='' data-avia-related-tooltip='Compartir en LinkedIn' rel=\"noopener\"><span class='avia_hidden_link_text'>Compartir en LinkedIn<\/span><\/a><\/li><li class='av-share-link av-social-link-mail' ><a  aria-label=\"Compartir por correo\" href='mailto:?subject=Asume%20nueva%20directiva%20del%20Consejo%20Consultivo%20de%20Salud%20del%20Hospital%20de%20Puerto%20Ays%C3%A9n&#038;body=https:\/\/radiorevelacionfm.cl\/?p=56179' aria-hidden='false' data-av_icon='\ue805' data-av_iconfont='entypo-fontello' title='' data-avia-related-tooltip='Compartir por correo'><span class='avia_hidden_link_text'>Compartir por correo<\/span><\/a><\/li><\/ul><\/div><\/div>\n<div  style='height:50px' class='hr hr-invisible   avia-builder-el-8  el_after_av_social_share  el_before_av_comments_list '><span class='hr-inner ' ><span class='hr-inner-style'><\/span><\/span><\/div>\n<div  class='av-buildercomment  av-blog-meta-html-info-disabled av-blog-meta-tag-disabled  '><\/div>\n","protected":false},"excerpt":{"rendered":"","protected":false},"author":1,"featured_media":56180,"comment_status":"closed","ping_status":"closed","sticky":false,"template":"","format":"standard","meta":{"footnotes":""},"categories":[46],"tags":[],"class_list":["post-56179","post","type-post","status-publish","format-standard","has-post-thumbnail","hentry","category-salud"],"jetpack_featured_media_url":"https:\/\/radiorevelacionfm.cl\/wp-content\/uploads\/2025\/07\/presentacion-consejo-salud-005-1_optimized.jpg","_links":{"self":[{"href":"https:\/\/radiorevelacionfm.cl\/index.php?rest_route=\/wp\/v2\/posts\/56179","targetHints":{"allow":["GET"]}}],"collection":[{"href":"https:\/\/radiorevelacionfm.cl\/index.php?rest_route=\/wp\/v2\/posts"}],"about":[{"href":"https:\/\/radiorevelacionfm.cl\/index.php?rest_route=\/wp\/v2\/types\/post"}],"author":[{"embeddable":true,"href":"https:\/\/radiorevelacionfm.cl\/index.php?rest_route=\/wp\/v2\/users\/1"}],"replies":[{"embeddable":true,"href":"https:\/\/radiorevelacionfm.cl\/index.php?rest_route=%2Fwp%2Fv2%2Fcomments&post=56179"}],"version-history":[{"count":2,"href":"https:\/\/radiorevelacionfm.cl\/index.php?rest_route=\/wp\/v2\/posts\/56179\/revisions"}],"predecessor-version":[{"id":56203,"href":"https:\/\/radiorevelacionfm.cl\/index.php?rest_route=\/wp\/v2\/posts\/56179\/revisions\/56203"}],"wp:featuredmedia":[{"embeddable":true,"href":"https:\/\/radiorevelacionfm.cl\/index.php?rest_route=\/wp\/v2\/media\/56180"}],"wp:attachment":[{"href":"https:\/\/radiorevelacionfm.cl\/index.php?rest_route=%2Fwp%2Fv2%2Fmedia&parent=56179"}],"wp:term":[{"taxonomy":"category","embeddable":true,"href":"https:\/\/radiorevelacionfm.cl\/index.php?rest_route=%2Fwp%2Fv2%2Fcategories&post=56179"},{"taxonomy":"post_tag","embeddable":true,"href":"https:\/\/radiorevelacionfm.cl\/index.php?rest_route=%2Fwp%2Fv2%2Ftags&post=56179"}],"curies":[{"name":"wp","href":"https:\/\/api.w.org\/{rel}","templated":true}]}}