{"id":56175,"date":"2025-07-05T22:56:33","date_gmt":"2025-07-06T01:56:33","guid":{"rendered":"https:\/\/radiorevelacionfm.cl\/?p=56175"},"modified":"2025-07-05T22:56:33","modified_gmt":"2025-07-06T01:56:33","slug":"renovada-imagen-presenta-costanera-de-puerto-cisnes-gracias-a-la-pavimentacion-participativa-de-casi-mil-metros-de-calle-prat","status":"publish","type":"post","link":"https:\/\/radiorevelacionfm.cl\/?p=56175","title":{"rendered":"Renovada imagen presenta Costanera de Puerto Cisnes gracias a la Pavimentaci\u00f3n Participativa de casi mil metros de calle Prat"},"content":{"rendered":"<div class=\"flex_column av_one_full  flex_column_div av-zero-column-padding first  avia-builder-el-0  el_before_av_one_full  avia-builder-el-first  \" style='border-radius:0px; '><div  class='avia-image-container  av-styling-    avia-builder-el-1  avia-builder-el-no-sibling  avia-align-center '  itemprop=\"image\" itemscope=\"itemscope\" itemtype=\"https:\/\/schema.org\/ImageObject\"  ><div class='avia-image-container-inner'><div class='avia-image-overlay-wrap'><img decoding=\"async\" class='wp-image-56176 avia-img-lazy-loading-not-56176 avia_image' src=\"https:\/\/radiorevelacionfm.cl\/wp-content\/uploads\/2025\/07\/whatsapp-image-2025-07-05-at-17_optimized.57.48-1.jpeg\" alt='' title='whatsapp-image-2025-07-05-at-17_optimized.57.48-(1)' height=\"600\" width=\"803\"  itemprop=\"thumbnailUrl\" srcset=\"https:\/\/radiorevelacionfm.cl\/wp-content\/uploads\/2025\/07\/whatsapp-image-2025-07-05-at-17_optimized.57.48-1.jpeg 803w, https:\/\/radiorevelacionfm.cl\/wp-content\/uploads\/2025\/07\/whatsapp-image-2025-07-05-at-17_optimized.57.48-1-300x224.jpeg 300w, https:\/\/radiorevelacionfm.cl\/wp-content\/uploads\/2025\/07\/whatsapp-image-2025-07-05-at-17_optimized.57.48-1-768x574.jpeg 768w, https:\/\/radiorevelacionfm.cl\/wp-content\/uploads\/2025\/07\/whatsapp-image-2025-07-05-at-17_optimized.57.48-1-705x527.jpeg 705w, https:\/\/radiorevelacionfm.cl\/wp-content\/uploads\/2025\/07\/whatsapp-image-2025-07-05-at-17_optimized.57.48-1-450x336.jpeg 450w, https:\/\/radiorevelacionfm.cl\/wp-content\/uploads\/2025\/07\/whatsapp-image-2025-07-05-at-17_optimized.57.48-1-600x448.jpeg 600w\" sizes=\"(max-width: 803px) 100vw, 803px\" \/><\/div><\/div><\/div><\/div><div class=\"flex_column av_one_full  flex_column_div av-zero-column-padding first  avia-builder-el-2  el_after_av_one_full  el_before_av_one_full  column-top-margin\" style='border-radius:0px; '><section class=\"av_textblock_section \"  itemscope=\"itemscope\" itemtype=\"https:\/\/schema.org\/BlogPosting\" itemprop=\"blogPost\" ><div class='avia_textblock  '   itemprop=\"text\" ><p style=\"text-align: center;\"><strong><span style=\"font-size: 18pt;\">Renovada imagen presenta Costanera de Puerto Cisnes gracias a la Pavimentaci\u00f3n Participativa de casi mil metros de calle Prat<\/span><\/strong><\/p>\n<div id=\"gtx-trans\" style=\"position: absolute; left: -50px; top: 4.31534px;\">\n<div class=\"gtx-trans-icon\"><\/div>\n<\/div>\n<\/div><\/section><\/div><div class=\"flex_column av_one_full  flex_column_div av-zero-column-padding first  avia-builder-el-4  el_after_av_one_full  el_before_av_hr  column-top-margin\" style='border-radius:0px; '><section class=\"av_textblock_section \"  itemscope=\"itemscope\" itemtype=\"https:\/\/schema.org\/BlogPosting\" itemprop=\"blogPost\" ><div class='avia_textblock  '   itemprop=\"text\" ><p style=\"text-align: justify;\">Vecinos y autoridades celebraron con gran alegr\u00eda el pasado viernes la entrega oficial a la comunidad de las obras de pavimentaci\u00f3n de casi mil metros lineales de la calle Prat de Puerto Cisnes, estrat\u00e9gica v\u00eda que en su segundo tramo bordea casi 10 cuadras de la costanera, dando respuesta a un reiterada y antigua demanda de los vecinos y vecinas, ya que era una de las pocas calles de tierra que a\u00fan quedaban en la localidad.<\/p>\n<p style=\"text-align: justify;\">La intervenci\u00f3n de los 980 metros lineales de calzada fue posible a trav\u00e9s del Programa de Pavimentaci\u00f3n Participativa del Ministerio de Vivienda y Urbanismo, con una inversi\u00f3n que super\u00f3 los 950 millones de pesos, de los cuales 807 millones provienen del Ministerio de Vivienda y los otros 120 millones son aportados por la municipalidad con recursos recibidos desde el Gobierno Regional de Ays\u00e9n.<\/p>\n<p style=\"text-align: justify;\">Tanto las autoridades como los dirigentes y vecinos valoraron la ejecuci\u00f3n del proyecto, cuyo radio de acci\u00f3n directa se extiende desde la calle Gabriela Mistral hasta la calle Juan Jos\u00e9 Latorre, trayendo un positivo impacto no solo en imagen para el Puerto y para la calidad de vida de los vecinos y vecinas, sino tambi\u00e9n para el incentivo al turismo y para facilitar los desplazamientos desde y hacia el sector portuario de la localidad, el cual es sin duda uno de los m\u00e1s importantes de la regi\u00f3n.<\/p>\n<p style=\"text-align: justify;\">Es en ese contexto que la Seremi de Vivienda, Paulina Ruz, expres\u00f3 su satisfacci\u00f3n de concretar esta obra, ya que con eso se construyen ciudades m\u00e1s justas y se da fuerza a la visi\u00f3n de futuro que ha tenido el Estado en materia de urbanismo por parte del Gobierno. \u201cEl Programa de Pavimentos Participativos tiene m\u00e1s de 20 a\u00f1os y esto ha permitido pavimentar m\u00e1s del 95% de las calles de la regi\u00f3n de Ays\u00e9n. En este caso, este pavimento de la calle Prat es fruto del llamado n\u00famero 31, lo cual tambi\u00e9n da cuenta de la preocupaci\u00f3n y ocupaci\u00f3n que tenemos como Ministerio y como Gobierno de descentralizar los beneficios del Estado, entendiendo que las visiones de mejor ciudad, de mejores localidades y de mejores barrios es una tarea que tambi\u00e9n tenemos que construir entre todos, por eso ac\u00e1 el rol colaborativo del municipio con el Ministerio de Vivienda fue fundamental y, por supuesto, la preocupaci\u00f3n de los vecinos\u201d, se\u00f1al\u00f3.<\/p>\n<p style=\"text-align: justify;\">Si bien la obra trae beneficios a toda la comunidad de Puerto Cisnes, los m\u00e1s felices eran los integrantes de la Junta de Vecinos Barrio Central, donde se benefician cerca de 20 viviendas en forma directa. Fue as\u00ed como la vecina Mar\u00eda Jos\u00e9 Becker destac\u00f3 el gran cambio que han empezado a disfrutar con la pavimentaci\u00f3n. \u201cSoy vecina de este sector, de esta calle principalmente, donde tuvimos todo el proceso que se vivi\u00f3 de la construcci\u00f3n de esta nueva calle, de esta pavimentaci\u00f3n, con todos los pros y los contras. Ahora ya se termin\u00f3, y es algo que agradecemos tambi\u00e9n de que as\u00ed sea, para que no exista m\u00e1s polvo y otros inconvenientes que hab\u00eda. Agradecer esta tremenda inversi\u00f3n que se hace por parte del Gobierno, tambi\u00e9n el trabajo que se hizo colaborativo con la municipalidad y me hubiera gustado haber visto m\u00e1s vecinos tambi\u00e9n, porque de verdad que para nosotros es s\u00faper importante que esta calle est\u00e9 pavimentada, porque es una de las m\u00e1s antiguas, as\u00ed que de verdad muchas gracias\u201d, indic\u00f3.<\/p>\n<p style=\"text-align: justify;\">Tambi\u00e9n el alcalde de Cisnes, Francisco Roncagliolo, destac\u00f3 la pavimentaci\u00f3n como un gran avance, ya que forma parte de un concepto y de una nueva identidad que est\u00e1n tratando de dar a la capital comunal. \u201cEsta obra es emblem\u00e1tica, ya que se engloba dentro de una obra mayor, que tiene que ver con el concepto de Ciudad Puerto, que hemos estado trabajando con distintos actores, distintos servicios, donde est\u00e1 incorporada la Costanera, el sector de espera de pasajeros del muelle, tambi\u00e9n estudios de tr\u00e1nsito y obviamente esta obra que estuvo postergada bastante tiempo, porque como se estuvo construyendo la costanera, fue dif\u00edcil partir al mismo tiempo. As\u00ed seguimos avanzando y creo de esta forma estamos terminado de pavimentar casi toda la comuna, nos queda muy poquito, y son desaf\u00edos que hemos estado trabajando en conjunto con la Seremi y con su equipo t\u00e9cnico tambi\u00e9n\u201d, afirm\u00f3.<\/p>\n<p style=\"text-align: justify;\">Cabe consignar que la ejecuci\u00f3n de este proyecto de pavimentaci\u00f3n estuvo a cargo de la empresa de Ariel Luhr Rauch, facilitando adem\u00e1s la conexi\u00f3n hacia el sector de las rutas peatonales que hizo realidad el Ministerio de Vivienda en Puerto Cisnes durante el 2024, generando tambi\u00e9n inclusi\u00f3n, modernidad, empleo e incentivo para las econom\u00edas locales.<\/p>\n<\/div><\/section><\/div><div  style='height:50px' class='hr hr-invisible   avia-builder-el-6  el_after_av_one_full  el_before_av_social_share '><span class='hr-inner ' ><span class='hr-inner-style'><\/span><\/span><\/div><\/p>\n<div  class='av-social-sharing-box  avia-builder-el-7  el_after_av_hr  el_before_av_hr  '><div class='av-share-box'><h5 class='av-share-link-description av-no-toc '>Compartir esta noticia<\/h5><ul class='av-share-box-list noLightbox'><li class='av-share-link av-social-link-facebook' ><a target=\"_blank\" aria-label=\"Compartir en Facebook\" href='https:\/\/www.facebook.com\/sharer.php?u=https:\/\/radiorevelacionfm.cl\/?p=56175&#038;t=Renovada%20imagen%20presenta%20Costanera%20de%20Puerto%20Cisnes%20gracias%20a%20la%20Pavimentaci%C3%B3n%20Participativa%20de%20casi%20mil%20metros%20de%20calle%20Prat' aria-hidden='false' data-av_icon='\ue8f3' data-av_iconfont='entypo-fontello' title='' data-avia-related-tooltip='Compartir en Facebook' rel=\"noopener\"><span class='avia_hidden_link_text'>Compartir en Facebook<\/span><\/a><\/li><li class='av-share-link av-social-link-twitter' ><a target=\"_blank\" aria-label=\"Compartir en Twitter\" href='https:\/\/twitter.com\/share?text=Renovada%20imagen%20presenta%20Costanera%20de%20Puerto%20Cisnes%20gracias%20a%20la%20Pavimentaci%C3%B3n%20Participativa%20de%20casi%20mil%20metros%20de%20calle%20Prat&#038;url=https:\/\/radiorevelacionfm.cl\/?p=56175' aria-hidden='false' data-av_icon='\ue8f1' data-av_iconfont='entypo-fontello' title='' data-avia-related-tooltip='Compartir en Twitter' rel=\"noopener\"><span class='avia_hidden_link_text'>Compartir en Twitter<\/span><\/a><\/li><li class='av-share-link av-social-link-whatsapp' ><a target=\"_blank\" aria-label=\"Compartir en Whatsapp\" href='https:\/\/api.whatsapp.com\/send?text=https:\/\/radiorevelacionfm.cl\/?p=56175' aria-hidden='false' data-av_icon='\uf232' data-av_iconfont='entypo-fontello' title='' data-avia-related-tooltip='Compartir en Whatsapp' rel=\"noopener\"><span class='avia_hidden_link_text'>Compartir en Whatsapp<\/span><\/a><\/li><li class='av-share-link av-social-link-linkedin' ><a target=\"_blank\" aria-label=\"Compartir en LinkedIn\" href='https:\/\/linkedin.com\/shareArticle?mini=true&#038;title=Renovada%20imagen%20presenta%20Costanera%20de%20Puerto%20Cisnes%20gracias%20a%20la%20Pavimentaci%C3%B3n%20Participativa%20de%20casi%20mil%20metros%20de%20calle%20Prat&#038;url=https:\/\/radiorevelacionfm.cl\/?p=56175' aria-hidden='false' data-av_icon='\ue8fc' data-av_iconfont='entypo-fontello' title='' data-avia-related-tooltip='Compartir en LinkedIn' rel=\"noopener\"><span class='avia_hidden_link_text'>Compartir en LinkedIn<\/span><\/a><\/li><li class='av-share-link av-social-link-mail' ><a  aria-label=\"Compartir por correo\" href='mailto:?subject=Renovada%20imagen%20presenta%20Costanera%20de%20Puerto%20Cisnes%20gracias%20a%20la%20Pavimentaci%C3%B3n%20Participativa%20de%20casi%20mil%20metros%20de%20calle%20Prat&#038;body=https:\/\/radiorevelacionfm.cl\/?p=56175' aria-hidden='false' data-av_icon='\ue805' data-av_iconfont='entypo-fontello' title='' data-avia-related-tooltip='Compartir por correo'><span class='avia_hidden_link_text'>Compartir por correo<\/span><\/a><\/li><\/ul><\/div><\/div>\n<div  style='height:50px' class='hr hr-invisible   avia-builder-el-8  el_after_av_social_share  el_before_av_comments_list '><span class='hr-inner ' ><span class='hr-inner-style'><\/span><\/span><\/div>\n<div  class='av-buildercomment  av-blog-meta-html-info-disabled av-blog-meta-tag-disabled  '><\/div>\n","protected":false},"excerpt":{"rendered":"","protected":false},"author":1,"featured_media":56176,"comment_status":"closed","ping_status":"closed","sticky":false,"template":"","format":"standard","meta":{"footnotes":""},"categories":[38],"tags":[],"class_list":["post-56175","post","type-post","status-publish","format-standard","has-post-thumbnail","hentry","category-regional"],"jetpack_featured_media_url":"https:\/\/radiorevelacionfm.cl\/wp-content\/uploads\/2025\/07\/whatsapp-image-2025-07-05-at-17_optimized.57.48-1.jpeg","_links":{"self":[{"href":"https:\/\/radiorevelacionfm.cl\/index.php?rest_route=\/wp\/v2\/posts\/56175","targetHints":{"allow":["GET"]}}],"collection":[{"href":"https:\/\/radiorevelacionfm.cl\/index.php?rest_route=\/wp\/v2\/posts"}],"about":[{"href":"https:\/\/radiorevelacionfm.cl\/index.php?rest_route=\/wp\/v2\/types\/post"}],"author":[{"embeddable":true,"href":"https:\/\/radiorevelacionfm.cl\/index.php?rest_route=\/wp\/v2\/users\/1"}],"replies":[{"embeddable":true,"href":"https:\/\/radiorevelacionfm.cl\/index.php?rest_route=%2Fwp%2Fv2%2Fcomments&post=56175"}],"version-history":[{"count":2,"href":"https:\/\/radiorevelacionfm.cl\/index.php?rest_route=\/wp\/v2\/posts\/56175\/revisions"}],"predecessor-version":[{"id":56178,"href":"https:\/\/radiorevelacionfm.cl\/index.php?rest_route=\/wp\/v2\/posts\/56175\/revisions\/56178"}],"wp:featuredmedia":[{"embeddable":true,"href":"https:\/\/radiorevelacionfm.cl\/index.php?rest_route=\/wp\/v2\/media\/56176"}],"wp:attachment":[{"href":"https:\/\/radiorevelacionfm.cl\/index.php?rest_route=%2Fwp%2Fv2%2Fmedia&parent=56175"}],"wp:term":[{"taxonomy":"category","embeddable":true,"href":"https:\/\/radiorevelacionfm.cl\/index.php?rest_route=%2Fwp%2Fv2%2Fcategories&post=56175"},{"taxonomy":"post_tag","embeddable":true,"href":"https:\/\/radiorevelacionfm.cl\/index.php?rest_route=%2Fwp%2Fv2%2Ftags&post=56175"}],"curies":[{"name":"wp","href":"https:\/\/api.w.org\/{rel}","templated":true}]}}