{"id":56167,"date":"2025-07-05T22:32:42","date_gmt":"2025-07-06T01:32:42","guid":{"rendered":"https:\/\/radiorevelacionfm.cl\/?p=56167"},"modified":"2025-07-05T22:32:42","modified_gmt":"2025-07-06T01:32:42","slug":"mipymes-de-puerto-aysen-fortalecen-su-competitividad-con-taller-de-gestion-energetica","status":"publish","type":"post","link":"https:\/\/radiorevelacionfm.cl\/?p=56167","title":{"rendered":"MiPymes de Puerto Ays\u00e9n fortalecen su competitividad con taller de gesti\u00f3n energ\u00e9tica"},"content":{"rendered":"<div class=\"flex_column av_one_full  flex_column_div av-zero-column-padding first  avia-builder-el-0  el_before_av_one_full  avia-builder-el-first  \" style='border-radius:0px; '><div  class='avia-image-container  av-styling-    avia-builder-el-1  avia-builder-el-no-sibling  avia-align-center '  itemprop=\"image\" itemscope=\"itemscope\" itemtype=\"https:\/\/schema.org\/ImageObject\"  ><div class='avia-image-container-inner'><div class='avia-image-overlay-wrap'><img decoding=\"async\" class='wp-image-56168 avia-img-lazy-loading-not-56168 avia_image' src=\"https:\/\/radiorevelacionfm.cl\/wp-content\/uploads\/2025\/07\/tp1-1_optimized.jpeg\" alt='' title='tp1-(1)_optimized' height=\"600\" width=\"962\"  itemprop=\"thumbnailUrl\" srcset=\"https:\/\/radiorevelacionfm.cl\/wp-content\/uploads\/2025\/07\/tp1-1_optimized.jpeg 962w, https:\/\/radiorevelacionfm.cl\/wp-content\/uploads\/2025\/07\/tp1-1_optimized-300x187.jpeg 300w, https:\/\/radiorevelacionfm.cl\/wp-content\/uploads\/2025\/07\/tp1-1_optimized-768x479.jpeg 768w, https:\/\/radiorevelacionfm.cl\/wp-content\/uploads\/2025\/07\/tp1-1_optimized-705x440.jpeg 705w, https:\/\/radiorevelacionfm.cl\/wp-content\/uploads\/2025\/07\/tp1-1_optimized-450x281.jpeg 450w, https:\/\/radiorevelacionfm.cl\/wp-content\/uploads\/2025\/07\/tp1-1_optimized-600x374.jpeg 600w\" sizes=\"(max-width: 962px) 100vw, 962px\" \/><\/div><\/div><\/div><\/div><div class=\"flex_column av_one_full  flex_column_div av-zero-column-padding first  avia-builder-el-2  el_after_av_one_full  el_before_av_one_full  column-top-margin\" style='border-radius:0px; '><section class=\"av_textblock_section \"  itemscope=\"itemscope\" itemtype=\"https:\/\/schema.org\/BlogPosting\" itemprop=\"blogPost\" ><div class='avia_textblock  '   itemprop=\"text\" ><p style=\"text-align: center;\"><span style=\"font-size: 18pt;\"><strong>MiPymes de Puerto Ays\u00e9n fortalecen su competitividad con taller de gesti\u00f3n energ\u00e9tica<\/strong><\/span><\/p>\n<div id=\"gtx-trans\" style=\"position: absolute; left: -50px; top: 4.31534px;\">\n<div class=\"gtx-trans-icon\"><\/div>\n<\/div>\n<\/div><\/section><\/div><div class=\"flex_column av_one_full  flex_column_div av-zero-column-padding first  avia-builder-el-4  el_after_av_one_full  el_before_av_hr  column-top-margin\" style='border-radius:0px; '><section class=\"av_textblock_section \"  itemscope=\"itemscope\" itemtype=\"https:\/\/schema.org\/BlogPosting\" itemprop=\"blogPost\" ><div class='avia_textblock  '   itemprop=\"text\" ><p style=\"text-align: justify;\">Con el objetivo de entregar herramientas concretas para una gesti\u00f3n m\u00e1s eficiente del consumo energ\u00e9tico en los emprendimientos, se realiz\u00f3 en Puerto Ays\u00e9n el taller \u201cGesti\u00f3n Energ\u00e9tica para MiPymes\u201d, instancia organizada por la SEREMI de Energ\u00eda de Ays\u00e9n en conjunto con la SEREMI de Econom\u00eda, CORFO, SERCOTEC, Ecoterr\u00e1neo y gremios empresariales de la regi\u00f3n.<\/p>\n<p style=\"text-align: justify;\">La actividad reuni\u00f3 a emprendedores, empresarios y administradores de peque\u00f1as y medianas empresas interesados en reducir sus costos operativos, aumentar su competitividad y adoptar soluciones energ\u00e9ticas sostenibles. El taller, realizado en las dependencias de Ecoterr\u00e1neo Cowork, entreg\u00f3 conocimientos b\u00e1sicos sobre energ\u00eda, herramientas pr\u00e1cticas para el control del consumo y orientaciones sobre financiamiento disponible para implementar mejoras.<\/p>\n<p style=\"text-align: justify;\">Al respecto el Seremi de Energ\u00eda Tom\u00e1s Laibe se\u00f1al\u00f3 que \u201cel objetivo de este taller es que las MiPymes cuenten con herramientas concretas para optimizar su consumo energ\u00e9tico, reducir costos y acceder a financiamiento para proyectos sostenibles. As\u00ed avanzamos hacia una gesti\u00f3n energ\u00e9tica inteligente, que fortalezca la competitividad local y aporte a una transici\u00f3n justa e inclusiva\u201d.<\/p>\n<p style=\"text-align: justify;\">Durante la jornada, Nicol\u00e1s Carbone, profesional de eficiencia energ\u00e9tica de la SEREMI de Energ\u00eda, realiz\u00f3 un taller pr\u00e1ctico que incluy\u00f3 una introducci\u00f3n a conceptos claves, identificaci\u00f3n de los principales consumos energ\u00e9ticos en los negocios y una herramienta para registrar, analizar y controlar el uso de la energ\u00eda.<\/p>\n<p style=\"text-align: justify;\">Adem\u00e1s, se gener\u00f3 un espacio para la presentaci\u00f3n de soluciones locales por parte de proveedores regionales como Manuel Matta, Carlos D\u00edaz y Tob\u00edas Hellwig y un bloque dedicado a opciones de financiamiento, en el que representantes de CORFO, SERCOTEC y Banco Estado presentaron instrumentos de apoyo orientados a la eficiencia energ\u00e9tica y energ\u00edas renovables.<\/p>\n<p style=\"text-align: justify;\">El Seremi de Econom\u00eda Felipe Rojas destac\u00f3 que \u201crealizamos un exitoso taller entre la Seremi de Energ\u00eda, CORFO y Sercotec, con el fin que las empresas conocieran mejores pr\u00e1cticas de gesti\u00f3n de energ\u00eda, pero tambi\u00e9n instrumentos de fomento productivo en post de la sostenibilidad. Entre ellos quisiera destacar el \u201cCrece Sostenible\u201d, que actualmente se encuentra disponible por parte de Sercotec, los invito a revisar estos antecedentes y postular\u201d.<\/p>\n<p style=\"text-align: justify;\">Por otra parte, la empresaria Drina Montenegro destac\u00f3 que \u201c me pareci\u00f3 muy interesante el tema, y me interesa de sobremanera porque estoy viendo el tema de energ\u00edas alternativas para un producci\u00f3n de hortalizas, y me encantar\u00eda que hubiese otras instancias para profundizar los temas, yo creo que da perfectamente para un simposio o un seminario\u201d.<\/p>\n<\/div><\/section><\/div><div  style='height:50px' class='hr hr-invisible   avia-builder-el-6  el_after_av_one_full  el_before_av_social_share '><span class='hr-inner ' ><span class='hr-inner-style'><\/span><\/span><\/div><\/p>\n<div  class='av-social-sharing-box  avia-builder-el-7  el_after_av_hr  el_before_av_hr  '><div class='av-share-box'><h5 class='av-share-link-description av-no-toc '>Compartir esta noticia<\/h5><ul class='av-share-box-list noLightbox'><li class='av-share-link av-social-link-facebook' ><a target=\"_blank\" aria-label=\"Compartir en Facebook\" href='https:\/\/www.facebook.com\/sharer.php?u=https:\/\/radiorevelacionfm.cl\/?p=56167&#038;t=MiPymes%20de%20Puerto%20Ays%C3%A9n%20fortalecen%20su%20competitividad%20con%20taller%20de%20gesti%C3%B3n%20energ%C3%A9tica' aria-hidden='false' data-av_icon='\ue8f3' data-av_iconfont='entypo-fontello' title='' data-avia-related-tooltip='Compartir en Facebook' rel=\"noopener\"><span class='avia_hidden_link_text'>Compartir en Facebook<\/span><\/a><\/li><li class='av-share-link av-social-link-twitter' ><a target=\"_blank\" aria-label=\"Compartir en Twitter\" href='https:\/\/twitter.com\/share?text=MiPymes%20de%20Puerto%20Ays%C3%A9n%20fortalecen%20su%20competitividad%20con%20taller%20de%20gesti%C3%B3n%20energ%C3%A9tica&#038;url=https:\/\/radiorevelacionfm.cl\/?p=56167' aria-hidden='false' data-av_icon='\ue8f1' data-av_iconfont='entypo-fontello' title='' data-avia-related-tooltip='Compartir en Twitter' rel=\"noopener\"><span class='avia_hidden_link_text'>Compartir en Twitter<\/span><\/a><\/li><li class='av-share-link av-social-link-whatsapp' ><a target=\"_blank\" aria-label=\"Compartir en Whatsapp\" href='https:\/\/api.whatsapp.com\/send?text=https:\/\/radiorevelacionfm.cl\/?p=56167' aria-hidden='false' data-av_icon='\uf232' data-av_iconfont='entypo-fontello' title='' data-avia-related-tooltip='Compartir en Whatsapp' rel=\"noopener\"><span class='avia_hidden_link_text'>Compartir en Whatsapp<\/span><\/a><\/li><li class='av-share-link av-social-link-linkedin' ><a target=\"_blank\" aria-label=\"Compartir en LinkedIn\" href='https:\/\/linkedin.com\/shareArticle?mini=true&#038;title=MiPymes%20de%20Puerto%20Ays%C3%A9n%20fortalecen%20su%20competitividad%20con%20taller%20de%20gesti%C3%B3n%20energ%C3%A9tica&#038;url=https:\/\/radiorevelacionfm.cl\/?p=56167' aria-hidden='false' data-av_icon='\ue8fc' data-av_iconfont='entypo-fontello' title='' data-avia-related-tooltip='Compartir en LinkedIn' rel=\"noopener\"><span class='avia_hidden_link_text'>Compartir en LinkedIn<\/span><\/a><\/li><li class='av-share-link av-social-link-mail' ><a  aria-label=\"Compartir por correo\" href='mailto:?subject=MiPymes%20de%20Puerto%20Ays%C3%A9n%20fortalecen%20su%20competitividad%20con%20taller%20de%20gesti%C3%B3n%20energ%C3%A9tica&#038;body=https:\/\/radiorevelacionfm.cl\/?p=56167' aria-hidden='false' data-av_icon='\ue805' data-av_iconfont='entypo-fontello' title='' data-avia-related-tooltip='Compartir por correo'><span class='avia_hidden_link_text'>Compartir por correo<\/span><\/a><\/li><\/ul><\/div><\/div>\n<div  style='height:50px' class='hr hr-invisible   avia-builder-el-8  el_after_av_social_share  el_before_av_comments_list '><span class='hr-inner ' ><span class='hr-inner-style'><\/span><\/span><\/div>\n<div  class='av-buildercomment  av-blog-meta-html-info-disabled av-blog-meta-tag-disabled  '><\/div>\n","protected":false},"excerpt":{"rendered":"","protected":false},"author":1,"featured_media":56168,"comment_status":"closed","ping_status":"closed","sticky":false,"template":"","format":"standard","meta":{"footnotes":""},"categories":[38],"tags":[],"class_list":["post-56167","post","type-post","status-publish","format-standard","has-post-thumbnail","hentry","category-regional"],"jetpack_featured_media_url":"https:\/\/radiorevelacionfm.cl\/wp-content\/uploads\/2025\/07\/tp1-1_optimized.jpeg","_links":{"self":[{"href":"https:\/\/radiorevelacionfm.cl\/index.php?rest_route=\/wp\/v2\/posts\/56167","targetHints":{"allow":["GET"]}}],"collection":[{"href":"https:\/\/radiorevelacionfm.cl\/index.php?rest_route=\/wp\/v2\/posts"}],"about":[{"href":"https:\/\/radiorevelacionfm.cl\/index.php?rest_route=\/wp\/v2\/types\/post"}],"author":[{"embeddable":true,"href":"https:\/\/radiorevelacionfm.cl\/index.php?rest_route=\/wp\/v2\/users\/1"}],"replies":[{"embeddable":true,"href":"https:\/\/radiorevelacionfm.cl\/index.php?rest_route=%2Fwp%2Fv2%2Fcomments&post=56167"}],"version-history":[{"count":2,"href":"https:\/\/radiorevelacionfm.cl\/index.php?rest_route=\/wp\/v2\/posts\/56167\/revisions"}],"predecessor-version":[{"id":56172,"href":"https:\/\/radiorevelacionfm.cl\/index.php?rest_route=\/wp\/v2\/posts\/56167\/revisions\/56172"}],"wp:featuredmedia":[{"embeddable":true,"href":"https:\/\/radiorevelacionfm.cl\/index.php?rest_route=\/wp\/v2\/media\/56168"}],"wp:attachment":[{"href":"https:\/\/radiorevelacionfm.cl\/index.php?rest_route=%2Fwp%2Fv2%2Fmedia&parent=56167"}],"wp:term":[{"taxonomy":"category","embeddable":true,"href":"https:\/\/radiorevelacionfm.cl\/index.php?rest_route=%2Fwp%2Fv2%2Fcategories&post=56167"},{"taxonomy":"post_tag","embeddable":true,"href":"https:\/\/radiorevelacionfm.cl\/index.php?rest_route=%2Fwp%2Fv2%2Ftags&post=56167"}],"curies":[{"name":"wp","href":"https:\/\/api.w.org\/{rel}","templated":true}]}}