{"id":56152,"date":"2025-07-06T20:12:46","date_gmt":"2025-07-06T23:12:46","guid":{"rendered":"https:\/\/radiorevelacionfm.cl\/?p=56152"},"modified":"2025-07-06T20:12:46","modified_gmt":"2025-07-06T23:12:46","slug":"nueva-institucionalidad-para-personas-mayores-sandoval-valora-avance-del-proyecto-de-envejecimiento-tras-aprobacion-en-la-camara-de-diputados","status":"publish","type":"post","link":"https:\/\/radiorevelacionfm.cl\/?p=56152","title":{"rendered":"Nueva institucionalidad para personas mayores: Sandoval valora avance del proyecto de Envejecimiento tras aprobaci\u00f3n en la C\u00e1mara de Diputados"},"content":{"rendered":"<div class=\"flex_column av_one_full  flex_column_div av-zero-column-padding first  avia-builder-el-0  el_before_av_one_full  avia-builder-el-first  \" style='border-radius:0px; '><div  class='avia-image-container  av-styling-    avia-builder-el-1  avia-builder-el-no-sibling  avia-align-center '  itemprop=\"image\" itemscope=\"itemscope\" itemtype=\"https:\/\/schema.org\/ImageObject\"  ><div class='avia-image-container-inner'><div class='avia-image-overlay-wrap'><img decoding=\"async\" class='wp-image-56153 avia-img-lazy-loading-not-56153 avia_image' src=\"https:\/\/radiorevelacionfm.cl\/wp-content\/uploads\/2025\/07\/senador-sandoval-04.07.2025-1-1.jpg\" alt='' title='senador sandoval 04.07.2025 (1) (1)' height=\"630\" width=\"806\"  itemprop=\"thumbnailUrl\" srcset=\"https:\/\/radiorevelacionfm.cl\/wp-content\/uploads\/2025\/07\/senador-sandoval-04.07.2025-1-1.jpg 806w, https:\/\/radiorevelacionfm.cl\/wp-content\/uploads\/2025\/07\/senador-sandoval-04.07.2025-1-1-300x234.jpg 300w, https:\/\/radiorevelacionfm.cl\/wp-content\/uploads\/2025\/07\/senador-sandoval-04.07.2025-1-1-768x600.jpg 768w, https:\/\/radiorevelacionfm.cl\/wp-content\/uploads\/2025\/07\/senador-sandoval-04.07.2025-1-1-705x551.jpg 705w, https:\/\/radiorevelacionfm.cl\/wp-content\/uploads\/2025\/07\/senador-sandoval-04.07.2025-1-1-450x352.jpg 450w, https:\/\/radiorevelacionfm.cl\/wp-content\/uploads\/2025\/07\/senador-sandoval-04.07.2025-1-1-600x469.jpg 600w\" sizes=\"(max-width: 806px) 100vw, 806px\" \/><\/div><\/div><\/div><\/div><div class=\"flex_column av_one_full  flex_column_div av-zero-column-padding first  avia-builder-el-2  el_after_av_one_full  el_before_av_one_full  column-top-margin\" style='border-radius:0px; '><section class=\"av_textblock_section \"  itemscope=\"itemscope\" itemtype=\"https:\/\/schema.org\/BlogPosting\" itemprop=\"blogPost\" ><div class='avia_textblock  '   itemprop=\"text\" ><p style=\"text-align: center;\"><span style=\"font-size: 18pt;\"><strong>Nueva institucionalidad para personas mayores: Sandoval valora avance del proyecto de Envejecimiento tras aprobaci\u00f3n en la C\u00e1mara de Diputados <\/strong><\/span><\/p>\n<div id=\"gtx-trans\" style=\"position: absolute; left: -50px; top: 4.31534px;\">\n<div class=\"gtx-trans-icon\"><\/div>\n<\/div>\n<\/div><\/section><\/div><div class=\"flex_column av_one_full  flex_column_div av-zero-column-padding first  avia-builder-el-4  el_after_av_one_full  el_before_av_hr  column-top-margin\" style='border-radius:0px; '><section class=\"av_textblock_section \"  itemscope=\"itemscope\" itemtype=\"https:\/\/schema.org\/BlogPosting\" itemprop=\"blogPost\" ><div class='avia_textblock  '   itemprop=\"text\" ><p style=\"text-align: justify;\"><em>Iniciativa ahora vuelve al Senado para su tercer tr\u00e1mite.<\/em><\/p>\n<p style=\"text-align: justify;\">\u201cEsta ley da un marco institucional nuevo al desarrollo de la atenci\u00f3n de los temas vinculados a los adultos mayores en nuestro pa\u00eds\u201d. Con estas palabras, el senador David Sandoval valor\u00f3 el avance del proyecto de Envejecimiento Positivo, tras la aprobaci\u00f3n del proyecto esta semana en la C\u00e1mara de Diputados y Diputadas.<\/p>\n<p style=\"text-align: justify;\">En esa l\u00ednea, Sandoval recalc\u00f3 que esta ley fija deberes, obligaciones del Estado, adem\u00e1s de derechos para las personas mayores, estableciendo adem\u00e1s una serie de acciones que apuntan a atender las demandas que tienen en materia de capacitaci\u00f3n, perfeccionamiento, acceso a la salud, educaci\u00f3n, entre otros. \u201cTodos est\u00e1n contenidos en esta ley\u201d, puntualiz\u00f3<\/p>\n<p style=\"text-align: justify;\">El parlamentario tambi\u00e9n hizo hincapi\u00e9 en materia laboral, donde el proyecto considera contratos especiales para personas mayores. \u201cAl gobierno le llam\u00f3 mucho la alerta (\u2026) pero esto es un contrato especial que bajo ning\u00fan punto de vista busca precarizar. Afortunadamente lo aprob\u00f3 la C\u00e1mara un\u00e1nimemente y se salv\u00f3 esa situaci\u00f3n contra los deseos del Gobierno\u201d, subray\u00f3.<\/p>\n<p style=\"text-align: justify;\">Sobre el particular, el senador Sandoval dijo que el mayor argumento para justificar este tema es que hoy existen alrededor de 500 mil adultos mayores que trabajan en la m\u00e1s absoluta informalidad en Chile. \u201c(Adem\u00e1s) muchos mayores que, por opci\u00f3n o por necesidad, quieran trabajar, lo van a poder hacer tambi\u00e9n voluntariamente en un esquema que les resguarde y les asegure ciertos aspectos esenciales en su tema contractual\u201d, explic\u00f3.<\/p>\n<p style=\"text-align: justify;\">Cabe se\u00f1alar que la iniciativa ahora vuelve al Senado para su tercer tr\u00e1mite. \u201cLo que queremos es sacarlo en el menor lapso de tiempo posible, para que esta ley sea en definitiva un marco que le d\u00e9 a los mayores de nuestro pa\u00eds una institucionalidad distinta\u201d.<\/p>\n<p style=\"text-align: justify;\">El proyecto, que ingres\u00f3 al Congreso en octubre de 2020, busca el Fortalecimiento institucional de SENAMA, estableciendo direcciones regionales, adem\u00e1s de la creaci\u00f3n de un Comit\u00e9 Interministerial para coordinar pol\u00edticas de envejecimiento y elaborar la Pol\u00edtica Nacional de Envejecimiento Positivo.<\/p>\n<p style=\"text-align: justify;\">Asimismo, consagra derechos fundamentales alineados con la Convenci\u00f3n Interamericana sobre los Derechos Humanos de las Personas Mayores, entre ellas, \u00a0Igualdad y no discriminaci\u00f3n por edad; Autonom\u00eda y libre decisi\u00f3n; Acceso a salud con consentimiento informado, entre otros.<\/p>\n<p style=\"text-align: justify;\">Finalmente, Introduce la figura del abandono social en la ley de Violencia Intrafamiliar, permitiendo acciones judiciales y medidas cautelares, y adem\u00e1s se crea el Sistema de Ciudades Amigables y los Consejos Asesores Regionales de Personas Mayores, para fortalecer su voz en pol\u00edticas p\u00fablicas, entre otras materias.<\/p>\n<\/div><\/section><\/div><div  style='height:50px' class='hr hr-invisible   avia-builder-el-6  el_after_av_one_full  el_before_av_social_share '><span class='hr-inner ' ><span class='hr-inner-style'><\/span><\/span><\/div><\/p>\n<div  class='av-social-sharing-box  avia-builder-el-7  el_after_av_hr  el_before_av_hr  '><div class='av-share-box'><h5 class='av-share-link-description av-no-toc '>Compartir esta noticia<\/h5><ul class='av-share-box-list noLightbox'><li class='av-share-link av-social-link-facebook' ><a target=\"_blank\" aria-label=\"Compartir en Facebook\" href='https:\/\/www.facebook.com\/sharer.php?u=https:\/\/radiorevelacionfm.cl\/?p=56152&#038;t=Nueva%20institucionalidad%20para%20personas%20mayores%3A%20Sandoval%20valora%20avance%20del%20proyecto%20de%20Envejecimiento%20tras%20aprobaci%C3%B3n%20en%20la%20C%C3%A1mara%20de%20Diputados' aria-hidden='false' data-av_icon='\ue8f3' data-av_iconfont='entypo-fontello' title='' data-avia-related-tooltip='Compartir en Facebook' rel=\"noopener\"><span class='avia_hidden_link_text'>Compartir en Facebook<\/span><\/a><\/li><li class='av-share-link av-social-link-twitter' ><a target=\"_blank\" aria-label=\"Compartir en Twitter\" href='https:\/\/twitter.com\/share?text=Nueva%20institucionalidad%20para%20personas%20mayores%3A%20Sandoval%20valora%20avance%20del%20proyecto%20de%20Envejecimiento%20tras%20aprobaci%C3%B3n%20en%20la%20C%C3%A1mara%20de%20Diputados&#038;url=https:\/\/radiorevelacionfm.cl\/?p=56152' aria-hidden='false' data-av_icon='\ue8f1' data-av_iconfont='entypo-fontello' title='' data-avia-related-tooltip='Compartir en Twitter' rel=\"noopener\"><span class='avia_hidden_link_text'>Compartir en Twitter<\/span><\/a><\/li><li class='av-share-link av-social-link-whatsapp' ><a target=\"_blank\" aria-label=\"Compartir en Whatsapp\" href='https:\/\/api.whatsapp.com\/send?text=https:\/\/radiorevelacionfm.cl\/?p=56152' aria-hidden='false' data-av_icon='\uf232' data-av_iconfont='entypo-fontello' title='' data-avia-related-tooltip='Compartir en Whatsapp' rel=\"noopener\"><span class='avia_hidden_link_text'>Compartir en Whatsapp<\/span><\/a><\/li><li class='av-share-link av-social-link-linkedin' ><a target=\"_blank\" aria-label=\"Compartir en LinkedIn\" href='https:\/\/linkedin.com\/shareArticle?mini=true&#038;title=Nueva%20institucionalidad%20para%20personas%20mayores%3A%20Sandoval%20valora%20avance%20del%20proyecto%20de%20Envejecimiento%20tras%20aprobaci%C3%B3n%20en%20la%20C%C3%A1mara%20de%20Diputados&#038;url=https:\/\/radiorevelacionfm.cl\/?p=56152' aria-hidden='false' data-av_icon='\ue8fc' data-av_iconfont='entypo-fontello' title='' data-avia-related-tooltip='Compartir en LinkedIn' rel=\"noopener\"><span class='avia_hidden_link_text'>Compartir en LinkedIn<\/span><\/a><\/li><li class='av-share-link av-social-link-mail' ><a  aria-label=\"Compartir por correo\" href='mailto:?subject=Nueva%20institucionalidad%20para%20personas%20mayores%3A%20Sandoval%20valora%20avance%20del%20proyecto%20de%20Envejecimiento%20tras%20aprobaci%C3%B3n%20en%20la%20C%C3%A1mara%20de%20Diputados&#038;body=https:\/\/radiorevelacionfm.cl\/?p=56152' aria-hidden='false' data-av_icon='\ue805' data-av_iconfont='entypo-fontello' title='' data-avia-related-tooltip='Compartir por correo'><span class='avia_hidden_link_text'>Compartir por correo<\/span><\/a><\/li><\/ul><\/div><\/div>\n<div  style='height:50px' class='hr hr-invisible   avia-builder-el-8  el_after_av_social_share  el_before_av_comments_list '><span class='hr-inner ' ><span class='hr-inner-style'><\/span><\/span><\/div>\n<div  class='av-buildercomment  av-blog-meta-html-info-disabled av-blog-meta-tag-disabled  '><\/div>\n","protected":false},"excerpt":{"rendered":"","protected":false},"author":1,"featured_media":56153,"comment_status":"closed","ping_status":"closed","sticky":false,"template":"","format":"standard","meta":{"footnotes":""},"categories":[35],"tags":[],"class_list":["post-56152","post","type-post","status-publish","format-standard","has-post-thumbnail","hentry","category-politica"],"jetpack_featured_media_url":"https:\/\/radiorevelacionfm.cl\/wp-content\/uploads\/2025\/07\/senador-sandoval-04.07.2025-1-1.jpg","_links":{"self":[{"href":"https:\/\/radiorevelacionfm.cl\/index.php?rest_route=\/wp\/v2\/posts\/56152","targetHints":{"allow":["GET"]}}],"collection":[{"href":"https:\/\/radiorevelacionfm.cl\/index.php?rest_route=\/wp\/v2\/posts"}],"about":[{"href":"https:\/\/radiorevelacionfm.cl\/index.php?rest_route=\/wp\/v2\/types\/post"}],"author":[{"embeddable":true,"href":"https:\/\/radiorevelacionfm.cl\/index.php?rest_route=\/wp\/v2\/users\/1"}],"replies":[{"embeddable":true,"href":"https:\/\/radiorevelacionfm.cl\/index.php?rest_route=%2Fwp%2Fv2%2Fcomments&post=56152"}],"version-history":[{"count":2,"href":"https:\/\/radiorevelacionfm.cl\/index.php?rest_route=\/wp\/v2\/posts\/56152\/revisions"}],"predecessor-version":[{"id":56204,"href":"https:\/\/radiorevelacionfm.cl\/index.php?rest_route=\/wp\/v2\/posts\/56152\/revisions\/56204"}],"wp:featuredmedia":[{"embeddable":true,"href":"https:\/\/radiorevelacionfm.cl\/index.php?rest_route=\/wp\/v2\/media\/56153"}],"wp:attachment":[{"href":"https:\/\/radiorevelacionfm.cl\/index.php?rest_route=%2Fwp%2Fv2%2Fmedia&parent=56152"}],"wp:term":[{"taxonomy":"category","embeddable":true,"href":"https:\/\/radiorevelacionfm.cl\/index.php?rest_route=%2Fwp%2Fv2%2Fcategories&post=56152"},{"taxonomy":"post_tag","embeddable":true,"href":"https:\/\/radiorevelacionfm.cl\/index.php?rest_route=%2Fwp%2Fv2%2Ftags&post=56152"}],"curies":[{"name":"wp","href":"https:\/\/api.w.org\/{rel}","templated":true}]}}