{"id":56146,"date":"2025-07-05T20:36:00","date_gmt":"2025-07-05T23:36:00","guid":{"rendered":"https:\/\/radiorevelacionfm.cl\/?p=56146"},"modified":"2025-07-05T20:36:00","modified_gmt":"2025-07-05T23:36:00","slug":"en-el-dia-de-las-cooperativas-sence-aysen-anuncia-que-dictara-el-primer-curso-de-gestion-de-cooperativas","status":"publish","type":"post","link":"https:\/\/radiorevelacionfm.cl\/?p=56146","title":{"rendered":"En el D\u00eda de las Cooperativas, Sence Ays\u00e9n anuncia que dictar\u00e1 el primer curso de Gesti\u00f3n de Cooperativas"},"content":{"rendered":"<div class=\"flex_column av_one_full  flex_column_div av-zero-column-padding first  avia-builder-el-0  el_before_av_one_full  avia-builder-el-first  \" style='border-radius:0px; '><div  class='avia-image-container  av-styling-    avia-builder-el-1  avia-builder-el-no-sibling  avia-align-center '  itemprop=\"image\" itemscope=\"itemscope\" itemtype=\"https:\/\/schema.org\/ImageObject\"  ><div class='avia-image-container-inner'><div class='avia-image-overlay-wrap'><img decoding=\"async\" class='wp-image-56147 avia-img-lazy-loading-not-56147 avia_image' src=\"https:\/\/radiorevelacionfm.cl\/wp-content\/uploads\/2025\/07\/CursoSence_Cooperativas-2-1-1.jpeg\" alt='' title='CursoSence_Cooperativas 2 (1) (1)' height=\"600\" width=\"974\"  itemprop=\"thumbnailUrl\" srcset=\"https:\/\/radiorevelacionfm.cl\/wp-content\/uploads\/2025\/07\/CursoSence_Cooperativas-2-1-1.jpeg 974w, https:\/\/radiorevelacionfm.cl\/wp-content\/uploads\/2025\/07\/CursoSence_Cooperativas-2-1-1-300x185.jpeg 300w, https:\/\/radiorevelacionfm.cl\/wp-content\/uploads\/2025\/07\/CursoSence_Cooperativas-2-1-1-768x473.jpeg 768w, https:\/\/radiorevelacionfm.cl\/wp-content\/uploads\/2025\/07\/CursoSence_Cooperativas-2-1-1-705x434.jpeg 705w, https:\/\/radiorevelacionfm.cl\/wp-content\/uploads\/2025\/07\/CursoSence_Cooperativas-2-1-1-450x277.jpeg 450w, https:\/\/radiorevelacionfm.cl\/wp-content\/uploads\/2025\/07\/CursoSence_Cooperativas-2-1-1-600x370.jpeg 600w\" sizes=\"(max-width: 974px) 100vw, 974px\" \/><\/div><\/div><\/div><\/div><div class=\"flex_column av_one_full  flex_column_div av-zero-column-padding first  avia-builder-el-2  el_after_av_one_full  el_before_av_one_full  column-top-margin\" style='border-radius:0px; '><section class=\"av_textblock_section \"  itemscope=\"itemscope\" itemtype=\"https:\/\/schema.org\/BlogPosting\" itemprop=\"blogPost\" ><div class='avia_textblock  '   itemprop=\"text\" ><p style=\"text-align: center;\"><strong><span style=\"font-size: 18pt;\">En el D\u00eda de las Cooperativas, Sence Ays\u00e9n anuncia que dictar\u00e1 el primer curso de Gesti\u00f3n de Cooperativas<\/span><\/strong><\/p>\n<div id=\"gtx-trans\" style=\"position: absolute; left: -50px; top: 4.31534px;\">\n<div class=\"gtx-trans-icon\"><\/div>\n<\/div>\n<\/div><\/section><\/div><div class=\"flex_column av_one_full  flex_column_div av-zero-column-padding first  avia-builder-el-4  el_after_av_one_full  el_before_av_hr  column-top-margin\" style='border-radius:0px; '><section class=\"av_textblock_section \"  itemscope=\"itemscope\" itemtype=\"https:\/\/schema.org\/BlogPosting\" itemprop=\"blogPost\" ><div class='avia_textblock  '   itemprop=\"text\" ><p class=\"v1gmail-MsoListParagraph\" style=\"text-align: justify;\"><em><span lang=\"ES\">El 5 de julio se celebra el D\u00eda de las Cooperativas, las cuales han adquirido una gran importancia, pasando de ser 612 cooperativas el a\u00f1o 2012 a 2.159 en la actualidad.<\/span><\/em><\/p>\n<p class=\"v1MsoNormal\" style=\"text-align: justify;\">Este s\u00e1bado 5 de julio de 2025, se celebra el D\u00eda Internacional de las Cooperativas, el cual este a\u00f1o tienen el lema de \u00abLas cooperativas promueven soluciones inclusivas y sostenibles para un mundo mejor\u00bb impulsado por la Organizaci\u00f3n de las Naciones Unidas (ONU), ello con el prop\u00f3sito de destacar el papel fundamental de las cooperativas en la creaci\u00f3n de sociedades m\u00e1s justas y resilientes.<\/p>\n<p class=\"v1MsoNormal\" style=\"text-align: justify;\">En este contexto, los Seremis del Trabajo y Previsi\u00f3n Social, Camila Covarrubias Retamal junto a su par de Econom\u00eda, Fomento y Turismo, Felipe Rojas Pizarro, anunciaron que el Servicio Nacional de Capacitaci\u00f3n y Empleo, Sence, de nuestra Regi\u00f3n de Ays\u00e9n, tiene pre adjudicado el primer curso de \u00abGesti\u00f3n de Cooperativas\u00bb, iniciativa in\u00e9dita a nivel nacional.<\/p>\n<p class=\"v1MsoNormal\" style=\"text-align: justify;\">La Seremi del Trabajo y Previsi\u00f3n Social, Camila Covarrubias, coment\u00f3 sobre la importancia de este curso, \u00abQueremos contar un gran hito a nivel nacional, ya que en nuestra regi\u00f3n se va a desarrollar el primer curso de \u00abGesti\u00f3n de Cooperativas\u00bb, a trav\u00e9s de Sence.\u00a0 Estos son recursos que llegan desde el Ministerio del Trabajo y Previsi\u00f3n Social a los Consejos Regionales de Capacitaci\u00f3n, consejo tripartito que es liderado por el Gobernador Regional. La importancia de las cooperativas en nuestra regi\u00f3n tiene que ver con poder fomentar la econom\u00eda local, tambi\u00e9n generar mayor cohesi\u00f3n y desarrollo\u00bb. Con respecto a las postulaciones, Covarrubias agreg\u00f3, \u00abcontarles adem\u00e1s que estos cursos van prontamente a abrirse, tenemos 15 cupos y son 112 horas de trabajo, de estudio, que podr\u00e1n desarrollar quienes postulen a esta convocatoria abierta\u00bb.<\/p>\n<p class=\"v1MsoNormal\" style=\"text-align: justify;\">Destacando la importancia de las cooperativas en nuestra Regi\u00f3n de Ays\u00e9n, el Seremi Felipe Rojas afirm\u00f3, \u00abPorque somos el Gobierno de las cooperativas, estamos trabajando fuertemente en distintas l\u00edneas para apoyar las cooperativas, primero en el fomento productivo a trav\u00e9s de la l\u00ednea Sercotec, segundo junto al Gobierno regional en conocer y fortalecer las cooperativas de Ays\u00e9n. En tercer lugar, y de forma in\u00e9dita para Chile, en el marco del Consejo Regional de Capacitaci\u00f3n, se estar\u00eda ofreciendo el primer curso para gesti\u00f3n de cooperativas en el pa\u00eds y esto desde la Regi\u00f3n de Ays\u00e9n. Sabemos que es importante fortalecer el capital humano en las cooperativas y Sence es un actor fundamental para ello, as\u00ed que te invito a conocer el curso y a trabajar por las cooperativas\u00bb, mencion\u00f3 la autoridad de Econom\u00eda.<\/p>\n<p class=\"v1MsoNormal\" style=\"text-align: justify;\">Tal como mencion\u00f3 la Seremi Camila Covarrubias, la capacitaci\u00f3n constar\u00e1 de 112 horas,\u00a0 con m\u00f3dulos de formaci\u00f3n que incluyen materias relacionadas con el concepto de cooperativa y su diferenciaci\u00f3n respecto de otras formas de organizaci\u00f3n empresarial, identificar los tipos de cooperativas y sus \u00e1reas de acci\u00f3n; conocer el proceso de constituci\u00f3n legal de una cooperativa, identificar los \u00f3rganos de gobierno de una cooperativa y sus funciones, reconocer los pasos para la creaci\u00f3n de una cooperativa en el contexto legal; aplicar t\u00e9cnicas de gesti\u00f3n en el \u00e1mbito cooperativo, desarrollar habilidades para la toma de decisiones colectivas, implementar planes de gesti\u00f3n operativa en cooperativas, identificar los aspectos legales y normativos que rigen las cooperativas, conocer la normativa fiscal y laboral aplicable a cooperativas; aplicar herramientas legales para la soluci\u00f3n de conflictos en cooperativas, conocer el proceso contable aplicado a las cooperativas, interpretar los estados financieros de una cooperativa; adem\u00e1s de comprender la importancia de incorporar la perspectiva de g\u00e9nero en el \u00e1mbito cooperativo, entre otros t\u00f3picos.<\/p>\n<p class=\"v1MsoNormal\" style=\"text-align: justify;\">El curso debiera abrir sus postulaciones en el sitio web de Sence, a fines de agosto o principios de septiembre, lo cual se estar\u00e1 difundiendo cuando se adjudique el curso y se establezcan fechas concretas. Esta capacitaci\u00f3n es parte de la priorizaci\u00f3n realizada con mirada local por el Consejo Regional de Capacitaci\u00f3n, al alero de la Seremi del Trabajo y Previsi\u00f3n Social y Sence, instancia tripartita constituida por empresas, trabajadores y sector p\u00fablico, presidida por el Gobierno Regional, que con ello busca fomentar el cooperativismo.<\/p>\n<p class=\"v1MsoNormal\" style=\"text-align: justify;\">\u00c9ste es un hito que se une a la puesta en marcha del Instituto Nacional de Asociatividad y Cooperativismo (INAC), hace algunas semanas, impulsado por el Ministerio de Econom\u00eda, Fomento y Turismo, compromiso program\u00e1tico del Presidente Gabriel Boric y que representa uno de los hitos m\u00e1s relevantes para el fomento y apoyo al cooperativismo en las \u00faltimas d\u00e9cadas en Chile. El organismo tiene como prop\u00f3sito desarrollar acciones e iniciativas que faciliten el posicionamiento del cooperativismo en los distintos organismos p\u00fablicos y privados pertinentes, para contribuir en el fortalecimiento de dicha \u00e1rea. En este sentido, cabe mencionar que las cooperativas han adquirido una gran importancia, pasando de ser 612 cooperativas el a\u00f1o 2012 a 2.159 en la actualidad en nuestro pa\u00eds.<\/p>\n<\/div><\/section><\/div><div  style='height:50px' class='hr hr-invisible   avia-builder-el-6  el_after_av_one_full  el_before_av_social_share '><span class='hr-inner ' ><span class='hr-inner-style'><\/span><\/span><\/div><\/p>\n<div  class='av-social-sharing-box  avia-builder-el-7  el_after_av_hr  el_before_av_hr  '><div class='av-share-box'><h5 class='av-share-link-description av-no-toc '>Compartir esta noticia<\/h5><ul class='av-share-box-list noLightbox'><li class='av-share-link av-social-link-facebook' ><a target=\"_blank\" aria-label=\"Compartir en Facebook\" href='https:\/\/www.facebook.com\/sharer.php?u=https:\/\/radiorevelacionfm.cl\/?p=56146&#038;t=En%20el%20D%C3%ADa%20de%20las%20Cooperativas%2C%20Sence%20Ays%C3%A9n%20anuncia%20que%20dictar%C3%A1%20el%20primer%20curso%20de%20Gesti%C3%B3n%20de%20Cooperativas' aria-hidden='false' data-av_icon='\ue8f3' data-av_iconfont='entypo-fontello' title='' data-avia-related-tooltip='Compartir en Facebook' rel=\"noopener\"><span class='avia_hidden_link_text'>Compartir en Facebook<\/span><\/a><\/li><li class='av-share-link av-social-link-twitter' ><a target=\"_blank\" aria-label=\"Compartir en Twitter\" href='https:\/\/twitter.com\/share?text=En%20el%20D%C3%ADa%20de%20las%20Cooperativas%2C%20Sence%20Ays%C3%A9n%20anuncia%20que%20dictar%C3%A1%20el%20primer%20curso%20de%20Gesti%C3%B3n%20de%20Cooperativas&#038;url=https:\/\/radiorevelacionfm.cl\/?p=56146' aria-hidden='false' data-av_icon='\ue8f1' data-av_iconfont='entypo-fontello' title='' data-avia-related-tooltip='Compartir en Twitter' rel=\"noopener\"><span class='avia_hidden_link_text'>Compartir en Twitter<\/span><\/a><\/li><li class='av-share-link av-social-link-whatsapp' ><a target=\"_blank\" aria-label=\"Compartir en Whatsapp\" href='https:\/\/api.whatsapp.com\/send?text=https:\/\/radiorevelacionfm.cl\/?p=56146' aria-hidden='false' data-av_icon='\uf232' data-av_iconfont='entypo-fontello' title='' data-avia-related-tooltip='Compartir en Whatsapp' rel=\"noopener\"><span class='avia_hidden_link_text'>Compartir en Whatsapp<\/span><\/a><\/li><li class='av-share-link av-social-link-linkedin' ><a target=\"_blank\" aria-label=\"Compartir en LinkedIn\" href='https:\/\/linkedin.com\/shareArticle?mini=true&#038;title=En%20el%20D%C3%ADa%20de%20las%20Cooperativas%2C%20Sence%20Ays%C3%A9n%20anuncia%20que%20dictar%C3%A1%20el%20primer%20curso%20de%20Gesti%C3%B3n%20de%20Cooperativas&#038;url=https:\/\/radiorevelacionfm.cl\/?p=56146' aria-hidden='false' data-av_icon='\ue8fc' data-av_iconfont='entypo-fontello' title='' data-avia-related-tooltip='Compartir en LinkedIn' rel=\"noopener\"><span class='avia_hidden_link_text'>Compartir en LinkedIn<\/span><\/a><\/li><li class='av-share-link av-social-link-mail' ><a  aria-label=\"Compartir por correo\" href='mailto:?subject=En%20el%20D%C3%ADa%20de%20las%20Cooperativas%2C%20Sence%20Ays%C3%A9n%20anuncia%20que%20dictar%C3%A1%20el%20primer%20curso%20de%20Gesti%C3%B3n%20de%20Cooperativas&#038;body=https:\/\/radiorevelacionfm.cl\/?p=56146' aria-hidden='false' data-av_icon='\ue805' data-av_iconfont='entypo-fontello' title='' data-avia-related-tooltip='Compartir por correo'><span class='avia_hidden_link_text'>Compartir por correo<\/span><\/a><\/li><\/ul><\/div><\/div>\n<div  style='height:50px' class='hr hr-invisible   avia-builder-el-8  el_after_av_social_share  el_before_av_comments_list '><span class='hr-inner ' ><span class='hr-inner-style'><\/span><\/span><\/div>\n<div  class='av-buildercomment  av-blog-meta-html-info-disabled av-blog-meta-tag-disabled  '><\/div>\n","protected":false},"excerpt":{"rendered":"","protected":false},"author":1,"featured_media":56147,"comment_status":"closed","ping_status":"closed","sticky":false,"template":"","format":"standard","meta":{"footnotes":""},"categories":[56],"tags":[],"class_list":["post-56146","post","type-post","status-publish","format-standard","has-post-thumbnail","hentry","category-trabajo"],"jetpack_featured_media_url":"https:\/\/radiorevelacionfm.cl\/wp-content\/uploads\/2025\/07\/CursoSence_Cooperativas-2-1-1.jpeg","_links":{"self":[{"href":"https:\/\/radiorevelacionfm.cl\/index.php?rest_route=\/wp\/v2\/posts\/56146","targetHints":{"allow":["GET"]}}],"collection":[{"href":"https:\/\/radiorevelacionfm.cl\/index.php?rest_route=\/wp\/v2\/posts"}],"about":[{"href":"https:\/\/radiorevelacionfm.cl\/index.php?rest_route=\/wp\/v2\/types\/post"}],"author":[{"embeddable":true,"href":"https:\/\/radiorevelacionfm.cl\/index.php?rest_route=\/wp\/v2\/users\/1"}],"replies":[{"embeddable":true,"href":"https:\/\/radiorevelacionfm.cl\/index.php?rest_route=%2Fwp%2Fv2%2Fcomments&post=56146"}],"version-history":[{"count":2,"href":"https:\/\/radiorevelacionfm.cl\/index.php?rest_route=\/wp\/v2\/posts\/56146\/revisions"}],"predecessor-version":[{"id":56170,"href":"https:\/\/radiorevelacionfm.cl\/index.php?rest_route=\/wp\/v2\/posts\/56146\/revisions\/56170"}],"wp:featuredmedia":[{"embeddable":true,"href":"https:\/\/radiorevelacionfm.cl\/index.php?rest_route=\/wp\/v2\/media\/56147"}],"wp:attachment":[{"href":"https:\/\/radiorevelacionfm.cl\/index.php?rest_route=%2Fwp%2Fv2%2Fmedia&parent=56146"}],"wp:term":[{"taxonomy":"category","embeddable":true,"href":"https:\/\/radiorevelacionfm.cl\/index.php?rest_route=%2Fwp%2Fv2%2Fcategories&post=56146"},{"taxonomy":"post_tag","embeddable":true,"href":"https:\/\/radiorevelacionfm.cl\/index.php?rest_route=%2Fwp%2Fv2%2Ftags&post=56146"}],"curies":[{"name":"wp","href":"https:\/\/api.w.org\/{rel}","templated":true}]}}