{"id":56142,"date":"2025-07-04T18:59:44","date_gmt":"2025-07-04T21:59:44","guid":{"rendered":"https:\/\/radiorevelacionfm.cl\/?p=56142"},"modified":"2025-07-04T18:59:44","modified_gmt":"2025-07-04T21:59:44","slug":"entregan-terreno-que-da-inicio-a-proyecto-de-reposicion-de-cuartel-de-bomberos-en-villa-manihuales","status":"publish","type":"post","link":"https:\/\/radiorevelacionfm.cl\/?p=56142","title":{"rendered":"Entregan terreno que da inicio a proyecto de reposici\u00f3n de cuartel de bomberos en Villa Ma\u00f1ihuales"},"content":{"rendered":"<div class=\"flex_column av_one_full  flex_column_div av-zero-column-padding first  avia-builder-el-0  el_before_av_one_full  avia-builder-el-first  \" style='border-radius:0px; '><div  class='avia-image-container  av-styling-    avia-builder-el-1  avia-builder-el-no-sibling  avia-align-center '  itemprop=\"image\" itemscope=\"itemscope\" itemtype=\"https:\/\/schema.org\/ImageObject\"  ><div class='avia-image-container-inner'><div class='avia-image-overlay-wrap'><img decoding=\"async\" class='wp-image-56143 avia-img-lazy-loading-not-56143 avia_image' src=\"https:\/\/radiorevelacionfm.cl\/wp-content\/uploads\/2025\/07\/com8005-1_optimized-1.jpg\" alt='' title='_com8005-(1)_optimized (1)' height=\"600\" width=\"898\"  itemprop=\"thumbnailUrl\" srcset=\"https:\/\/radiorevelacionfm.cl\/wp-content\/uploads\/2025\/07\/com8005-1_optimized-1.jpg 898w, https:\/\/radiorevelacionfm.cl\/wp-content\/uploads\/2025\/07\/com8005-1_optimized-1-300x200.jpg 300w, https:\/\/radiorevelacionfm.cl\/wp-content\/uploads\/2025\/07\/com8005-1_optimized-1-768x513.jpg 768w, https:\/\/radiorevelacionfm.cl\/wp-content\/uploads\/2025\/07\/com8005-1_optimized-1-705x471.jpg 705w, https:\/\/radiorevelacionfm.cl\/wp-content\/uploads\/2025\/07\/com8005-1_optimized-1-450x301.jpg 450w, https:\/\/radiorevelacionfm.cl\/wp-content\/uploads\/2025\/07\/com8005-1_optimized-1-600x401.jpg 600w\" sizes=\"(max-width: 898px) 100vw, 898px\" \/><\/div><\/div><\/div><\/div><div class=\"flex_column av_one_full  flex_column_div av-zero-column-padding first  avia-builder-el-2  el_after_av_one_full  el_before_av_one_full  column-top-margin\" style='border-radius:0px; '><section class=\"av_textblock_section \"  itemscope=\"itemscope\" itemtype=\"https:\/\/schema.org\/BlogPosting\" itemprop=\"blogPost\" ><div class='avia_textblock  '   itemprop=\"text\" ><p style=\"text-align: center;\"><span style=\"font-size: 18pt;\"><strong>Entregan terreno que da inicio a proyecto de reposici\u00f3n de cuartel de bomberos en Villa Ma\u00f1ihuales<\/strong><\/span><\/p>\n<div id=\"gtx-trans\" style=\"position: absolute; left: -50px; top: 4.31534px;\">\n<div class=\"gtx-trans-icon\"><\/div>\n<\/div>\n<\/div><\/section><\/div><div class=\"flex_column av_one_full  flex_column_div av-zero-column-padding first  avia-builder-el-4  el_after_av_one_full  el_before_av_hr  column-top-margin\" style='border-radius:0px; '><section class=\"av_textblock_section \"  itemscope=\"itemscope\" itemtype=\"https:\/\/schema.org\/BlogPosting\" itemprop=\"blogPost\" ><div class='avia_textblock  '   itemprop=\"text\" ><p style=\"text-align: justify;\">Con la presencia de la comunidad, se llev\u00f3 a cabo el hito Entrega de Terreno del proyecto \u201cReposici\u00f3n Cuartel S\u00e9ptima Compa\u00f1\u00eda de Bomberos Villa Ma\u00f1ihuales\u201d. Un anhelo muy esperado por parte de todos quienes habitan la puerta de acceso a la comuna aysenina, especialmente los voluntarios y voluntarias de la instituci\u00f3n.<\/p>\n<p style=\"text-align: justify;\">240 d\u00edas es el plazo estimado para la ejecuci\u00f3n de esta iniciativa que fue adjudicada a la empresa RPC Ferreter\u00eda y Construcci\u00f3n Ltda., por un monto superior a los $625 millones, financiada a trav\u00e9s del Fondo Nacional de Desarrollo Regional, FNDR, del Gobierno Regional de Ays\u00e9n.<\/p>\n<p style=\"text-align: justify;\">Al respecto, el director de la compa\u00f1\u00eda ma\u00f1ihualina, Claudio Cabezas, manifest\u00f3 su satisfacci\u00f3n por el inicio de esta obra, requerida desde hace m\u00e1s de una d\u00e9cada. \u201cCon sentimientos de alegr\u00eda por la concreci\u00f3n, por fin, de este proyecto. Hemos pasado por todas las etapas. Se cerr\u00f3 el terreno y se avanza con la demolici\u00f3n del cuartel y preparaci\u00f3n del terreno, entonces este acto c\u00falmine previo a comenzar a construir, nos llena de felicidad\u201d, indic\u00f3 Cabezas Ruedlinger sobre la compa\u00f1\u00eda que, hoy por hoy, se encuentra instalada en otras dependencias, que han sido habilitada como cuartel provisorio.<\/p>\n<p style=\"text-align: justify;\">Por su parte, el dirigente de la localidad, Francisco Coronado, quien actualmente representa al club de adultos mayores \u201cLos que llegaron primero\u201d y club de Rodeo Chileno del sector, dio cuenta de su experiencia en torno a la creaci\u00f3n del cuerpo de Bomberos de Villa Ma\u00f1ihuales, y los sentimientos que lo embargan por la relevancia de este hito. \u201cEs algo tremendamente relevante, especialmente para nosotros porque, haciendo historia, fui parte de lo que dimos la firma para entregar esta casa para el primer club de bomberos que se form\u00f3 ac\u00e1, y eso fue hace m\u00e1s de 50 a\u00f1os. Ese fue el nacimiento del cuartel de bomberos en la localidad. Esto es tremendamente importante, no tan s\u00f3lo para nosotros, sino para todos quienes vienen. Inculcarle a la juventud ese cari\u00f1o que hay que tener por la instituci\u00f3n bomberos\u201d, expres\u00f3.<\/p>\n<p style=\"text-align: justify;\">En representaci\u00f3n del Gobierno Regional de Ays\u00e9n, particip\u00f3 Luis Ovando, en calidad de jefe (s) de la Divisi\u00f3n de Infraestructura y Transporte del GORE Ays\u00e9n, quien relev\u00f3 la realizaci\u00f3n de esta iniciativa. \u201cEstamos muy contentos de poder haber sido parte de este hito tan importante. Esperamos regresar prontamente cuando ya tengamos las puertas abiertas con la inauguraci\u00f3n de esta importante obra\u201d.<\/p>\n<p style=\"text-align: justify;\">Hasta hoy, el cuartel presenta un d\u00e9ficit estructural y funcional, siendo un edificio que se encuentra fuera de las normativas OGUC, de seguridad, antis\u00edsmica y las normas establecidas por el manual de dise\u00f1o arquitect\u00f3nico para cuarteles de bomberos de Chile. De esta manera, a trav\u00e9s de este hist\u00f3rico proceso, la instituci\u00f3n se proyectar\u00e1 de mejor manera para los pr\u00f3ximos a\u00f1os, a trav\u00e9s de la reposici\u00f3n de una superficie de 278,86 m\u00b2, dividida en dos niveles, que incorpora oficinas, cocina, sala de estar, pasillos, una bodega, ba\u00f1os y la sala de m\u00e1quinas; y en su segundo nivel dormitorios y camarines, entre otros.<\/p>\n<p style=\"text-align: justify;\">Como enfatiz\u00f3 el alcalde aysenino, Luis Mart\u00ednez, \u201cm\u00e1s que un nuevo edificio, este hito marca un cambio de generaci\u00f3n. De una antigua edificaci\u00f3n, que era de la cooperativa de Villa Ma\u00f1ihuales, donde los vecinos lo entregaron a bomberos, y que hoy d\u00eda muchos de ellos nos acompa\u00f1aron. Esperamos ya en los pr\u00f3ximos meses, estar con este cuartel operando, que permita servir a la comunidad de Villa Ma\u00f1ihuales como se merece\u201d, finaliz\u00f3.<\/p>\n<\/div><\/section><\/div><div  style='height:50px' class='hr hr-invisible   avia-builder-el-6  el_after_av_one_full  el_before_av_social_share '><span class='hr-inner ' ><span class='hr-inner-style'><\/span><\/span><\/div><\/p>\n<div  class='av-social-sharing-box  avia-builder-el-7  el_after_av_hr  el_before_av_hr  '><div class='av-share-box'><h5 class='av-share-link-description av-no-toc '>Compartir esta noticia<\/h5><ul class='av-share-box-list noLightbox'><li class='av-share-link av-social-link-facebook' ><a target=\"_blank\" aria-label=\"Compartir en Facebook\" href='https:\/\/www.facebook.com\/sharer.php?u=https:\/\/radiorevelacionfm.cl\/?p=56142&#038;t=Entregan%20terreno%20que%20da%20inicio%20a%20proyecto%20de%20reposici%C3%B3n%20de%20cuartel%20de%20bomberos%20en%20Villa%20Ma%C3%B1ihuales' aria-hidden='false' data-av_icon='\ue8f3' data-av_iconfont='entypo-fontello' title='' data-avia-related-tooltip='Compartir en Facebook' rel=\"noopener\"><span class='avia_hidden_link_text'>Compartir en Facebook<\/span><\/a><\/li><li class='av-share-link av-social-link-twitter' ><a target=\"_blank\" aria-label=\"Compartir en Twitter\" href='https:\/\/twitter.com\/share?text=Entregan%20terreno%20que%20da%20inicio%20a%20proyecto%20de%20reposici%C3%B3n%20de%20cuartel%20de%20bomberos%20en%20Villa%20Ma%C3%B1ihuales&#038;url=https:\/\/radiorevelacionfm.cl\/?p=56142' aria-hidden='false' data-av_icon='\ue8f1' data-av_iconfont='entypo-fontello' title='' data-avia-related-tooltip='Compartir en Twitter' rel=\"noopener\"><span class='avia_hidden_link_text'>Compartir en Twitter<\/span><\/a><\/li><li class='av-share-link av-social-link-whatsapp' ><a target=\"_blank\" aria-label=\"Compartir en Whatsapp\" href='https:\/\/api.whatsapp.com\/send?text=https:\/\/radiorevelacionfm.cl\/?p=56142' aria-hidden='false' data-av_icon='\uf232' data-av_iconfont='entypo-fontello' title='' data-avia-related-tooltip='Compartir en Whatsapp' rel=\"noopener\"><span class='avia_hidden_link_text'>Compartir en Whatsapp<\/span><\/a><\/li><li class='av-share-link av-social-link-linkedin' ><a target=\"_blank\" aria-label=\"Compartir en LinkedIn\" href='https:\/\/linkedin.com\/shareArticle?mini=true&#038;title=Entregan%20terreno%20que%20da%20inicio%20a%20proyecto%20de%20reposici%C3%B3n%20de%20cuartel%20de%20bomberos%20en%20Villa%20Ma%C3%B1ihuales&#038;url=https:\/\/radiorevelacionfm.cl\/?p=56142' aria-hidden='false' data-av_icon='\ue8fc' data-av_iconfont='entypo-fontello' title='' data-avia-related-tooltip='Compartir en LinkedIn' rel=\"noopener\"><span class='avia_hidden_link_text'>Compartir en LinkedIn<\/span><\/a><\/li><li class='av-share-link av-social-link-mail' ><a  aria-label=\"Compartir por correo\" href='mailto:?subject=Entregan%20terreno%20que%20da%20inicio%20a%20proyecto%20de%20reposici%C3%B3n%20de%20cuartel%20de%20bomberos%20en%20Villa%20Ma%C3%B1ihuales&#038;body=https:\/\/radiorevelacionfm.cl\/?p=56142' aria-hidden='false' data-av_icon='\ue805' data-av_iconfont='entypo-fontello' title='' data-avia-related-tooltip='Compartir por correo'><span class='avia_hidden_link_text'>Compartir por correo<\/span><\/a><\/li><\/ul><\/div><\/div>\n<div  style='height:50px' class='hr hr-invisible   avia-builder-el-8  el_after_av_social_share  el_before_av_comments_list '><span class='hr-inner ' ><span class='hr-inner-style'><\/span><\/span><\/div>\n<div  class='av-buildercomment  av-blog-meta-html-info-disabled av-blog-meta-tag-disabled  '><\/div>\n","protected":false},"excerpt":{"rendered":"","protected":false},"author":1,"featured_media":56143,"comment_status":"closed","ping_status":"closed","sticky":false,"template":"","format":"standard","meta":{"footnotes":""},"categories":[38],"tags":[],"class_list":["post-56142","post","type-post","status-publish","format-standard","has-post-thumbnail","hentry","category-regional"],"jetpack_featured_media_url":"https:\/\/radiorevelacionfm.cl\/wp-content\/uploads\/2025\/07\/com8005-1_optimized-1.jpg","_links":{"self":[{"href":"https:\/\/radiorevelacionfm.cl\/index.php?rest_route=\/wp\/v2\/posts\/56142","targetHints":{"allow":["GET"]}}],"collection":[{"href":"https:\/\/radiorevelacionfm.cl\/index.php?rest_route=\/wp\/v2\/posts"}],"about":[{"href":"https:\/\/radiorevelacionfm.cl\/index.php?rest_route=\/wp\/v2\/types\/post"}],"author":[{"embeddable":true,"href":"https:\/\/radiorevelacionfm.cl\/index.php?rest_route=\/wp\/v2\/users\/1"}],"replies":[{"embeddable":true,"href":"https:\/\/radiorevelacionfm.cl\/index.php?rest_route=%2Fwp%2Fv2%2Fcomments&post=56142"}],"version-history":[{"count":2,"href":"https:\/\/radiorevelacionfm.cl\/index.php?rest_route=\/wp\/v2\/posts\/56142\/revisions"}],"predecessor-version":[{"id":56145,"href":"https:\/\/radiorevelacionfm.cl\/index.php?rest_route=\/wp\/v2\/posts\/56142\/revisions\/56145"}],"wp:featuredmedia":[{"embeddable":true,"href":"https:\/\/radiorevelacionfm.cl\/index.php?rest_route=\/wp\/v2\/media\/56143"}],"wp:attachment":[{"href":"https:\/\/radiorevelacionfm.cl\/index.php?rest_route=%2Fwp%2Fv2%2Fmedia&parent=56142"}],"wp:term":[{"taxonomy":"category","embeddable":true,"href":"https:\/\/radiorevelacionfm.cl\/index.php?rest_route=%2Fwp%2Fv2%2Fcategories&post=56142"},{"taxonomy":"post_tag","embeddable":true,"href":"https:\/\/radiorevelacionfm.cl\/index.php?rest_route=%2Fwp%2Fv2%2Ftags&post=56142"}],"curies":[{"name":"wp","href":"https:\/\/api.w.org\/{rel}","templated":true}]}}