{"id":5614,"date":"2021-06-25T10:27:42","date_gmt":"2021-06-25T13:27:42","guid":{"rendered":"https:\/\/radiorevelacionfm.cl\/?p=5614"},"modified":"2021-06-25T10:27:42","modified_gmt":"2021-06-25T13:27:42","slug":"sernameg-suma-aparatos-telematicos-en-apoyo-a-mujeres-que-viven-violencia-de-pareja","status":"publish","type":"post","link":"https:\/\/radiorevelacionfm.cl\/?p=5614","title":{"rendered":"SernamEG suma aparatos telem\u00e1ticos en apoyo a mujeres que viven violencia de pareja"},"content":{"rendered":"<div class=\"flex_column av_one_full  flex_column_div av-zero-column-padding first  avia-builder-el-0  el_before_av_one_full  avia-builder-el-first  \" style='border-radius:0px; '><div  class='avia-image-container  av-styling-    avia-builder-el-1  avia-builder-el-no-sibling  avia-align-center '  itemprop=\"image\" itemscope=\"itemscope\" itemtype=\"https:\/\/schema.org\/ImageObject\"  ><div class='avia-image-container-inner'><div class='avia-image-overlay-wrap'><img decoding=\"async\" class='wp-image-0 avia-img-lazy-loading-not-0 avia_image' src=\"https:\/\/radiorevelacionfm.cl\/wp-content\/uploads\/2021\/06\/entrega-dispositivos-emergencia-1-1_optimized.jpg\" alt='' title=''   itemprop=\"thumbnailUrl\"  \/><\/div><\/div><\/div><\/div><div class=\"flex_column av_one_full  flex_column_div av-zero-column-padding first  avia-builder-el-2  el_after_av_one_full  el_before_av_one_full  column-top-margin\" style='border-radius:0px; '><section class=\"av_textblock_section \"  itemscope=\"itemscope\" itemtype=\"https:\/\/schema.org\/BlogPosting\" itemprop=\"blogPost\" ><div class='avia_textblock  '   itemprop=\"text\" ><p style=\"font-weight: 400; text-align: center;\"><strong><span style=\"font-size: 18pt;\">SernamEG suma aparatos telem\u00e1ticos en apoyo a mujeres que viven violencia de pareja<\/span><\/strong><\/p>\n<div id=\"gtx-trans\" style=\"position: absolute; left: -50px; top: 4.31534px;\">\n<div class=\"gtx-trans-icon\"><\/div>\n<\/div>\n<\/div><\/section><\/div><div class=\"flex_column av_one_full  flex_column_div av-zero-column-padding first  avia-builder-el-4  el_after_av_one_full  el_before_av_hr  column-top-margin\" style='border-radius:0px; '><section class=\"av_textblock_section \"  itemscope=\"itemscope\" itemtype=\"https:\/\/schema.org\/BlogPosting\" itemprop=\"blogPost\" ><div class='avia_textblock  '   itemprop=\"text\" ><p style=\"font-weight: 400; text-align: justify;\">Con una presentaci\u00f3n virtual a los equipos ejecutores de los Centros de la Mujer de Puerto Ays\u00e9n y Coyhaique \u201cNaa Alver\u00e9\u201d y \u201cRay\u00e9n\u201d respectivamente, sumados a la Casa de Acogida y Centro de Reeducaci\u00f3n de Hombres que Ejercen Violencia de Pareja comenz\u00f3 el proceso de distribuci\u00f3n de los dispositivos de emergencia, iniciativa que se enmarca en el convenio de colaboraci\u00f3n entre el Servicio Nacional de la Mujer y la Equidad de G\u00e9nero y la Fundaci\u00f3n Promoci\u00f3n y Desarrollo de la Mujer; y que signific\u00f3 el traspaso a nivel nacional desde el SernamEG de 740 millones de pesos.<\/p>\n<p style=\"font-weight: 400; text-align: justify;\">Durante la ceremonia, la Seremi de la Mujer y Equidad de G\u00e9nero, B\u00e1rbara Ort\u00fazar Candia, resalt\u00f3 la respuesta liderada por el Ministerio de la Mujer y la Equidad de G\u00e9nero al contexto nacional de emergencia sanitaria; con la creaci\u00f3n del Consejo Mujer COVID- 19, el que realiz\u00f3 una serie de propuestas para enfrentar la situaci\u00f3n desde la acci\u00f3n del Estado donde uno de sus principales ejes es la violencia contra las mujeres. Asimismo, tuvo palabras para el trabajo colaborativo entre SernamEG y Prodemu, puntualizando que \u201cesta uni\u00f3n demuestra que la violencia contra las mujeres es responsabilidad de todos los sectores de trabajo p\u00fablico y que tambi\u00e9n nos corresponde a todas las personas como sociedad. Por ello esperamos que estos dispositivos de emergencia entreguen tranquilidad a las mujeres que est\u00e1n expuestas a situaciones de violencia\u201d.<\/p>\n<p style=\"font-weight: 400; text-align: justify;\">Por su parte, la Directora Regional de SernamEG, Elizabeth Guti\u00e9rrez Eggers, se refiri\u00f3 a las cifras que avalan que se sume esta iniciativa, a los esfuerzos desplegados en materia de prevenci\u00f3n y atenci\u00f3n de violencia g\u00e9nero en plena pandemia. \u201cEl n\u00famero de atenciones en los centros de la mujer se triplicaron desde el inicio de la pandemia hasta ahora, por lo que el arribo de estos dispositivos llega en un muy buen momento para poder entregarnos otra herramienta m\u00e1s, que se convierta en una medida efectiva de protecci\u00f3n. Esperamos completar prontamente la entrega de estos 86 dispositivos de emergencia que funcionan de manera telem\u00e1tica y que coordinan acciones con el grupo de contacto de las mujeres. De modo tal que se pueda activar una red que pueda contactar a Carabineros y evitar una situaci\u00f3n de violencia grave\u201d, manifest\u00f3.<\/p>\n<p style=\"font-weight: 400; text-align: justify;\">En tanto, la Directora Ejecutiva Regional Fundaci\u00f3n Prodemu, Marlene Isabel Julio Schweitzer, dijo: \u201cdesde la Fundaci\u00f3n hacemos el llamado a la corresponsabilidad social que trata de hacernos parte como comunidad de tambi\u00e9n denunciar y acompa\u00f1ar a la mujer en todo este proceso que ellas viven. Por lo tanto, como Prodemu nos sentimos muy orgullosos de poder trabajar en conjunto con SernamEG, as\u00ed como lo hemos hecho siempre pero ahora con este convenio venimos a potenciar este trabajo colaborativo; y poder entregar estos dispositivos tanto a la Casa de Acogida como a los centros de la mujer en Coyhaique y Puerto Ays\u00e9n\u201d.<\/p>\n<p style=\"font-weight: 400; text-align: justify;\">Cabe mencionar que podr\u00e1n acceder a esta tecnolog\u00eda \u00ad\u2013 previa evaluaci\u00f3n de los equipos de profesionales- las mujeres que actualmente son atendidas en los Centros de la Mujer y Casa de Acogida. De esta forma, podr\u00e1n conectarse con su red de apoyo a trav\u00e9s de este equipo tecnol\u00f3gico aut\u00f3nomo, el que adem\u00e1s no requiere saldo. Para m\u00e1s informaci\u00f3n est\u00e1n disponibles los siguientes correos electr\u00f3nicos <a href=\"mailto:centrorayen@gmail.com\">centrorayen@gmail.com<\/a>\u00a0 y <a href=\"mailto:centrodelamujer@puertoaysen.cl\">centrodelamujer@puertoaysen.cl<\/a><\/p>\n<p style=\"font-weight: 400; text-align: justify;\">La oferta disponible del SernamEG en el territorio regional corresponde &#8211; en el caso de Coyhaique- al Centro de la Mujer Ray\u00e9n, Tel\u00e9fono: +56 672213178 y WhatsApp +569 7367 7602, Email:\u00a0<a href=\"mailto:centrorayen@gmail.com\">centrorayen@gmail.com<\/a>.<\/p>\n<p style=\"font-weight: 400; text-align: justify;\">En tanto, en Puerto Ays\u00e9n se ubica el Centro de la Mujer Naa Alver\u00e9 Tel\u00e9fono: 67 \u2013233 4855, Email:\u00a0<a href=\"mailto:centrodelamujer@puertoaysen.cl\">centrodelamujer@puertoaysen.cl<\/a>.<\/p>\n<p style=\"font-weight: 400; text-align: justify;\">Pueden concurrir a los\u00a0centros de la mujer, tanto personas que viven o vivieron alg\u00fan tipo de violencia, como aquellas que requieren informaci\u00f3n para apoyar a las mujeres. Finalmente, existe el\u00a0Centro de Reeducaci\u00f3n de Hombres que Ejercen Violencia de Pareja, tel\u00e9fono: +56 672273032 y una Casa de Acogida para mujeres en riesgo vital.<\/p>\n<\/div><\/section><\/div><div  style='height:50px' class='hr hr-invisible   avia-builder-el-6  el_after_av_one_full  el_before_av_social_share '><span class='hr-inner ' ><span class='hr-inner-style'><\/span><\/span><\/div><\/p>\n<div  class='av-social-sharing-box  avia-builder-el-7  el_after_av_hr  el_before_av_hr  '><div class='av-share-box'><h5 class='av-share-link-description av-no-toc '>Compartir esta noticia<\/h5><ul class='av-share-box-list noLightbox'><li class='av-share-link av-social-link-facebook' ><a target=\"_blank\" aria-label=\"Compartir en Facebook\" href='https:\/\/www.facebook.com\/sharer.php?u=https:\/\/radiorevelacionfm.cl\/?p=5614&#038;t=SernamEG%20suma%20aparatos%20telem%C3%A1ticos%20en%20apoyo%20a%20mujeres%20que%20viven%20violencia%20de%20pareja' aria-hidden='false' data-av_icon='\ue8f3' data-av_iconfont='entypo-fontello' title='' data-avia-related-tooltip='Compartir en Facebook' rel=\"noopener\"><span class='avia_hidden_link_text'>Compartir en Facebook<\/span><\/a><\/li><li class='av-share-link av-social-link-twitter' ><a target=\"_blank\" aria-label=\"Compartir en Twitter\" href='https:\/\/twitter.com\/share?text=SernamEG%20suma%20aparatos%20telem%C3%A1ticos%20en%20apoyo%20a%20mujeres%20que%20viven%20violencia%20de%20pareja&#038;url=https:\/\/radiorevelacionfm.cl\/?p=5614' aria-hidden='false' data-av_icon='\ue8f1' data-av_iconfont='entypo-fontello' title='' data-avia-related-tooltip='Compartir en Twitter' rel=\"noopener\"><span class='avia_hidden_link_text'>Compartir en Twitter<\/span><\/a><\/li><li class='av-share-link av-social-link-whatsapp' ><a target=\"_blank\" aria-label=\"Compartir en Whatsapp\" href='https:\/\/api.whatsapp.com\/send?text=https:\/\/radiorevelacionfm.cl\/?p=5614' aria-hidden='false' data-av_icon='\uf232' data-av_iconfont='entypo-fontello' title='' data-avia-related-tooltip='Compartir en Whatsapp' rel=\"noopener\"><span class='avia_hidden_link_text'>Compartir en Whatsapp<\/span><\/a><\/li><li class='av-share-link av-social-link-linkedin' ><a target=\"_blank\" aria-label=\"Compartir en LinkedIn\" href='https:\/\/linkedin.com\/shareArticle?mini=true&#038;title=SernamEG%20suma%20aparatos%20telem%C3%A1ticos%20en%20apoyo%20a%20mujeres%20que%20viven%20violencia%20de%20pareja&#038;url=https:\/\/radiorevelacionfm.cl\/?p=5614' aria-hidden='false' data-av_icon='\ue8fc' data-av_iconfont='entypo-fontello' title='' data-avia-related-tooltip='Compartir en LinkedIn' rel=\"noopener\"><span class='avia_hidden_link_text'>Compartir en LinkedIn<\/span><\/a><\/li><li class='av-share-link av-social-link-mail' ><a  aria-label=\"Compartir por correo\" href='mailto:?subject=SernamEG%20suma%20aparatos%20telem%C3%A1ticos%20en%20apoyo%20a%20mujeres%20que%20viven%20violencia%20de%20pareja&#038;body=https:\/\/radiorevelacionfm.cl\/?p=5614' aria-hidden='false' data-av_icon='\ue805' data-av_iconfont='entypo-fontello' title='' data-avia-related-tooltip='Compartir por correo'><span class='avia_hidden_link_text'>Compartir por correo<\/span><\/a><\/li><\/ul><\/div><\/div>\n<div  style='height:50px' class='hr hr-invisible   avia-builder-el-8  el_after_av_social_share  el_before_av_comments_list '><span class='hr-inner ' ><span class='hr-inner-style'><\/span><\/span><\/div>\n<div  class='av-buildercomment  av-blog-meta-html-info-disabled av-blog-meta-tag-disabled  '><\/div>\n","protected":false},"excerpt":{"rendered":"","protected":false},"author":1,"featured_media":0,"comment_status":"open","ping_status":"open","sticky":false,"template":"","format":"standard","meta":{"footnotes":""},"categories":[38],"tags":[],"class_list":["post-5614","post","type-post","status-publish","format-standard","hentry","category-regional"],"jetpack_featured_media_url":"","_links":{"self":[{"href":"https:\/\/radiorevelacionfm.cl\/index.php?rest_route=\/wp\/v2\/posts\/5614","targetHints":{"allow":["GET"]}}],"collection":[{"href":"https:\/\/radiorevelacionfm.cl\/index.php?rest_route=\/wp\/v2\/posts"}],"about":[{"href":"https:\/\/radiorevelacionfm.cl\/index.php?rest_route=\/wp\/v2\/types\/post"}],"author":[{"embeddable":true,"href":"https:\/\/radiorevelacionfm.cl\/index.php?rest_route=\/wp\/v2\/users\/1"}],"replies":[{"embeddable":true,"href":"https:\/\/radiorevelacionfm.cl\/index.php?rest_route=%2Fwp%2Fv2%2Fcomments&post=5614"}],"version-history":[{"count":1,"href":"https:\/\/radiorevelacionfm.cl\/index.php?rest_route=\/wp\/v2\/posts\/5614\/revisions"}],"predecessor-version":[{"id":5616,"href":"https:\/\/radiorevelacionfm.cl\/index.php?rest_route=\/wp\/v2\/posts\/5614\/revisions\/5616"}],"wp:attachment":[{"href":"https:\/\/radiorevelacionfm.cl\/index.php?rest_route=%2Fwp%2Fv2%2Fmedia&parent=5614"}],"wp:term":[{"taxonomy":"category","embeddable":true,"href":"https:\/\/radiorevelacionfm.cl\/index.php?rest_route=%2Fwp%2Fv2%2Fcategories&post=5614"},{"taxonomy":"post_tag","embeddable":true,"href":"https:\/\/radiorevelacionfm.cl\/index.php?rest_route=%2Fwp%2Fv2%2Ftags&post=5614"}],"curies":[{"name":"wp","href":"https:\/\/api.w.org\/{rel}","templated":true}]}}