{"id":56135,"date":"2025-07-05T11:24:04","date_gmt":"2025-07-05T14:24:04","guid":{"rendered":"https:\/\/radiorevelacionfm.cl\/?p=56135"},"modified":"2025-07-05T11:24:04","modified_gmt":"2025-07-05T14:24:04","slug":"mas-de-400-metros-del-cauce-del-rio-cochrane-seran-recuperados-para-uso-de-las-y-los-vecinos","status":"publish","type":"post","link":"https:\/\/radiorevelacionfm.cl\/?p=56135","title":{"rendered":"M\u00e1s de 400 metros del cauce del R\u00edo Cochrane ser\u00e1n recuperados para uso de las y los vecinos"},"content":{"rendered":"<div class=\"flex_column av_one_full  flex_column_div av-zero-column-padding first  avia-builder-el-0  el_before_av_one_full  avia-builder-el-first  \" style='border-radius:0px; '><div  class='avia-image-container  av-styling-    avia-builder-el-1  avia-builder-el-no-sibling  avia-align-center '  itemprop=\"image\" itemscope=\"itemscope\" itemtype=\"https:\/\/schema.org\/ImageObject\"  ><div class='avia-image-container-inner'><div class='avia-image-overlay-wrap'><img decoding=\"async\" class='wp-image-56136 avia-img-lazy-loading-not-56136 avia_image' src=\"https:\/\/radiorevelacionfm.cl\/wp-content\/uploads\/2025\/07\/WhatsApp-Image-2025-07-03-at-19.19.52-2-1.jpeg\" alt='' title='WhatsApp Image 2025-07-03 at 19.19.52 (2) (1)' height=\"600\" width=\"800\"  itemprop=\"thumbnailUrl\" srcset=\"https:\/\/radiorevelacionfm.cl\/wp-content\/uploads\/2025\/07\/WhatsApp-Image-2025-07-03-at-19.19.52-2-1.jpeg 800w, https:\/\/radiorevelacionfm.cl\/wp-content\/uploads\/2025\/07\/WhatsApp-Image-2025-07-03-at-19.19.52-2-1-300x225.jpeg 300w, https:\/\/radiorevelacionfm.cl\/wp-content\/uploads\/2025\/07\/WhatsApp-Image-2025-07-03-at-19.19.52-2-1-768x576.jpeg 768w, https:\/\/radiorevelacionfm.cl\/wp-content\/uploads\/2025\/07\/WhatsApp-Image-2025-07-03-at-19.19.52-2-1-705x529.jpeg 705w, https:\/\/radiorevelacionfm.cl\/wp-content\/uploads\/2025\/07\/WhatsApp-Image-2025-07-03-at-19.19.52-2-1-450x338.jpeg 450w, https:\/\/radiorevelacionfm.cl\/wp-content\/uploads\/2025\/07\/WhatsApp-Image-2025-07-03-at-19.19.52-2-1-600x450.jpeg 600w\" sizes=\"(max-width: 800px) 100vw, 800px\" \/><\/div><\/div><\/div><\/div><div class=\"flex_column av_one_full  flex_column_div av-zero-column-padding first  avia-builder-el-2  el_after_av_one_full  el_before_av_one_full  column-top-margin\" style='border-radius:0px; '><section class=\"av_textblock_section \"  itemscope=\"itemscope\" itemtype=\"https:\/\/schema.org\/BlogPosting\" itemprop=\"blogPost\" ><div class='avia_textblock  '   itemprop=\"text\" ><p style=\"text-align: center;\"><strong><span style=\"font-size: 18pt;\">M\u00e1s de 400 metros del cauce del R\u00edo Cochrane ser\u00e1n recuperados para uso de las y los vecinos <\/span><\/strong><\/p>\n<div id=\"gtx-trans\" style=\"position: absolute; left: -50px; top: 4.31534px;\">\n<div class=\"gtx-trans-icon\"><\/div>\n<\/div>\n<\/div><\/section><\/div><div class=\"flex_column av_one_full  flex_column_div av-zero-column-padding first  avia-builder-el-4  el_after_av_one_full  el_before_av_hr  column-top-margin\" style='border-radius:0px; '><section class=\"av_textblock_section \"  itemscope=\"itemscope\" itemtype=\"https:\/\/schema.org\/BlogPosting\" itemprop=\"blogPost\" ><div class='avia_textblock  '   itemprop=\"text\" ><p style=\"text-align: justify;\"><em>MOP entrega terreno a empresa constructora para poner en marcha limpieza, refuerzo de ribera y restituci\u00f3n del cauce del R\u00edo Cochrane, protegiendo con ello seguridad de la poblaci\u00f3n e infraestructura p\u00fablica.<\/em><\/p>\n<p style=\"text-align: justify;\">M\u00e1s de 400 metros del cauce del r\u00edo Cochrane ser\u00e1n recuperados para la entrega de seguridad h\u00eddrica de la poblaci\u00f3n \u00a0y para uso de las y los vecinos en actividades recreativas, mediante iniciativa de la direcci\u00f3n regional de Obras Hidr\u00e1ulicas del Ministerio de Obras P\u00fablicas que restituir\u00e1 las condiciones del cauce -actualmente impenetrable en este sector- mediante la realizaci\u00f3n de trabajos de limpieza y refuerzo de la ribera del cauce para recuperar su resistencia a las solicitaciones hidr\u00e1ulicas impuestas por el escurrimiento durante las crecidas.<\/p>\n<p style=\"text-align: justify;\">De esta materia y de otros relevantes proyectos para la Provincia convers\u00f3 la Secretaria Regional Ministerial de Obras P\u00fablicas, Paloma Jara con la Delegada Presidencial de la Provincia Capit\u00e1n Prat, Marta Montiel, en el marco de la entrega de terreno a la empresa constructora Camila Vargas para la ejecuci\u00f3n de estas obras que ser\u00e1n supervisadas por el equipo regional de Obras Hidr\u00e1ulicas.<\/p>\n<p style=\"text-align: justify;\">\u201cEstamos muy contentos el d\u00eda de hoy de estar en Cochrane, al lado del R\u00edo Cochrane, un lugar donde la direcci\u00f3n regional de Obras Hidr\u00e1ulicas va a realizar trabajos de limpieza durante los pr\u00f3ximos meses. Esta limpieza consiste en retirar los sauces que est\u00e1n haciendo que el cauce no pueda correr en forma adecuada y que adem\u00e1s, puede generar inundaciones en los sectores aleda\u00f1os al cauce\u201d, destac\u00f3 la Seremi de Obras P\u00fablicas.<\/p>\n<p style=\"text-align: justify;\">Con una inversi\u00f3n de 340 millones y un plazo de 210 d\u00edas para la ejecuci\u00f3n de los trabajos, \u00e9stos tambi\u00e9n contemplan construir defensas de ribera para evitar las inundaciones y socavaciones, y la construcci\u00f3n de enrocado con la finalidad de proteger tanto \u00a0la ribera norte del r\u00edo Cochrane como los sectores donde existe infraestructura p\u00fablica y privada.<\/p>\n<p style=\"text-align: justify;\">Con estas obras el Ministerio de Obras P\u00fablicas restituir\u00e1 las condiciones del cauce que hayan sido alteradas por origen natural como aluviones o crecidas del r\u00edo, o debido a causas antr\u00f3picas como incendios, ocupaci\u00f3n ilegal del cauce, entre otros, devolviendo de esta forma el espacio que requiere el cauce y restituyendo la capacidad operativa del sistema fluvial, para aproximadamente 500 vecinos y vecinas directos, entregando con ello mayor seguridad a la poblaci\u00f3n, el resguardo de la infraestructura p\u00fablica y posibilitando con ello el desarrollo de actividades n\u00e1uticas y recreativas en el sector, as\u00ed como tambi\u00e9n la generaci\u00f3n de empleo.<\/p>\n<p style=\"text-align: justify;\">En esta l\u00ednea de acci\u00f3n, la Delegada Presidencial de la Provincia Capit\u00e1n Prat, Marta Montiel indic\u00f3: \u201cSin duda esta es una muy buena noticia para los vecinos de la Junta de Vecinos n\u00famero 4, vecinos de la poblaci\u00f3n aleda\u00f1a al sector desde la Avenida hasta casi el puente del R\u00edo Cochrane, porque aqu\u00ed hay mucha actividad. Es un potencial tremendo de desarrollo tur\u00edstico que tambi\u00e9n es un paso hist\u00f3rico. Este contrato va a generar mano de obra local, va a estar terminado antes de fin de a\u00f1o y es la primera parte de un proyecto que va a continuar, porque nos declaramos tambi\u00e9n un Estado preocupado por nuestro Medio Ambiente\u201d.<\/p>\n<\/div><\/section><\/div><div  style='height:50px' class='hr hr-invisible   avia-builder-el-6  el_after_av_one_full  el_before_av_social_share '><span class='hr-inner ' ><span class='hr-inner-style'><\/span><\/span><\/div><\/p>\n<div  class='av-social-sharing-box  avia-builder-el-7  el_after_av_hr  el_before_av_hr  '><div class='av-share-box'><h5 class='av-share-link-description av-no-toc '>Compartir esta noticia<\/h5><ul class='av-share-box-list noLightbox'><li class='av-share-link av-social-link-facebook' ><a target=\"_blank\" aria-label=\"Compartir en Facebook\" href='https:\/\/www.facebook.com\/sharer.php?u=https:\/\/radiorevelacionfm.cl\/?p=56135&#038;t=M%C3%A1s%20de%20400%20metros%20del%20cauce%20del%20R%C3%ADo%20Cochrane%20ser%C3%A1n%20recuperados%20para%20uso%20de%20las%20y%20los%20vecinos' aria-hidden='false' data-av_icon='\ue8f3' data-av_iconfont='entypo-fontello' title='' data-avia-related-tooltip='Compartir en Facebook' rel=\"noopener\"><span class='avia_hidden_link_text'>Compartir en Facebook<\/span><\/a><\/li><li class='av-share-link av-social-link-twitter' ><a target=\"_blank\" aria-label=\"Compartir en Twitter\" href='https:\/\/twitter.com\/share?text=M%C3%A1s%20de%20400%20metros%20del%20cauce%20del%20R%C3%ADo%20Cochrane%20ser%C3%A1n%20recuperados%20para%20uso%20de%20las%20y%20los%20vecinos&#038;url=https:\/\/radiorevelacionfm.cl\/?p=56135' aria-hidden='false' data-av_icon='\ue8f1' data-av_iconfont='entypo-fontello' title='' data-avia-related-tooltip='Compartir en Twitter' rel=\"noopener\"><span class='avia_hidden_link_text'>Compartir en Twitter<\/span><\/a><\/li><li class='av-share-link av-social-link-whatsapp' ><a target=\"_blank\" aria-label=\"Compartir en Whatsapp\" href='https:\/\/api.whatsapp.com\/send?text=https:\/\/radiorevelacionfm.cl\/?p=56135' aria-hidden='false' data-av_icon='\uf232' data-av_iconfont='entypo-fontello' title='' data-avia-related-tooltip='Compartir en Whatsapp' rel=\"noopener\"><span class='avia_hidden_link_text'>Compartir en Whatsapp<\/span><\/a><\/li><li class='av-share-link av-social-link-linkedin' ><a target=\"_blank\" aria-label=\"Compartir en LinkedIn\" href='https:\/\/linkedin.com\/shareArticle?mini=true&#038;title=M%C3%A1s%20de%20400%20metros%20del%20cauce%20del%20R%C3%ADo%20Cochrane%20ser%C3%A1n%20recuperados%20para%20uso%20de%20las%20y%20los%20vecinos&#038;url=https:\/\/radiorevelacionfm.cl\/?p=56135' aria-hidden='false' data-av_icon='\ue8fc' data-av_iconfont='entypo-fontello' title='' data-avia-related-tooltip='Compartir en LinkedIn' rel=\"noopener\"><span class='avia_hidden_link_text'>Compartir en LinkedIn<\/span><\/a><\/li><li class='av-share-link av-social-link-mail' ><a  aria-label=\"Compartir por correo\" href='mailto:?subject=M%C3%A1s%20de%20400%20metros%20del%20cauce%20del%20R%C3%ADo%20Cochrane%20ser%C3%A1n%20recuperados%20para%20uso%20de%20las%20y%20los%20vecinos&#038;body=https:\/\/radiorevelacionfm.cl\/?p=56135' aria-hidden='false' data-av_icon='\ue805' data-av_iconfont='entypo-fontello' title='' data-avia-related-tooltip='Compartir por correo'><span class='avia_hidden_link_text'>Compartir por correo<\/span><\/a><\/li><\/ul><\/div><\/div>\n<div  style='height:50px' class='hr hr-invisible   avia-builder-el-8  el_after_av_social_share  el_before_av_comments_list '><span class='hr-inner ' ><span class='hr-inner-style'><\/span><\/span><\/div>\n<div  class='av-buildercomment  av-blog-meta-html-info-disabled av-blog-meta-tag-disabled  '><\/div>\n","protected":false},"excerpt":{"rendered":"","protected":false},"author":1,"featured_media":56136,"comment_status":"closed","ping_status":"closed","sticky":false,"template":"","format":"standard","meta":{"footnotes":""},"categories":[38],"tags":[],"class_list":["post-56135","post","type-post","status-publish","format-standard","has-post-thumbnail","hentry","category-regional"],"jetpack_featured_media_url":"https:\/\/radiorevelacionfm.cl\/wp-content\/uploads\/2025\/07\/WhatsApp-Image-2025-07-03-at-19.19.52-2-1.jpeg","_links":{"self":[{"href":"https:\/\/radiorevelacionfm.cl\/index.php?rest_route=\/wp\/v2\/posts\/56135","targetHints":{"allow":["GET"]}}],"collection":[{"href":"https:\/\/radiorevelacionfm.cl\/index.php?rest_route=\/wp\/v2\/posts"}],"about":[{"href":"https:\/\/radiorevelacionfm.cl\/index.php?rest_route=\/wp\/v2\/types\/post"}],"author":[{"embeddable":true,"href":"https:\/\/radiorevelacionfm.cl\/index.php?rest_route=\/wp\/v2\/users\/1"}],"replies":[{"embeddable":true,"href":"https:\/\/radiorevelacionfm.cl\/index.php?rest_route=%2Fwp%2Fv2%2Fcomments&post=56135"}],"version-history":[{"count":2,"href":"https:\/\/radiorevelacionfm.cl\/index.php?rest_route=\/wp\/v2\/posts\/56135\/revisions"}],"predecessor-version":[{"id":56159,"href":"https:\/\/radiorevelacionfm.cl\/index.php?rest_route=\/wp\/v2\/posts\/56135\/revisions\/56159"}],"wp:featuredmedia":[{"embeddable":true,"href":"https:\/\/radiorevelacionfm.cl\/index.php?rest_route=\/wp\/v2\/media\/56136"}],"wp:attachment":[{"href":"https:\/\/radiorevelacionfm.cl\/index.php?rest_route=%2Fwp%2Fv2%2Fmedia&parent=56135"}],"wp:term":[{"taxonomy":"category","embeddable":true,"href":"https:\/\/radiorevelacionfm.cl\/index.php?rest_route=%2Fwp%2Fv2%2Fcategories&post=56135"},{"taxonomy":"post_tag","embeddable":true,"href":"https:\/\/radiorevelacionfm.cl\/index.php?rest_route=%2Fwp%2Fv2%2Ftags&post=56135"}],"curies":[{"name":"wp","href":"https:\/\/api.w.org\/{rel}","templated":true}]}}