{"id":56131,"date":"2025-07-04T18:17:55","date_gmt":"2025-07-04T21:17:55","guid":{"rendered":"https:\/\/radiorevelacionfm.cl\/?p=56131"},"modified":"2025-07-04T18:17:55","modified_gmt":"2025-07-04T21:17:55","slug":"accion-de-carabineros-del-reten-el-blanco-permitio-liberar-a-caballar-atrapado-en-cerca-perimetral","status":"publish","type":"post","link":"https:\/\/radiorevelacionfm.cl\/?p=56131","title":{"rendered":"Acci\u00f3n de Carabineros del Ret\u00e9n El Blanco permiti\u00f3 liberar a caballar atrapado en cerca perimetral"},"content":{"rendered":"<div class=\"flex_column av_one_full  flex_column_div av-zero-column-padding first  avia-builder-el-0  el_before_av_one_full  avia-builder-el-first  \" style='border-radius:0px; '><div  class='avia-image-container  av-styling-    avia-builder-el-1  avia-builder-el-no-sibling  avia-align-center '  itemprop=\"image\" itemscope=\"itemscope\" itemtype=\"https:\/\/schema.org\/ImageObject\"  ><div class='avia-image-container-inner'><div class='avia-image-overlay-wrap'><img decoding=\"async\" class='wp-image-56132 avia-img-lazy-loading-not-56132 avia_image' src=\"https:\/\/radiorevelacionfm.cl\/wp-content\/uploads\/2025\/07\/sin-titulo-7-1_optimized.jpg\" alt='' title='sin-t\u00edtulo-7-(1)_optimized' height=\"800\" width=\"797\"  itemprop=\"thumbnailUrl\" srcset=\"https:\/\/radiorevelacionfm.cl\/wp-content\/uploads\/2025\/07\/sin-titulo-7-1_optimized.jpg 797w, https:\/\/radiorevelacionfm.cl\/wp-content\/uploads\/2025\/07\/sin-titulo-7-1_optimized-300x300.jpg 300w, https:\/\/radiorevelacionfm.cl\/wp-content\/uploads\/2025\/07\/sin-titulo-7-1_optimized-80x80.jpg 80w, https:\/\/radiorevelacionfm.cl\/wp-content\/uploads\/2025\/07\/sin-titulo-7-1_optimized-768x771.jpg 768w, https:\/\/radiorevelacionfm.cl\/wp-content\/uploads\/2025\/07\/sin-titulo-7-1_optimized-36x36.jpg 36w, https:\/\/radiorevelacionfm.cl\/wp-content\/uploads\/2025\/07\/sin-titulo-7-1_optimized-180x180.jpg 180w, https:\/\/radiorevelacionfm.cl\/wp-content\/uploads\/2025\/07\/sin-titulo-7-1_optimized-702x705.jpg 702w, https:\/\/radiorevelacionfm.cl\/wp-content\/uploads\/2025\/07\/sin-titulo-7-1_optimized-120x120.jpg 120w, https:\/\/radiorevelacionfm.cl\/wp-content\/uploads\/2025\/07\/sin-titulo-7-1_optimized-450x452.jpg 450w, https:\/\/radiorevelacionfm.cl\/wp-content\/uploads\/2025\/07\/sin-titulo-7-1_optimized-600x602.jpg 600w, https:\/\/radiorevelacionfm.cl\/wp-content\/uploads\/2025\/07\/sin-titulo-7-1_optimized-100x100.jpg 100w\" sizes=\"(max-width: 797px) 100vw, 797px\" \/><\/div><\/div><\/div><\/div><div class=\"flex_column av_one_full  flex_column_div av-zero-column-padding first  avia-builder-el-2  el_after_av_one_full  el_before_av_one_full  column-top-margin\" style='border-radius:0px; '><section class=\"av_textblock_section \"  itemscope=\"itemscope\" itemtype=\"https:\/\/schema.org\/BlogPosting\" itemprop=\"blogPost\" ><div class='avia_textblock  '   itemprop=\"text\" ><p style=\"text-align: center;\"><strong><span style=\"font-size: 18pt;\">Acci\u00f3n de Carabineros del Ret\u00e9n El Blanco permiti\u00f3 liberar a caballar atrapado en cerca perimetral<\/span><\/strong><\/p>\n<div id=\"gtx-trans\" style=\"position: absolute; left: -50px; top: 4.31534px;\">\n<div class=\"gtx-trans-icon\"><\/div>\n<\/div>\n<\/div><\/section><\/div><div class=\"flex_column av_one_full  flex_column_div av-zero-column-padding first  avia-builder-el-4  el_after_av_one_full  el_before_av_hr  column-top-margin\" style='border-radius:0px; '><section class=\"av_textblock_section \"  itemscope=\"itemscope\" itemtype=\"https:\/\/schema.org\/BlogPosting\" itemprop=\"blogPost\" ><div class='avia_textblock  '   itemprop=\"text\" ><p dir=\"ltr\" style=\"text-align: justify;\"><em>Mediante un napole\u00f3n, el personal logr\u00f3 cortar el alambre y poner a salvo el animal en un predio rural del sector Ensenada Valle Simpson, en la comuna de Coyhaique.<\/em><\/p>\n<p dir=\"ltr\" style=\"text-align: justify;\">A diario Carabineros Ays\u00e9n -y a lo largo de todo el pa\u00eds- cumple m\u00faltiples funciones brindando seguridad y protecci\u00f3n a los habitantes, resguardando nuestra frontera, haciendo soberan\u00eda y constituyendo la presencia del Estado en los rincones m\u00e1s inh\u00f3spitos de nuestra extensa geograf\u00eda.<\/p>\n<p dir=\"ltr\" style=\"text-align: justify;\">En nuestros servicios no s\u00f3lo resguardamos a las personas y sus bienes, sino tambi\u00e9n la vida y el bienestar animal son parte de nuestras acciones diarias.<\/p>\n<p dir=\"ltr\" style=\"text-align: justify;\">Hoy, mientras Carabineros de dotaci\u00f3n del Ret\u00e9n El Blanco desarrollaba un patrullaje preventivo a trav\u00e9s de la ruta X-632 en el sector Ensenada Valle Simpson -en la comuna de Coyhaique- fueron alertados por una vecina, quien manifest\u00f3 que algunos metros m\u00e1s adelante se encontraba un caballar atrapado en una cerca.<\/p>\n<p dir=\"ltr\" style=\"text-align: justify;\">Con estos antecedentes el Cabo 1ro. Marco Melio G\u00f3mez junto a la Cabo 1ro. Catherine Espinoza Schlegel quienes iban a bordo del carro policial, se dirigieron al lugar, pudiendo constatar la presencia del animal a orillas del camino mientras realizaba vanos esfuerzos por liberarse del alambrado.<\/p>\n<p dir=\"ltr\" style=\"text-align: justify;\">Ambos funcionarios descendieron de la patrulla y se acercaron al equino, pudiendo percatarse que -al parecer- estaba enredado en la herradura, tras lo cual regresaron por el bolso t\u00e1ctico desde el cual extrajeron un napole\u00f3n, herramienta con que lograron cortar el alambre acerado, pudiendo liberar el caballar en un oportuno actuar, sin causar lesiones al animal.<\/p>\n<p dir=\"ltr\" style=\"text-align: justify;\">Carabineros del Ret\u00e9n El Blanco realiza patrullajes a diario por estos sectores rurales con la finalidad de brindar m\u00e1s seguridad, prevenir el delito de abigeato, fiscalizar el transporte de le\u00f1a y de ganado, fortalecer la cercan\u00eda con la comunidad y estar, en definitiva, donde las personas nos necesitan.<\/p>\n<\/div><\/section><\/div><div  style='height:50px' class='hr hr-invisible   avia-builder-el-6  el_after_av_one_full  el_before_av_social_share '><span class='hr-inner ' ><span class='hr-inner-style'><\/span><\/span><\/div><\/p>\n<div  class='av-social-sharing-box  avia-builder-el-7  el_after_av_hr  el_before_av_hr  '><div class='av-share-box'><h5 class='av-share-link-description av-no-toc '>Compartir esta noticia<\/h5><ul class='av-share-box-list noLightbox'><li class='av-share-link av-social-link-facebook' ><a target=\"_blank\" aria-label=\"Compartir en Facebook\" href='https:\/\/www.facebook.com\/sharer.php?u=https:\/\/radiorevelacionfm.cl\/?p=56131&#038;t=Acci%C3%B3n%20de%20Carabineros%20del%20Ret%C3%A9n%20El%20Blanco%20permiti%C3%B3%20liberar%20a%20caballar%20atrapado%20en%20cerca%20perimetral' aria-hidden='false' data-av_icon='\ue8f3' data-av_iconfont='entypo-fontello' title='' data-avia-related-tooltip='Compartir en Facebook' rel=\"noopener\"><span class='avia_hidden_link_text'>Compartir en Facebook<\/span><\/a><\/li><li class='av-share-link av-social-link-twitter' ><a target=\"_blank\" aria-label=\"Compartir en Twitter\" href='https:\/\/twitter.com\/share?text=Acci%C3%B3n%20de%20Carabineros%20del%20Ret%C3%A9n%20El%20Blanco%20permiti%C3%B3%20liberar%20a%20caballar%20atrapado%20en%20cerca%20perimetral&#038;url=https:\/\/radiorevelacionfm.cl\/?p=56131' aria-hidden='false' data-av_icon='\ue8f1' data-av_iconfont='entypo-fontello' title='' data-avia-related-tooltip='Compartir en Twitter' rel=\"noopener\"><span class='avia_hidden_link_text'>Compartir en Twitter<\/span><\/a><\/li><li class='av-share-link av-social-link-whatsapp' ><a target=\"_blank\" aria-label=\"Compartir en Whatsapp\" href='https:\/\/api.whatsapp.com\/send?text=https:\/\/radiorevelacionfm.cl\/?p=56131' aria-hidden='false' data-av_icon='\uf232' data-av_iconfont='entypo-fontello' title='' data-avia-related-tooltip='Compartir en Whatsapp' rel=\"noopener\"><span class='avia_hidden_link_text'>Compartir en Whatsapp<\/span><\/a><\/li><li class='av-share-link av-social-link-linkedin' ><a target=\"_blank\" aria-label=\"Compartir en LinkedIn\" href='https:\/\/linkedin.com\/shareArticle?mini=true&#038;title=Acci%C3%B3n%20de%20Carabineros%20del%20Ret%C3%A9n%20El%20Blanco%20permiti%C3%B3%20liberar%20a%20caballar%20atrapado%20en%20cerca%20perimetral&#038;url=https:\/\/radiorevelacionfm.cl\/?p=56131' aria-hidden='false' data-av_icon='\ue8fc' data-av_iconfont='entypo-fontello' title='' data-avia-related-tooltip='Compartir en LinkedIn' rel=\"noopener\"><span class='avia_hidden_link_text'>Compartir en LinkedIn<\/span><\/a><\/li><li class='av-share-link av-social-link-mail' ><a  aria-label=\"Compartir por correo\" href='mailto:?subject=Acci%C3%B3n%20de%20Carabineros%20del%20Ret%C3%A9n%20El%20Blanco%20permiti%C3%B3%20liberar%20a%20caballar%20atrapado%20en%20cerca%20perimetral&#038;body=https:\/\/radiorevelacionfm.cl\/?p=56131' aria-hidden='false' data-av_icon='\ue805' data-av_iconfont='entypo-fontello' title='' data-avia-related-tooltip='Compartir por correo'><span class='avia_hidden_link_text'>Compartir por correo<\/span><\/a><\/li><\/ul><\/div><\/div>\n<div  style='height:50px' class='hr hr-invisible   avia-builder-el-8  el_after_av_social_share  el_before_av_comments_list '><span class='hr-inner ' ><span class='hr-inner-style'><\/span><\/span><\/div>\n<div  class='av-buildercomment  av-blog-meta-html-info-disabled av-blog-meta-tag-disabled  '><\/div>\n","protected":false},"excerpt":{"rendered":"","protected":false},"author":1,"featured_media":56132,"comment_status":"closed","ping_status":"closed","sticky":false,"template":"","format":"standard","meta":{"footnotes":""},"categories":[36],"tags":[],"class_list":["post-56131","post","type-post","status-publish","format-standard","has-post-thumbnail","hentry","category-policial"],"jetpack_featured_media_url":"https:\/\/radiorevelacionfm.cl\/wp-content\/uploads\/2025\/07\/sin-titulo-7-1_optimized.jpg","_links":{"self":[{"href":"https:\/\/radiorevelacionfm.cl\/index.php?rest_route=\/wp\/v2\/posts\/56131","targetHints":{"allow":["GET"]}}],"collection":[{"href":"https:\/\/radiorevelacionfm.cl\/index.php?rest_route=\/wp\/v2\/posts"}],"about":[{"href":"https:\/\/radiorevelacionfm.cl\/index.php?rest_route=\/wp\/v2\/types\/post"}],"author":[{"embeddable":true,"href":"https:\/\/radiorevelacionfm.cl\/index.php?rest_route=\/wp\/v2\/users\/1"}],"replies":[{"embeddable":true,"href":"https:\/\/radiorevelacionfm.cl\/index.php?rest_route=%2Fwp%2Fv2%2Fcomments&post=56131"}],"version-history":[{"count":2,"href":"https:\/\/radiorevelacionfm.cl\/index.php?rest_route=\/wp\/v2\/posts\/56131\/revisions"}],"predecessor-version":[{"id":56134,"href":"https:\/\/radiorevelacionfm.cl\/index.php?rest_route=\/wp\/v2\/posts\/56131\/revisions\/56134"}],"wp:featuredmedia":[{"embeddable":true,"href":"https:\/\/radiorevelacionfm.cl\/index.php?rest_route=\/wp\/v2\/media\/56132"}],"wp:attachment":[{"href":"https:\/\/radiorevelacionfm.cl\/index.php?rest_route=%2Fwp%2Fv2%2Fmedia&parent=56131"}],"wp:term":[{"taxonomy":"category","embeddable":true,"href":"https:\/\/radiorevelacionfm.cl\/index.php?rest_route=%2Fwp%2Fv2%2Fcategories&post=56131"},{"taxonomy":"post_tag","embeddable":true,"href":"https:\/\/radiorevelacionfm.cl\/index.php?rest_route=%2Fwp%2Fv2%2Ftags&post=56131"}],"curies":[{"name":"wp","href":"https:\/\/api.w.org\/{rel}","templated":true}]}}