{"id":56128,"date":"2025-07-05T11:31:19","date_gmt":"2025-07-05T14:31:19","guid":{"rendered":"https:\/\/radiorevelacionfm.cl\/?p=56128"},"modified":"2025-07-05T11:31:46","modified_gmt":"2025-07-05T14:31:46","slug":"cecrea-aterriza-en-los-barrios-de-coyhaique","status":"publish","type":"post","link":"https:\/\/radiorevelacionfm.cl\/?p=56128","title":{"rendered":"Cecrea aterriza en los barrios de la ciudad de Coyhaique"},"content":{"rendered":"<div class=\"flex_column av_one_full  flex_column_div av-zero-column-padding first  avia-builder-el-0  el_before_av_one_full  avia-builder-el-first  \" style='border-radius:0px; '><div  class='avia-image-container  av-styling-    avia-builder-el-1  avia-builder-el-no-sibling  avia-align-center '  itemprop=\"image\" itemscope=\"itemscope\" itemtype=\"https:\/\/schema.org\/ImageObject\"  ><div class='avia-image-container-inner'><div class='avia-image-overlay-wrap'><img decoding=\"async\" class='wp-image-56129 avia-img-lazy-loading-not-56129 avia_image' src=\"https:\/\/radiorevelacionfm.cl\/wp-content\/uploads\/2025\/07\/cecrea-barrios2-1-1.jpg\" alt='' title='cecrea barrios2 (1) (1)' height=\"600\" width=\"938\"  itemprop=\"thumbnailUrl\" srcset=\"https:\/\/radiorevelacionfm.cl\/wp-content\/uploads\/2025\/07\/cecrea-barrios2-1-1.jpg 938w, https:\/\/radiorevelacionfm.cl\/wp-content\/uploads\/2025\/07\/cecrea-barrios2-1-1-300x192.jpg 300w, https:\/\/radiorevelacionfm.cl\/wp-content\/uploads\/2025\/07\/cecrea-barrios2-1-1-768x491.jpg 768w, https:\/\/radiorevelacionfm.cl\/wp-content\/uploads\/2025\/07\/cecrea-barrios2-1-1-705x451.jpg 705w, https:\/\/radiorevelacionfm.cl\/wp-content\/uploads\/2025\/07\/cecrea-barrios2-1-1-450x288.jpg 450w, https:\/\/radiorevelacionfm.cl\/wp-content\/uploads\/2025\/07\/cecrea-barrios2-1-1-600x384.jpg 600w\" sizes=\"(max-width: 938px) 100vw, 938px\" \/><\/div><\/div><\/div><\/div>\n<div class=\"flex_column av_one_full  flex_column_div av-zero-column-padding first  avia-builder-el-2  el_after_av_one_full  el_before_av_one_full  column-top-margin\" style='border-radius:0px; '><section class=\"av_textblock_section \"  itemscope=\"itemscope\" itemtype=\"https:\/\/schema.org\/BlogPosting\" itemprop=\"blogPost\" ><div class='avia_textblock  '   itemprop=\"text\" ><p style=\"text-align: center;\"><span style=\"font-size: 18pt;\"><b>Cecrea aterriza en los barrios de la ciudad de Coyhaique<\/b><\/span><\/p>\n<div id=\"gtx-trans\" style=\"position: absolute; left: -50px; top: 4.31534px;\">\n<div class=\"gtx-trans-icon\"><\/div>\n<\/div>\n<\/div><\/section><\/div><div class=\"flex_column av_one_full  flex_column_div av-zero-column-padding first  avia-builder-el-4  el_after_av_one_full  el_before_av_hr  column-top-margin\" style='border-radius:0px; '><section class=\"av_textblock_section \"  itemscope=\"itemscope\" itemtype=\"https:\/\/schema.org\/BlogPosting\" itemprop=\"blogPost\" ><div class='avia_textblock  '   itemprop=\"text\" ><p style=\"text-align: justify;\">Los espacios de creaci\u00f3n, participaci\u00f3n e imaginaci\u00f3n del Programa Cecrea del Ministerio de las Culturas, las Artes y el Patrimonio, saldr\u00e1n este invierno del Espacio Cecrea del Centro Cultural Coyhaique para desplegarse por algunos barrios de la capital regional.<\/p>\n<p style=\"text-align: justify;\">Adem\u00e1s de la programaci\u00f3n de invierno en el tradicional y c\u00e9ntrico espacio, y en la b\u00fasqueda de descentralizar y democratizar el acceso a sus contenidos, Cecrea estar\u00e1 con experiencias creativas y art\u00edsticas para ni\u00f1os, ni\u00f1as y j\u00f3venes de los barrios El Bosque-Villa Patagonia, Prat y General Bernales.<\/p>\n<p style=\"text-align: justify;\">El seremi de Culturas Ays\u00e9n, Felipe Quiroz, enfatiz\u00f3 que \u201ceste despliegue territorial de Cecrea, en articulaci\u00f3n con el programa Quiero Mi Barrio del MINVU, refleja el compromiso del Estado con el acceso equitativo a la cultura. Estamos llevando contenidos creativos y art\u00edsticos a sectores hist\u00f3ricamente marginados de la oferta cultural, promoviendo as\u00ed una descentralizaci\u00f3n real y efectiva, que pone a ni\u00f1os, ni\u00f1as y j\u00f3venes en el centro de las pol\u00edticas p\u00fablicas territoriales. Esta iniciativa es parte de una visi\u00f3n m\u00e1s amplia de justicia cultural y democratizaci\u00f3n del acceso, donde el arte y la imaginaci\u00f3n no son privilegios del centro, sino derechos garantizados en todos los barrios\u201d.<\/p>\n<p style=\"text-align: justify;\">El secretario regional ministerial se refiere a la implementaci\u00f3n de esta herramienta que se enfoca en la desconcentraci\u00f3n de actividades, tanto en los barrios como en sectores rurales. Tambi\u00e9n permite darle continuidad y seguimiento con mayor eficacia a los procesos de cada \u00e1rea del programa.<\/p>\n<p style=\"text-align: justify;\">Victoria Moreno es la encargada social de la oficina de Quiero mi barrio el Bosque Patagonia; cuenta que tiene altas expectativas con las experiencias de Cecrea en su barrio, pues \u201cactualmente nosotros estamos desarrollando nuestros proyectos sociales en los cuales tenemos diferentes l\u00edneas y trabajamos con diferentes p\u00fablicos. Trabajamos con mujeres, con adultos mayores y con ni\u00f1os y j\u00f3venes que han sido el segmento con el que m\u00e1s nos ha costado acercarnos y vincularnos. Encontramos muy potente esta alianza donde justamente trabajan con ni\u00f1os y con j\u00f3venes, y poder acercar la oferta program\u00e1tica que ustedes tienen al barrio. Nos calza muy bien porque actualmente estamos en la ejecuci\u00f3n de nuestros proyectos sociales. Como trabajamos con estos grupos que mencion\u00e9, nos parece superoportuno poder traer estas iniciativas que se est\u00e1n desarrollando en el centro de la ciudad e incorporarlas a los barrios porque as\u00ed potencia nuestras actividades\u201d.<\/p>\n<p style=\"text-align: justify;\">Sobre el Plan de Gesti\u00f3n Territorial de Cecrea Coyhaique, la encargada del programa en la ciudad, M\u00f3nica Mel\u00e9ndez, profundiza: \u201cHemos priorizado la focalizaci\u00f3n del trabajo en los barrios de la comuna. Esto es muy significativo ya que da pie a un trabajo sostenido que implementaremos durante el segundo semestre, con posibilidades de proyecci\u00f3n para el a\u00f1o 2026\u201d.<\/p>\n<p style=\"text-align: justify;\">Cecrea llega a los barrios este 8 de julio a las tres de la tarde con su primera experiencia, denominada Barrio a la carta, pues nace de las propias inquietudes e intereses de los ni\u00f1os, ni\u00f1as y j\u00f3venes que participan. Los meses previos, el programa desarroll\u00f3 Escuchas Creativas para que los lineamientos de sus actividades incorporaran, como cada a\u00f1o, sus miradas y apreciaciones.<\/p>\n<p style=\"text-align: justify;\">El 15 de julio, la experiencia Las recetas de la abuela llevar\u00e1 las artes esc\u00e9nicas a los barrios y el 28 de julio ser\u00e1 el turno de las artes visuales con Recetas del Bosque.<\/p>\n<\/div><\/section><\/div><\/p>\n<div  style='height:50px' class='hr hr-invisible   avia-builder-el-6  el_after_av_one_full  el_before_av_social_share '><span class='hr-inner ' ><span class='hr-inner-style'><\/span><\/span><\/div>\n<div  class='av-social-sharing-box  avia-builder-el-7  el_after_av_hr  el_before_av_hr  '><div class='av-share-box'><h5 class='av-share-link-description av-no-toc '>Compartir esta noticia<\/h5><ul class='av-share-box-list noLightbox'><li class='av-share-link av-social-link-facebook' ><a target=\"_blank\" aria-label=\"Compartir en Facebook\" href='https:\/\/www.facebook.com\/sharer.php?u=https:\/\/radiorevelacionfm.cl\/?p=56128&#038;t=Cecrea%20aterriza%20en%20los%20barrios%20de%20la%20ciudad%20de%20Coyhaique' aria-hidden='false' data-av_icon='\ue8f3' data-av_iconfont='entypo-fontello' title='' data-avia-related-tooltip='Compartir en Facebook' rel=\"noopener\"><span class='avia_hidden_link_text'>Compartir en Facebook<\/span><\/a><\/li><li class='av-share-link av-social-link-twitter' ><a target=\"_blank\" aria-label=\"Compartir en Twitter\" href='https:\/\/twitter.com\/share?text=Cecrea%20aterriza%20en%20los%20barrios%20de%20la%20ciudad%20de%20Coyhaique&#038;url=https:\/\/radiorevelacionfm.cl\/?p=56128' aria-hidden='false' data-av_icon='\ue8f1' data-av_iconfont='entypo-fontello' title='' data-avia-related-tooltip='Compartir en Twitter' rel=\"noopener\"><span class='avia_hidden_link_text'>Compartir en Twitter<\/span><\/a><\/li><li class='av-share-link av-social-link-whatsapp' ><a target=\"_blank\" aria-label=\"Compartir en Whatsapp\" href='https:\/\/api.whatsapp.com\/send?text=https:\/\/radiorevelacionfm.cl\/?p=56128' aria-hidden='false' data-av_icon='\uf232' data-av_iconfont='entypo-fontello' title='' data-avia-related-tooltip='Compartir en Whatsapp' rel=\"noopener\"><span class='avia_hidden_link_text'>Compartir en Whatsapp<\/span><\/a><\/li><li class='av-share-link av-social-link-linkedin' ><a target=\"_blank\" aria-label=\"Compartir en LinkedIn\" href='https:\/\/linkedin.com\/shareArticle?mini=true&#038;title=Cecrea%20aterriza%20en%20los%20barrios%20de%20la%20ciudad%20de%20Coyhaique&#038;url=https:\/\/radiorevelacionfm.cl\/?p=56128' aria-hidden='false' data-av_icon='\ue8fc' data-av_iconfont='entypo-fontello' title='' data-avia-related-tooltip='Compartir en LinkedIn' rel=\"noopener\"><span class='avia_hidden_link_text'>Compartir en LinkedIn<\/span><\/a><\/li><li class='av-share-link av-social-link-mail' ><a  aria-label=\"Compartir por correo\" href='mailto:?subject=Cecrea%20aterriza%20en%20los%20barrios%20de%20la%20ciudad%20de%20Coyhaique&#038;body=https:\/\/radiorevelacionfm.cl\/?p=56128' aria-hidden='false' data-av_icon='\ue805' data-av_iconfont='entypo-fontello' title='' data-avia-related-tooltip='Compartir por correo'><span class='avia_hidden_link_text'>Compartir por correo<\/span><\/a><\/li><\/ul><\/div><\/div>\n<div  style='height:50px' class='hr hr-invisible   avia-builder-el-8  el_after_av_social_share  el_before_av_comments_list '><span class='hr-inner ' ><span class='hr-inner-style'><\/span><\/span><\/div>\n<div  class='av-buildercomment  av-blog-meta-html-info-disabled av-blog-meta-tag-disabled  '><\/div>\n","protected":false},"excerpt":{"rendered":"","protected":false},"author":1,"featured_media":56129,"comment_status":"closed","ping_status":"closed","sticky":false,"template":"","format":"standard","meta":{"footnotes":""},"categories":[52],"tags":[],"class_list":["post-56128","post","type-post","status-publish","format-standard","has-post-thumbnail","hentry","category-cultura"],"jetpack_featured_media_url":"https:\/\/radiorevelacionfm.cl\/wp-content\/uploads\/2025\/07\/cecrea-barrios2-1-1.jpg","_links":{"self":[{"href":"https:\/\/radiorevelacionfm.cl\/index.php?rest_route=\/wp\/v2\/posts\/56128","targetHints":{"allow":["GET"]}}],"collection":[{"href":"https:\/\/radiorevelacionfm.cl\/index.php?rest_route=\/wp\/v2\/posts"}],"about":[{"href":"https:\/\/radiorevelacionfm.cl\/index.php?rest_route=\/wp\/v2\/types\/post"}],"author":[{"embeddable":true,"href":"https:\/\/radiorevelacionfm.cl\/index.php?rest_route=\/wp\/v2\/users\/1"}],"replies":[{"embeddable":true,"href":"https:\/\/radiorevelacionfm.cl\/index.php?rest_route=%2Fwp%2Fv2%2Fcomments&post=56128"}],"version-history":[{"count":3,"href":"https:\/\/radiorevelacionfm.cl\/index.php?rest_route=\/wp\/v2\/posts\/56128\/revisions"}],"predecessor-version":[{"id":56161,"href":"https:\/\/radiorevelacionfm.cl\/index.php?rest_route=\/wp\/v2\/posts\/56128\/revisions\/56161"}],"wp:featuredmedia":[{"embeddable":true,"href":"https:\/\/radiorevelacionfm.cl\/index.php?rest_route=\/wp\/v2\/media\/56129"}],"wp:attachment":[{"href":"https:\/\/radiorevelacionfm.cl\/index.php?rest_route=%2Fwp%2Fv2%2Fmedia&parent=56128"}],"wp:term":[{"taxonomy":"category","embeddable":true,"href":"https:\/\/radiorevelacionfm.cl\/index.php?rest_route=%2Fwp%2Fv2%2Fcategories&post=56128"},{"taxonomy":"post_tag","embeddable":true,"href":"https:\/\/radiorevelacionfm.cl\/index.php?rest_route=%2Fwp%2Fv2%2Ftags&post=56128"}],"curies":[{"name":"wp","href":"https:\/\/api.w.org\/{rel}","templated":true}]}}