{"id":56125,"date":"2025-07-05T12:45:07","date_gmt":"2025-07-05T15:45:07","guid":{"rendered":"https:\/\/radiorevelacionfm.cl\/?p=56125"},"modified":"2025-07-05T12:45:07","modified_gmt":"2025-07-05T15:45:07","slug":"proyecto-fic-cooperativas-2022-del-campus-patagonia-culmina-con-todos-sus-objetivos-cumplidos","status":"publish","type":"post","link":"https:\/\/radiorevelacionfm.cl\/?p=56125","title":{"rendered":"Proyecto FIC Cooperativas 2022 del Campus Patagonia culmina con todos sus objetivos cumplidos"},"content":{"rendered":"<div class=\"flex_column av_one_full  flex_column_div av-zero-column-padding first  avia-builder-el-0  el_before_av_one_full  avia-builder-el-first  \" style='border-radius:0px; '><div  class='avia-image-container  av-styling-    avia-builder-el-1  avia-builder-el-no-sibling  avia-align-center '  itemprop=\"image\" itemscope=\"itemscope\" itemtype=\"https:\/\/schema.org\/ImageObject\"  ><div class='avia-image-container-inner'><div class='avia-image-overlay-wrap'><img decoding=\"async\" class='wp-image-56126 avia-img-lazy-loading-not-56126 avia_image' src=\"https:\/\/radiorevelacionfm.cl\/wp-content\/uploads\/2025\/07\/IMG_9734-1-1.jpg\" alt='' title='IMG_9734 (1) (1)' height=\"600\" width=\"900\"  itemprop=\"thumbnailUrl\" srcset=\"https:\/\/radiorevelacionfm.cl\/wp-content\/uploads\/2025\/07\/IMG_9734-1-1.jpg 900w, https:\/\/radiorevelacionfm.cl\/wp-content\/uploads\/2025\/07\/IMG_9734-1-1-300x200.jpg 300w, https:\/\/radiorevelacionfm.cl\/wp-content\/uploads\/2025\/07\/IMG_9734-1-1-768x512.jpg 768w, https:\/\/radiorevelacionfm.cl\/wp-content\/uploads\/2025\/07\/IMG_9734-1-1-705x470.jpg 705w, https:\/\/radiorevelacionfm.cl\/wp-content\/uploads\/2025\/07\/IMG_9734-1-1-450x300.jpg 450w, https:\/\/radiorevelacionfm.cl\/wp-content\/uploads\/2025\/07\/IMG_9734-1-1-600x400.jpg 600w\" sizes=\"(max-width: 900px) 100vw, 900px\" \/><\/div><\/div><\/div><\/div><div class=\"flex_column av_one_full  flex_column_div av-zero-column-padding first  avia-builder-el-2  el_after_av_one_full  el_before_av_one_full  column-top-margin\" style='border-radius:0px; '><section class=\"av_textblock_section \"  itemscope=\"itemscope\" itemtype=\"https:\/\/schema.org\/BlogPosting\" itemprop=\"blogPost\" ><div class='avia_textblock  '   itemprop=\"text\" ><p style=\"text-align: center;\"><span style=\"font-size: 18pt;\"><strong>Proyecto FIC Cooperativas 2022 del Campus Patagonia culmina con todos sus objetivos cumplidos<\/strong><\/span><\/p>\n<div id=\"gtx-trans\" style=\"position: absolute; left: -50px; top: 4.31534px;\">\n<div class=\"gtx-trans-icon\"><\/div>\n<\/div>\n<\/div><\/section><\/div><div class=\"flex_column av_one_full  flex_column_div av-zero-column-padding first  avia-builder-el-4  el_after_av_one_full  el_before_av_hr  column-top-margin\" style='border-radius:0px; '><section class=\"av_textblock_section \"  itemscope=\"itemscope\" itemtype=\"https:\/\/schema.org\/BlogPosting\" itemprop=\"blogPost\" ><div class='avia_textblock  '   itemprop=\"text\" ><p style=\"text-align: justify;\"><em>El proyecto, financiado por el Gobierno Regional de Ays\u00e9n y ejecutado por el Campus Patagonia UACh, logr\u00f3 instalar el tema de la asociatividad en la regi\u00f3n y desarrollar una Gu\u00eda de Emprendimiento para apoyar las ideas de negocio emergentes.<\/em><\/p>\n<p style=\"text-align: justify;\">Con un <strong>seminario orientado a potenciar el ecosistema asociativo regional<\/strong>, culmin\u00f3 el proyecto <strong>\u201cFortalecimiento al Apoyo y Capacidades de Cooperativas en la regi\u00f3n de Ays\u00e9n\u00bb<\/strong>, financiado por el Fondo de Innovaci\u00f3n para la Competitividad del Gobierno Regional de Ays\u00e9n y ejecutado por el Campus Patagonia de la Universidad Austral de Chile.<\/p>\n<p style=\"text-align: justify;\">La actividad convoc\u00f3 a autoridades, representantes del mundo p\u00fablico y privado, emprendedores e integrantes de distintas cooperativas regionales formadas gracias a este proyecto, quienes participaron activamente en un conversatorio destinado al an\u00e1lisis de los desaf\u00edos y oportunidades de crecimiento de las cooperativas, cuyo panel estuvo integrado por emprendedoras locales, representantes de instituciones p\u00fablicas y privadas, adem\u00e1s de docentes de la Universidad Austral de Chile.<\/p>\n<p style=\"text-align: justify;\">El director del Campus Patagonia, <strong>Prof. Mario Brito<\/strong>, valor\u00f3 el desarrollo y resultados del proyecto: \u201cPara el Campus ha sido muy relevante llevar adelante este proyecto que busc\u00f3 <strong>fortalecer y afianzar las bases de la asociatividad <\/strong>a trav\u00e9s de cooperativas, que persiguen mejorar las condiciones econ\u00f3micas y sociales de sus miembros en una articulaci\u00f3n org\u00e1nica con la l\u00f3gica de conseguir beneficios compartidos en lugar de enfocarse en la prosperidad de unos pocos. Este importante proceso se desarroll\u00f3 a trav\u00e9s de diversas jornadas, talleres, cursos, un seminario internacional, estudios de diagn\u00f3sticos para determinar brechas, entre otras muchas actividades, en las que prim\u00f3 un adecuado enfoque, una excelente planificaci\u00f3n, y lo m\u00e1s importante, <strong>se logr\u00f3 convocar a una comunidad muy activa, interesada en aprender y compartir experiencias\u201d<\/strong><\/p>\n<p style=\"text-align: justify;\">Este encuentro final, con la comunidad emprendedora local, fue la oportunidad precisa para presentar la <strong>\u201cGu\u00eda de Emprendimiento\u201d<\/strong> desarrollada en el marco de este proyecto, cuyo contenido de muy f\u00e1cil comprensi\u00f3n, aporta herramientas para el desarrollo y fortalecimiento de iniciativas innovadoras. Este documento puede descargarse desde el sitio web <a href=\"https:\/\/cooperativasdeaysen.cl\"><strong>https:\/\/cooperativasdeaysen.cl<\/strong><\/a> . Para fomentar el uso de este manual, se realizaron capacitaciones presenciales a 27 funcionarios de las Municipalidades de Puerto Ays\u00e9n, Las Guaitecas y Puerto Ib\u00e1\u00f1ez, quienes recibieron ejemplares f\u00edsicos de la gu\u00eda, que tambi\u00e9n est\u00e1 disponible en otros organismos p\u00fablicos y privados, adem\u00e1s de la biblioteca del Campus Patagonia.<\/p>\n<p style=\"text-align: justify;\"><strong>Beatriz Ruiz, profesional de Fomento Productivo de la Municipalidad de Las Guaitecas<\/strong> valor\u00f3 la Gu\u00eda de Emprendimiento y destac\u00f3 la buena calidad del material, adem\u00e1s de las capacitaciones que se realizaron en torno a ella en la comuna: \u201c<strong>Es un muy buen material complementario y de autoayuda<\/strong>, tanto a nuestros emprendedores y emprendedoras, como tambi\u00e9n a quienes somos facilitadores en este tema. Sin duda ser\u00e1 un herramienta de uso de ahora en adelante para apoyar a quienes requieran de nuestra colaboraci\u00f3n en el desarrollo de sus emprendimientos locales\u201d.<\/p>\n<p style=\"text-align: justify;\">Otro de los principales logros de este proyecto, es la elaboraci\u00f3n del diagn\u00f3stico de Cooperativas de Ays\u00e9n y el desarrollo del \u201cCurso de Asociatividad y Cooperativismo\u201d en el que participaron 32 emprendedores, socios de cooperativas y asesores de \u00e9stos, con el prop\u00f3sito de fomentar el desarrollo de este tipo de agrupaciones.<\/p>\n<p style=\"text-align: justify;\">La directora del proyecto, <strong>Constanza Pacheco<\/strong>, manifest\u00f3 su satisfacci\u00f3n por los logros obtenidos durante el desarrollo de la iniciativa, cumpliendo con todos los objetivos planteados: \u201cEstamos muy felices de haber concluido el proyecto FIC Cooperativas 2022, fueron 23 meses de ejecuci\u00f3n, donde <strong>pudimos cumplir con todos los hitos comprometidos<\/strong>, <strong>desde el diagn\u00f3stico de las cooperativas de la regi\u00f3n de Ays\u00e9n, hasta la confecci\u00f3n de la Gu\u00eda de Emprendimiento<\/strong>, dos herramientas que vienen a contribuir al desarrollo asociativo y cooperativo de la regi\u00f3n, as\u00ed como del emprendimiento y los negocios. A trav\u00e9s de esta gu\u00eda capacitamos a m\u00e1s de 27 funcionarios de las municipalidades de Ib\u00e1\u00f1ez, Puerto Ays\u00e9n y Guaitecas, junto con ello tambi\u00e9n pudimos hacer un primer piloto con estas 3 municipalidades donde los funcionarios pudieron aportar al desarrollo de emprendedores utiliz\u00e1ndola como herramienta fundamental para aquellas capacitaciones que se desarrollaron en torno a un modelo de negocios\u201d.<\/p>\n<p style=\"text-align: justify;\">Al t\u00e9rmino de la jornada, se hizo entrega de reconocimientos a los Agentes territoriales capacitados en el Curso de Asociatividad y Cooperativismo, y funcionarios capacitados en la Gu\u00eda de Emprendimiento de Ays\u00e9n.<\/p>\n<\/div><\/section><\/div><div  style='height:50px' class='hr hr-invisible   avia-builder-el-6  el_after_av_one_full  el_before_av_social_share '><span class='hr-inner ' ><span class='hr-inner-style'><\/span><\/span><\/div><\/p>\n<div  class='av-social-sharing-box  avia-builder-el-7  el_after_av_hr  el_before_av_hr  '><div class='av-share-box'><h5 class='av-share-link-description av-no-toc '>Compartir esta noticia<\/h5><ul class='av-share-box-list noLightbox'><li class='av-share-link av-social-link-facebook' ><a target=\"_blank\" aria-label=\"Compartir en Facebook\" href='https:\/\/www.facebook.com\/sharer.php?u=https:\/\/radiorevelacionfm.cl\/?p=56125&#038;t=Proyecto%20FIC%20Cooperativas%202022%20del%20Campus%20Patagonia%20culmina%20con%20todos%20sus%20objetivos%20cumplidos' aria-hidden='false' data-av_icon='\ue8f3' data-av_iconfont='entypo-fontello' title='' data-avia-related-tooltip='Compartir en Facebook' rel=\"noopener\"><span class='avia_hidden_link_text'>Compartir en Facebook<\/span><\/a><\/li><li class='av-share-link av-social-link-twitter' ><a target=\"_blank\" aria-label=\"Compartir en Twitter\" href='https:\/\/twitter.com\/share?text=Proyecto%20FIC%20Cooperativas%202022%20del%20Campus%20Patagonia%20culmina%20con%20todos%20sus%20objetivos%20cumplidos&#038;url=https:\/\/radiorevelacionfm.cl\/?p=56125' aria-hidden='false' data-av_icon='\ue8f1' data-av_iconfont='entypo-fontello' title='' data-avia-related-tooltip='Compartir en Twitter' rel=\"noopener\"><span class='avia_hidden_link_text'>Compartir en Twitter<\/span><\/a><\/li><li class='av-share-link av-social-link-whatsapp' ><a target=\"_blank\" aria-label=\"Compartir en Whatsapp\" href='https:\/\/api.whatsapp.com\/send?text=https:\/\/radiorevelacionfm.cl\/?p=56125' aria-hidden='false' data-av_icon='\uf232' data-av_iconfont='entypo-fontello' title='' data-avia-related-tooltip='Compartir en Whatsapp' rel=\"noopener\"><span class='avia_hidden_link_text'>Compartir en Whatsapp<\/span><\/a><\/li><li class='av-share-link av-social-link-linkedin' ><a target=\"_blank\" aria-label=\"Compartir en LinkedIn\" href='https:\/\/linkedin.com\/shareArticle?mini=true&#038;title=Proyecto%20FIC%20Cooperativas%202022%20del%20Campus%20Patagonia%20culmina%20con%20todos%20sus%20objetivos%20cumplidos&#038;url=https:\/\/radiorevelacionfm.cl\/?p=56125' aria-hidden='false' data-av_icon='\ue8fc' data-av_iconfont='entypo-fontello' title='' data-avia-related-tooltip='Compartir en LinkedIn' rel=\"noopener\"><span class='avia_hidden_link_text'>Compartir en LinkedIn<\/span><\/a><\/li><li class='av-share-link av-social-link-mail' ><a  aria-label=\"Compartir por correo\" href='mailto:?subject=Proyecto%20FIC%20Cooperativas%202022%20del%20Campus%20Patagonia%20culmina%20con%20todos%20sus%20objetivos%20cumplidos&#038;body=https:\/\/radiorevelacionfm.cl\/?p=56125' aria-hidden='false' data-av_icon='\ue805' data-av_iconfont='entypo-fontello' title='' data-avia-related-tooltip='Compartir por correo'><span class='avia_hidden_link_text'>Compartir por correo<\/span><\/a><\/li><\/ul><\/div><\/div>\n<div  style='height:50px' class='hr hr-invisible   avia-builder-el-8  el_after_av_social_share  el_before_av_comments_list '><span class='hr-inner ' ><span class='hr-inner-style'><\/span><\/span><\/div>\n<div  class='av-buildercomment  av-blog-meta-html-info-disabled av-blog-meta-tag-disabled  '><\/div>\n","protected":false},"excerpt":{"rendered":"","protected":false},"author":1,"featured_media":56126,"comment_status":"closed","ping_status":"closed","sticky":false,"template":"","format":"standard","meta":{"footnotes":""},"categories":[49],"tags":[],"class_list":["post-56125","post","type-post","status-publish","format-standard","has-post-thumbnail","hentry","category-educacion"],"jetpack_featured_media_url":"https:\/\/radiorevelacionfm.cl\/wp-content\/uploads\/2025\/07\/IMG_9734-1-1.jpg","_links":{"self":[{"href":"https:\/\/radiorevelacionfm.cl\/index.php?rest_route=\/wp\/v2\/posts\/56125","targetHints":{"allow":["GET"]}}],"collection":[{"href":"https:\/\/radiorevelacionfm.cl\/index.php?rest_route=\/wp\/v2\/posts"}],"about":[{"href":"https:\/\/radiorevelacionfm.cl\/index.php?rest_route=\/wp\/v2\/types\/post"}],"author":[{"embeddable":true,"href":"https:\/\/radiorevelacionfm.cl\/index.php?rest_route=\/wp\/v2\/users\/1"}],"replies":[{"embeddable":true,"href":"https:\/\/radiorevelacionfm.cl\/index.php?rest_route=%2Fwp%2Fv2%2Fcomments&post=56125"}],"version-history":[{"count":2,"href":"https:\/\/radiorevelacionfm.cl\/index.php?rest_route=\/wp\/v2\/posts\/56125\/revisions"}],"predecessor-version":[{"id":56163,"href":"https:\/\/radiorevelacionfm.cl\/index.php?rest_route=\/wp\/v2\/posts\/56125\/revisions\/56163"}],"wp:featuredmedia":[{"embeddable":true,"href":"https:\/\/radiorevelacionfm.cl\/index.php?rest_route=\/wp\/v2\/media\/56126"}],"wp:attachment":[{"href":"https:\/\/radiorevelacionfm.cl\/index.php?rest_route=%2Fwp%2Fv2%2Fmedia&parent=56125"}],"wp:term":[{"taxonomy":"category","embeddable":true,"href":"https:\/\/radiorevelacionfm.cl\/index.php?rest_route=%2Fwp%2Fv2%2Fcategories&post=56125"},{"taxonomy":"post_tag","embeddable":true,"href":"https:\/\/radiorevelacionfm.cl\/index.php?rest_route=%2Fwp%2Fv2%2Ftags&post=56125"}],"curies":[{"name":"wp","href":"https:\/\/api.w.org\/{rel}","templated":true}]}}