{"id":56117,"date":"2025-07-04T17:23:07","date_gmt":"2025-07-04T20:23:07","guid":{"rendered":"https:\/\/radiorevelacionfm.cl\/?p=56117"},"modified":"2025-07-04T17:23:07","modified_gmt":"2025-07-04T20:23:07","slug":"un-detenido-40-ampollas-con-resina-de-cannabis-fueron-sacadas-de-circulacion-por-la-pdi","status":"publish","type":"post","link":"https:\/\/radiorevelacionfm.cl\/?p=56117","title":{"rendered":"Un detenido: 40 ampollas con resina de cannabis fueron sacadas de circulaci\u00f3n por la PDI"},"content":{"rendered":"<div class=\"flex_column av_one_full  flex_column_div av-zero-column-padding first  avia-builder-el-0  el_before_av_one_full  avia-builder-el-first  \" style='border-radius:0px; '><div  class='avia-image-container  av-styling-    avia-builder-el-1  avia-builder-el-no-sibling  avia-align-center '  itemprop=\"image\" itemscope=\"itemscope\" itemtype=\"https:\/\/schema.org\/ImageObject\"  ><div class='avia-image-container-inner'><div class='avia-image-overlay-wrap'><img decoding=\"async\" class='wp-image-56118 avia-img-lazy-loading-not-56118 avia_image' src=\"https:\/\/radiorevelacionfm.cl\/wp-content\/uploads\/2025\/07\/WhatsApp-Image-2025-07-04-at-3.12.54-PM-1-1.jpeg\" alt='' title='WhatsApp Image 2025-07-04 at 3.12.54 PM (1) (1)' height=\"600\" width=\"847\"  itemprop=\"thumbnailUrl\" srcset=\"https:\/\/radiorevelacionfm.cl\/wp-content\/uploads\/2025\/07\/WhatsApp-Image-2025-07-04-at-3.12.54-PM-1-1.jpeg 847w, https:\/\/radiorevelacionfm.cl\/wp-content\/uploads\/2025\/07\/WhatsApp-Image-2025-07-04-at-3.12.54-PM-1-1-300x213.jpeg 300w, https:\/\/radiorevelacionfm.cl\/wp-content\/uploads\/2025\/07\/WhatsApp-Image-2025-07-04-at-3.12.54-PM-1-1-768x544.jpeg 768w, https:\/\/radiorevelacionfm.cl\/wp-content\/uploads\/2025\/07\/WhatsApp-Image-2025-07-04-at-3.12.54-PM-1-1-260x185.jpeg 260w, https:\/\/radiorevelacionfm.cl\/wp-content\/uploads\/2025\/07\/WhatsApp-Image-2025-07-04-at-3.12.54-PM-1-1-845x600.jpeg 845w, https:\/\/radiorevelacionfm.cl\/wp-content\/uploads\/2025\/07\/WhatsApp-Image-2025-07-04-at-3.12.54-PM-1-1-705x499.jpeg 705w, https:\/\/radiorevelacionfm.cl\/wp-content\/uploads\/2025\/07\/WhatsApp-Image-2025-07-04-at-3.12.54-PM-1-1-450x319.jpeg 450w, https:\/\/radiorevelacionfm.cl\/wp-content\/uploads\/2025\/07\/WhatsApp-Image-2025-07-04-at-3.12.54-PM-1-1-600x425.jpeg 600w\" sizes=\"(max-width: 847px) 100vw, 847px\" \/><\/div><\/div><\/div><\/div><div class=\"flex_column av_one_full  flex_column_div av-zero-column-padding first  avia-builder-el-2  el_after_av_one_full  el_before_av_one_full  column-top-margin\" style='border-radius:0px; '><section class=\"av_textblock_section \"  itemscope=\"itemscope\" itemtype=\"https:\/\/schema.org\/BlogPosting\" itemprop=\"blogPost\" ><div class='avia_textblock  '   itemprop=\"text\" ><p style=\"text-align: center;\"><strong><span style=\"font-size: 18pt;\">Un detenido: 40 ampollas con resina de cannabis fueron sacadas de circulaci\u00f3n por la PDI<\/span><\/strong><\/p>\n<div id=\"gtx-trans\" style=\"position: absolute; left: -50px; top: 4.31534px;\">\n<div class=\"gtx-trans-icon\"><\/div>\n<\/div>\n<\/div><\/section><\/div><div class=\"flex_column av_one_full  flex_column_div av-zero-column-padding first  avia-builder-el-4  el_after_av_one_full  el_before_av_hr  column-top-margin\" style='border-radius:0px; '><section class=\"av_textblock_section \"  itemscope=\"itemscope\" itemtype=\"https:\/\/schema.org\/BlogPosting\" itemprop=\"blogPost\" ><div class='avia_textblock  '   itemprop=\"text\" ><p style=\"text-align: justify;\">En un trabajo en conjunto con el Ministerio P\u00fablico, la Brigada Antinarc\u00f3ticos y Contra el Crimen Organizado (BRIANCO) de Coyhaique, a ra\u00edz de una investigaci\u00f3n, lograron detener a una persona, mayor de edad, por internar droga a la Regi\u00f3n desde la capital del pa\u00eds.<\/p>\n<p style=\"text-align: justify;\">\u201cEl d\u00eda de ayer (jueves), a ra\u00edz de una investigaci\u00f3n que se lleva en conjunto con la fiscal\u00eda local de Coyhaique, detuvimos a un hombre, mayor de edad, de la localidad de R\u00edo Ib\u00e1\u00f1ez, sin antecedentes policiales, quien se dedicaba activamente a la internaci\u00f3n de sustancias il\u00edcitas a la regi\u00f3n de Ays\u00e9n\u201d, coment\u00f3 la subcomisaria Geraldine Soto, jefa subrogante de la BRIANCO Coyhaique.<\/p>\n<p style=\"text-align: justify;\">La investigadora agreg\u00f3 que la droga ingresaba a la regi\u00f3n como encomienda, por v\u00eda terrestre, a trav\u00e9s de diferentes empresas de transporte. Adem\u00e1s, en la operaci\u00f3n, \u201cse logr\u00f3 la incautaci\u00f3n de 40 ampollas contenedoras de resina de cannabis, las que corresponden a recargas de vapers, las cuales posteriormente ofrec\u00eda a trav\u00e9s de redes sociales a un valor de 20.000 pesos entre sus conocidos\u201d, puntualiz\u00f3.<\/p>\n<p style=\"text-align: justify;\">El aval\u00fao total de lo incautado alcanz\u00f3 un monto de 800 mil pesos. El detenido por su parte fue puesto a disposici\u00f3n de la justicia para su control de detenci\u00f3n el d\u00eda de hoy.<\/p>\n<\/div><\/section><\/div><div  style='height:50px' class='hr hr-invisible   avia-builder-el-6  el_after_av_one_full  el_before_av_social_share '><span class='hr-inner ' ><span class='hr-inner-style'><\/span><\/span><\/div><\/p>\n<div  class='av-social-sharing-box  avia-builder-el-7  el_after_av_hr  el_before_av_hr  '><div class='av-share-box'><h5 class='av-share-link-description av-no-toc '>Compartir esta noticia<\/h5><ul class='av-share-box-list noLightbox'><li class='av-share-link av-social-link-facebook' ><a target=\"_blank\" aria-label=\"Compartir en Facebook\" href='https:\/\/www.facebook.com\/sharer.php?u=https:\/\/radiorevelacionfm.cl\/?p=56117&#038;t=Un%20detenido%3A%2040%20ampollas%20con%20resina%20de%20cannabis%20fueron%20sacadas%20de%20circulaci%C3%B3n%20por%20la%20PDI' aria-hidden='false' data-av_icon='\ue8f3' data-av_iconfont='entypo-fontello' title='' data-avia-related-tooltip='Compartir en Facebook' rel=\"noopener\"><span class='avia_hidden_link_text'>Compartir en Facebook<\/span><\/a><\/li><li class='av-share-link av-social-link-twitter' ><a target=\"_blank\" aria-label=\"Compartir en Twitter\" href='https:\/\/twitter.com\/share?text=Un%20detenido%3A%2040%20ampollas%20con%20resina%20de%20cannabis%20fueron%20sacadas%20de%20circulaci%C3%B3n%20por%20la%20PDI&#038;url=https:\/\/radiorevelacionfm.cl\/?p=56117' aria-hidden='false' data-av_icon='\ue8f1' data-av_iconfont='entypo-fontello' title='' data-avia-related-tooltip='Compartir en Twitter' rel=\"noopener\"><span class='avia_hidden_link_text'>Compartir en Twitter<\/span><\/a><\/li><li class='av-share-link av-social-link-whatsapp' ><a target=\"_blank\" aria-label=\"Compartir en Whatsapp\" href='https:\/\/api.whatsapp.com\/send?text=https:\/\/radiorevelacionfm.cl\/?p=56117' aria-hidden='false' data-av_icon='\uf232' data-av_iconfont='entypo-fontello' title='' data-avia-related-tooltip='Compartir en Whatsapp' rel=\"noopener\"><span class='avia_hidden_link_text'>Compartir en Whatsapp<\/span><\/a><\/li><li class='av-share-link av-social-link-linkedin' ><a target=\"_blank\" aria-label=\"Compartir en LinkedIn\" href='https:\/\/linkedin.com\/shareArticle?mini=true&#038;title=Un%20detenido%3A%2040%20ampollas%20con%20resina%20de%20cannabis%20fueron%20sacadas%20de%20circulaci%C3%B3n%20por%20la%20PDI&#038;url=https:\/\/radiorevelacionfm.cl\/?p=56117' aria-hidden='false' data-av_icon='\ue8fc' data-av_iconfont='entypo-fontello' title='' data-avia-related-tooltip='Compartir en LinkedIn' rel=\"noopener\"><span class='avia_hidden_link_text'>Compartir en LinkedIn<\/span><\/a><\/li><li class='av-share-link av-social-link-mail' ><a  aria-label=\"Compartir por correo\" href='mailto:?subject=Un%20detenido%3A%2040%20ampollas%20con%20resina%20de%20cannabis%20fueron%20sacadas%20de%20circulaci%C3%B3n%20por%20la%20PDI&#038;body=https:\/\/radiorevelacionfm.cl\/?p=56117' aria-hidden='false' data-av_icon='\ue805' data-av_iconfont='entypo-fontello' title='' data-avia-related-tooltip='Compartir por correo'><span class='avia_hidden_link_text'>Compartir por correo<\/span><\/a><\/li><\/ul><\/div><\/div>\n<div  style='height:50px' class='hr hr-invisible   avia-builder-el-8  el_after_av_social_share  el_before_av_comments_list '><span class='hr-inner ' ><span class='hr-inner-style'><\/span><\/span><\/div>\n<div  class='av-buildercomment  av-blog-meta-html-info-disabled av-blog-meta-tag-disabled  '><\/div>\n","protected":false},"excerpt":{"rendered":"","protected":false},"author":1,"featured_media":56118,"comment_status":"closed","ping_status":"closed","sticky":false,"template":"","format":"standard","meta":{"footnotes":""},"categories":[36],"tags":[],"class_list":["post-56117","post","type-post","status-publish","format-standard","has-post-thumbnail","hentry","category-policial"],"jetpack_featured_media_url":"https:\/\/radiorevelacionfm.cl\/wp-content\/uploads\/2025\/07\/WhatsApp-Image-2025-07-04-at-3.12.54-PM-1-1.jpeg","_links":{"self":[{"href":"https:\/\/radiorevelacionfm.cl\/index.php?rest_route=\/wp\/v2\/posts\/56117","targetHints":{"allow":["GET"]}}],"collection":[{"href":"https:\/\/radiorevelacionfm.cl\/index.php?rest_route=\/wp\/v2\/posts"}],"about":[{"href":"https:\/\/radiorevelacionfm.cl\/index.php?rest_route=\/wp\/v2\/types\/post"}],"author":[{"embeddable":true,"href":"https:\/\/radiorevelacionfm.cl\/index.php?rest_route=\/wp\/v2\/users\/1"}],"replies":[{"embeddable":true,"href":"https:\/\/radiorevelacionfm.cl\/index.php?rest_route=%2Fwp%2Fv2%2Fcomments&post=56117"}],"version-history":[{"count":2,"href":"https:\/\/radiorevelacionfm.cl\/index.php?rest_route=\/wp\/v2\/posts\/56117\/revisions"}],"predecessor-version":[{"id":56120,"href":"https:\/\/radiorevelacionfm.cl\/index.php?rest_route=\/wp\/v2\/posts\/56117\/revisions\/56120"}],"wp:featuredmedia":[{"embeddable":true,"href":"https:\/\/radiorevelacionfm.cl\/index.php?rest_route=\/wp\/v2\/media\/56118"}],"wp:attachment":[{"href":"https:\/\/radiorevelacionfm.cl\/index.php?rest_route=%2Fwp%2Fv2%2Fmedia&parent=56117"}],"wp:term":[{"taxonomy":"category","embeddable":true,"href":"https:\/\/radiorevelacionfm.cl\/index.php?rest_route=%2Fwp%2Fv2%2Fcategories&post=56117"},{"taxonomy":"post_tag","embeddable":true,"href":"https:\/\/radiorevelacionfm.cl\/index.php?rest_route=%2Fwp%2Fv2%2Ftags&post=56117"}],"curies":[{"name":"wp","href":"https:\/\/api.w.org\/{rel}","templated":true}]}}