{"id":56114,"date":"2025-07-04T21:21:23","date_gmt":"2025-07-05T00:21:23","guid":{"rendered":"https:\/\/radiorevelacionfm.cl\/?p=56114"},"modified":"2025-07-04T21:21:23","modified_gmt":"2025-07-05T00:21:23","slug":"la-educacion-parvularia-avanza-en-aysen-subsecretaria-lidera-inauguraciones-de-obras-y-encuentros-con-comunidades-educativas","status":"publish","type":"post","link":"https:\/\/radiorevelacionfm.cl\/?p=56114","title":{"rendered":"La Educaci\u00f3n Parvularia avanza en Ays\u00e9n: Subsecretaria lidera inauguraciones de obras y encuentros con comunidades educativas"},"content":{"rendered":"<div class=\"flex_column av_one_full  flex_column_div av-zero-column-padding first  avia-builder-el-0  el_before_av_one_full  avia-builder-el-first  \" style='border-radius:0px; '><div  class='avia-image-container  av-styling-    avia-builder-el-1  avia-builder-el-no-sibling  avia-align-center '  itemprop=\"image\" itemscope=\"itemscope\" itemtype=\"https:\/\/schema.org\/ImageObject\"  ><div class='avia-image-container-inner'><div class='avia-image-overlay-wrap'><img decoding=\"async\" class='wp-image-56115 avia-img-lazy-loading-not-56115 avia_image' src=\"https:\/\/radiorevelacionfm.cl\/wp-content\/uploads\/2025\/07\/Aysen03.04.2-1-1.jpeg\" alt='' title='Ays\u00e9n03.04.2 (1) (1)' height=\"600\" width=\"900\"  itemprop=\"thumbnailUrl\" srcset=\"https:\/\/radiorevelacionfm.cl\/wp-content\/uploads\/2025\/07\/Aysen03.04.2-1-1.jpeg 900w, https:\/\/radiorevelacionfm.cl\/wp-content\/uploads\/2025\/07\/Aysen03.04.2-1-1-300x200.jpeg 300w, https:\/\/radiorevelacionfm.cl\/wp-content\/uploads\/2025\/07\/Aysen03.04.2-1-1-768x512.jpeg 768w, https:\/\/radiorevelacionfm.cl\/wp-content\/uploads\/2025\/07\/Aysen03.04.2-1-1-705x470.jpeg 705w, https:\/\/radiorevelacionfm.cl\/wp-content\/uploads\/2025\/07\/Aysen03.04.2-1-1-450x300.jpeg 450w, https:\/\/radiorevelacionfm.cl\/wp-content\/uploads\/2025\/07\/Aysen03.04.2-1-1-600x400.jpeg 600w\" sizes=\"(max-width: 900px) 100vw, 900px\" \/><\/div><\/div><\/div><\/div><div class=\"flex_column av_one_full  flex_column_div av-zero-column-padding first  avia-builder-el-2  el_after_av_one_full  el_before_av_one_full  column-top-margin\" style='border-radius:0px; '><section class=\"av_textblock_section \"  itemscope=\"itemscope\" itemtype=\"https:\/\/schema.org\/BlogPosting\" itemprop=\"blogPost\" ><div class='avia_textblock  '   itemprop=\"text\" ><div style=\"text-align: center;\"><\/div>\n<div>\n<p style=\"text-align: center;\"><strong><span style=\"font-size: 18pt;\">La Educaci\u00f3n Parvularia avanza en Ays\u00e9n: Subsecretaria lidera inauguraciones de obras y encuentros con comunidades educativas<\/span><\/strong><\/p>\n<\/div>\n<div><\/div>\n<div><\/div>\n<div class=\"v1elementToProof\" style=\"text-align: center;\"><span style=\"font-size: 18pt;\"><b>\u00a0<\/b><\/span><\/div>\n<div id=\"gtx-trans\" style=\"position: absolute; left: -50px; top: 4.31534px;\">\n<div class=\"gtx-trans-icon\"><\/div>\n<\/div>\n<\/div><\/section><\/div><div class=\"flex_column av_one_full  flex_column_div av-zero-column-padding first  avia-builder-el-4  el_after_av_one_full  el_before_av_hr  column-top-margin\" style='border-radius:0px; '><section class=\"av_textblock_section \"  itemscope=\"itemscope\" itemtype=\"https:\/\/schema.org\/BlogPosting\" itemprop=\"blogPost\" ><div class='avia_textblock  '   itemprop=\"text\" ><p style=\"text-align: justify;\"><em>La autoridad visit\u00f3 los jardines infantiles Gabriela Mistral, Vallecitos de Ays\u00e9n, Nueva Esperanza y Peque\u00f1os Caminantes, compartiendo junto a las ni\u00f1as, ni\u00f1os, equipos educativos y familias.<\/em><\/p>\n<p style=\"text-align: justify;\">Dos d\u00edas de intensas actividades desarroll\u00f3 la subsecretaria de Educaci\u00f3n Parvularia, Claudia Lagos, en su visita a la regi\u00f3n de Ays\u00e9n. Durante su primera actividad comparti\u00f3 con la comunidad del jard\u00edn Infantil Gabriela Mistral, en Coyhaique, donde recorri\u00f3 las obras recientemente finalizadas gracias a una inversi\u00f3n p\u00fablica que super\u00f3 los 400 millones de pesos y que hoy benefician a 129 ni\u00f1as y ni\u00f1os con un entorno m\u00e1s c\u00e1lido, seguro y adecuado para su desarrollo.<\/p>\n<p style=\"text-align: justify;\">Las obras incluyeron el mejoramiento del patio exterior, la implementaci\u00f3n de un sistema de calefacci\u00f3n central, la instalaci\u00f3n de equipos split de fr\u00edo y calor, la renovaci\u00f3n del patio interior y la ampliaci\u00f3n del \u00e1rea administrativa. \u00abEn nuestras salidas a terreno podemos corroborar que a lo largo de todo Chile existen equipos educativos comprometidos con la Educaci\u00f3n Parvularia, contribuyendo desde sus labores, sus roles e instituciones, como as\u00ed lo expresan JUNJI, INTEGRA o el SLEP de Ays\u00e9n. Comprobamos de primera fuente el compromiso con las guaguas, ni\u00f1as y ni\u00f1os de Chile\u00bb, se\u00f1al\u00f3 la subsecretaria Lagos, tras el recorrido.<\/p>\n<p style=\"text-align: justify;\">Durante su visita regional, la autoridad hizo entrega de las placas de Reconocimiento Oficial a los jardines infantiles Gabriela Mistral, Nueva Esperanza, Las Murtitas y Mackay. Este acto simb\u00f3lico representa el cumplimiento de los est\u00e1ndares de calidad que exige el sistema, tanto en t\u00e9rminos pedag\u00f3gicos como de infraestructura, seguridad y normativa legal. \u00abEstas placas son mucho m\u00e1s que una acreditaci\u00f3n, son un est\u00e1ndar de calidad educativa, que representan el esfuerzo de comunidades enteras que trabajan d\u00eda a d\u00eda para ofrecer una educaci\u00f3n inicial de calidad. Reconocerlo es parte fundamental de nuestra labor como Estado\u00bb, expres\u00f3 la autoridad Mineduc.<\/p>\n<p style=\"text-align: justify;\"><strong>M\u00e1s y mejores espacios educativos<\/strong><\/p>\n<p style=\"text-align: justify;\">Uno de los hitos significativos fue la inauguraci\u00f3n del Jard\u00edn Infantil Nueva Esperanza, de Fundaci\u00f3n Integra en Coyhaique, proyecto con una inversi\u00f3n superior a los 2 mil millones de pesos. El dise\u00f1o de este jard\u00edn destaca por su enfoque t\u00e9rmico, con un sistema de calefacci\u00f3n que emana calor desde el suelo, lo que mejora la experiencia educativa de las ni\u00f1as y ni\u00f1os, especialmente al gatear o jugar descalzos. A esto se suman mejoras en aislaci\u00f3n t\u00e9rmica de muros y cielo, y la instalaci\u00f3n de ventanas con termopanel.<\/p>\n<p style=\"text-align: justify;\">Se valor\u00f3 adem\u00e1s que el dise\u00f1o del patio fue creado con la participaci\u00f3n activa de las propias ni\u00f1as y ni\u00f1os del establecimiento, integrando sus ideas y deseos en la planificaci\u00f3n del recinto, sum\u00e1ndose al enfoque y los lineamientos de la Subsecretar\u00eda de Educaci\u00f3n Parvularia.<\/p>\n<p style=\"text-align: justify;\">En Villa Cerro Castillo y junto a la comunidad del jard\u00edn infantil Peque\u00f1os Caminantes, la subsecretaria lider\u00f3 la entrega de las primeros dos Reconocimiento Oficial del SLEP Ays\u00e9n, al Peque\u00f1os Caminantes, as\u00ed como a Los Corderitos, de Lago Verde.<\/p>\n<p style=\"text-align: justify;\">Como parte de la agenda, la subsecretaria tambi\u00e9n particip\u00f3 en un conversatorio con equipos educativos de JUNJI, Fundaci\u00f3n Integra y el Servicio Local de Educaci\u00f3n P\u00fablica de la regi\u00f3n, donde present\u00f3 los principales ejes de la nueva Ley de Modernizaci\u00f3n de la Educaci\u00f3n Parvularia. Esta instancia permiti\u00f3 intercambiar experiencias, resolver dudas y reforzar el compromiso institucional con el nivel.<\/p>\n<p style=\"text-align: justify;\">Y finalizando, particip\u00f3 de una reuni\u00f3n con el Comit\u00e9 Regional del Sistema de Aseguramiento de la Calidad de la Educaci\u00f3n Parvularia (SAC EP), integrada por instituciones clave como la Superintendencia de Educaci\u00f3n, la Agencia de la Calidad, la Secretar\u00eda Regional Ministerial, el Departamento Provincial y equipos t\u00e9cnicos de JUNJI, Integra y el SLEP, entre otros. Esta articulaci\u00f3n busca fortalecer el trabajo conjunto para garantizar una educaci\u00f3n de calidad desde la primera infancia.<\/p>\n<p style=\"text-align: justify;\">Este a\u00f1o la Subsecretar\u00eda de Educaci\u00f3n Parvularia cumple 10 a\u00f1os, consolidando su institucionalidad y reafirmando su misi\u00f3n: garantizar el derecho a una educaci\u00f3n inicial integral, centrada en el bienestar de las ni\u00f1as y ni\u00f1os de todo Chile.<\/p>\n<\/div><\/section><\/div><div  style='height:50px' class='hr hr-invisible   avia-builder-el-6  el_after_av_one_full  el_before_av_social_share '><span class='hr-inner ' ><span class='hr-inner-style'><\/span><\/span><\/div><\/p>\n<div  class='av-social-sharing-box  avia-builder-el-7  el_after_av_hr  el_before_av_hr  '><div class='av-share-box'><h5 class='av-share-link-description av-no-toc '>Compartir esta noticia<\/h5><ul class='av-share-box-list noLightbox'><li class='av-share-link av-social-link-facebook' ><a target=\"_blank\" aria-label=\"Compartir en Facebook\" href='https:\/\/www.facebook.com\/sharer.php?u=https:\/\/radiorevelacionfm.cl\/?p=56114&#038;t=La%20Educaci%C3%B3n%20Parvularia%20avanza%20en%20Ays%C3%A9n%3A%20Subsecretaria%20lidera%20inauguraciones%20de%20obras%20y%20encuentros%20con%20comunidades%20educativas' aria-hidden='false' data-av_icon='\ue8f3' data-av_iconfont='entypo-fontello' title='' data-avia-related-tooltip='Compartir en Facebook' rel=\"noopener\"><span class='avia_hidden_link_text'>Compartir en Facebook<\/span><\/a><\/li><li class='av-share-link av-social-link-twitter' ><a target=\"_blank\" aria-label=\"Compartir en Twitter\" href='https:\/\/twitter.com\/share?text=La%20Educaci%C3%B3n%20Parvularia%20avanza%20en%20Ays%C3%A9n%3A%20Subsecretaria%20lidera%20inauguraciones%20de%20obras%20y%20encuentros%20con%20comunidades%20educativas&#038;url=https:\/\/radiorevelacionfm.cl\/?p=56114' aria-hidden='false' data-av_icon='\ue8f1' data-av_iconfont='entypo-fontello' title='' data-avia-related-tooltip='Compartir en Twitter' rel=\"noopener\"><span class='avia_hidden_link_text'>Compartir en Twitter<\/span><\/a><\/li><li class='av-share-link av-social-link-whatsapp' ><a target=\"_blank\" aria-label=\"Compartir en Whatsapp\" href='https:\/\/api.whatsapp.com\/send?text=https:\/\/radiorevelacionfm.cl\/?p=56114' aria-hidden='false' data-av_icon='\uf232' data-av_iconfont='entypo-fontello' title='' data-avia-related-tooltip='Compartir en Whatsapp' rel=\"noopener\"><span class='avia_hidden_link_text'>Compartir en Whatsapp<\/span><\/a><\/li><li class='av-share-link av-social-link-linkedin' ><a target=\"_blank\" aria-label=\"Compartir en LinkedIn\" href='https:\/\/linkedin.com\/shareArticle?mini=true&#038;title=La%20Educaci%C3%B3n%20Parvularia%20avanza%20en%20Ays%C3%A9n%3A%20Subsecretaria%20lidera%20inauguraciones%20de%20obras%20y%20encuentros%20con%20comunidades%20educativas&#038;url=https:\/\/radiorevelacionfm.cl\/?p=56114' aria-hidden='false' data-av_icon='\ue8fc' data-av_iconfont='entypo-fontello' title='' data-avia-related-tooltip='Compartir en LinkedIn' rel=\"noopener\"><span class='avia_hidden_link_text'>Compartir en LinkedIn<\/span><\/a><\/li><li class='av-share-link av-social-link-mail' ><a  aria-label=\"Compartir por correo\" href='mailto:?subject=La%20Educaci%C3%B3n%20Parvularia%20avanza%20en%20Ays%C3%A9n%3A%20Subsecretaria%20lidera%20inauguraciones%20de%20obras%20y%20encuentros%20con%20comunidades%20educativas&#038;body=https:\/\/radiorevelacionfm.cl\/?p=56114' aria-hidden='false' data-av_icon='\ue805' data-av_iconfont='entypo-fontello' title='' data-avia-related-tooltip='Compartir por correo'><span class='avia_hidden_link_text'>Compartir por correo<\/span><\/a><\/li><\/ul><\/div><\/div>\n<div  style='height:50px' class='hr hr-invisible   avia-builder-el-8  el_after_av_social_share  el_before_av_comments_list '><span class='hr-inner ' ><span class='hr-inner-style'><\/span><\/span><\/div>\n<div  class='av-buildercomment  av-blog-meta-html-info-disabled av-blog-meta-tag-disabled  '><\/div>\n","protected":false},"excerpt":{"rendered":"","protected":false},"author":1,"featured_media":56115,"comment_status":"closed","ping_status":"closed","sticky":false,"template":"","format":"standard","meta":{"footnotes":""},"categories":[49],"tags":[],"class_list":["post-56114","post","type-post","status-publish","format-standard","has-post-thumbnail","hentry","category-educacion"],"jetpack_featured_media_url":"https:\/\/radiorevelacionfm.cl\/wp-content\/uploads\/2025\/07\/Aysen03.04.2-1-1.jpeg","_links":{"self":[{"href":"https:\/\/radiorevelacionfm.cl\/index.php?rest_route=\/wp\/v2\/posts\/56114","targetHints":{"allow":["GET"]}}],"collection":[{"href":"https:\/\/radiorevelacionfm.cl\/index.php?rest_route=\/wp\/v2\/posts"}],"about":[{"href":"https:\/\/radiorevelacionfm.cl\/index.php?rest_route=\/wp\/v2\/types\/post"}],"author":[{"embeddable":true,"href":"https:\/\/radiorevelacionfm.cl\/index.php?rest_route=\/wp\/v2\/users\/1"}],"replies":[{"embeddable":true,"href":"https:\/\/radiorevelacionfm.cl\/index.php?rest_route=%2Fwp%2Fv2%2Fcomments&post=56114"}],"version-history":[{"count":2,"href":"https:\/\/radiorevelacionfm.cl\/index.php?rest_route=\/wp\/v2\/posts\/56114\/revisions"}],"predecessor-version":[{"id":56158,"href":"https:\/\/radiorevelacionfm.cl\/index.php?rest_route=\/wp\/v2\/posts\/56114\/revisions\/56158"}],"wp:featuredmedia":[{"embeddable":true,"href":"https:\/\/radiorevelacionfm.cl\/index.php?rest_route=\/wp\/v2\/media\/56115"}],"wp:attachment":[{"href":"https:\/\/radiorevelacionfm.cl\/index.php?rest_route=%2Fwp%2Fv2%2Fmedia&parent=56114"}],"wp:term":[{"taxonomy":"category","embeddable":true,"href":"https:\/\/radiorevelacionfm.cl\/index.php?rest_route=%2Fwp%2Fv2%2Fcategories&post=56114"},{"taxonomy":"post_tag","embeddable":true,"href":"https:\/\/radiorevelacionfm.cl\/index.php?rest_route=%2Fwp%2Fv2%2Ftags&post=56114"}],"curies":[{"name":"wp","href":"https:\/\/api.w.org\/{rel}","templated":true}]}}