{"id":5611,"date":"2021-06-24T19:47:26","date_gmt":"2021-06-24T22:47:26","guid":{"rendered":"https:\/\/radiorevelacionfm.cl\/?p=5611"},"modified":"2021-06-24T19:47:26","modified_gmt":"2021-06-24T22:47:26","slug":"autoridades-regionales-dan-inicio-al-proceso-de-vacunacion-en-menores-de-18-anos","status":"publish","type":"post","link":"https:\/\/radiorevelacionfm.cl\/?p=5611","title":{"rendered":"Autoridades regionales dan inicio al proceso de vacunaci\u00f3n en menores de 18 a\u00f1os"},"content":{"rendered":"<div class=\"flex_column av_one_full  flex_column_div av-zero-column-padding first  avia-builder-el-0  el_before_av_one_full  avia-builder-el-first  \" style='border-radius:0px; '><div  class='avia-image-container  av-styling-    avia-builder-el-1  avia-builder-el-no-sibling  avia-align-center '  itemprop=\"image\" itemscope=\"itemscope\" itemtype=\"https:\/\/schema.org\/ImageObject\"  ><div class='avia-image-container-inner'><div class='avia-image-overlay-wrap'><img decoding=\"async\" class='wp-image-5612 avia-img-lazy-loading-not-5612 avia_image' src=\"https:\/\/radiorevelacionfm.cl\/wp-content\/uploads\/2021\/06\/FOTO-proceso-vacunacion-menores-18-anos-2-1-1.jpeg\" alt='' title='FOTO proceso vacunaci\u00f3n menores 18 a\u00f1os 2 (1) (1)' height=\"600\" width=\"970\"  itemprop=\"thumbnailUrl\" srcset=\"https:\/\/radiorevelacionfm.cl\/wp-content\/uploads\/2021\/06\/FOTO-proceso-vacunacion-menores-18-anos-2-1-1.jpeg 970w, https:\/\/radiorevelacionfm.cl\/wp-content\/uploads\/2021\/06\/FOTO-proceso-vacunacion-menores-18-anos-2-1-1-300x186.jpeg 300w, https:\/\/radiorevelacionfm.cl\/wp-content\/uploads\/2021\/06\/FOTO-proceso-vacunacion-menores-18-anos-2-1-1-768x475.jpeg 768w, https:\/\/radiorevelacionfm.cl\/wp-content\/uploads\/2021\/06\/FOTO-proceso-vacunacion-menores-18-anos-2-1-1-705x436.jpeg 705w, https:\/\/radiorevelacionfm.cl\/wp-content\/uploads\/2021\/06\/FOTO-proceso-vacunacion-menores-18-anos-2-1-1-600x371.jpeg 600w\" sizes=\"(max-width: 970px) 100vw, 970px\" \/><\/div><\/div><\/div><\/div><div class=\"flex_column av_one_full  flex_column_div av-zero-column-padding first  avia-builder-el-2  el_after_av_one_full  el_before_av_one_full  column-top-margin\" style='border-radius:0px; '><section class=\"av_textblock_section \"  itemscope=\"itemscope\" itemtype=\"https:\/\/schema.org\/BlogPosting\" itemprop=\"blogPost\" ><div class='avia_textblock  '   itemprop=\"text\" ><p style=\"text-align: center;\"><span style=\"font-size: 18pt;\"><b>Autoridades regionales dan inicio al proceso de vacunaci\u00f3n en menores de 18 a\u00f1os<\/b><\/span><\/p>\n<div id=\"gtx-trans\" style=\"position: absolute; left: -50px; top: 4.31534px;\">\n<div class=\"gtx-trans-icon\"><\/div>\n<\/div>\n<\/div><\/section><\/div><div class=\"flex_column av_one_full  flex_column_div av-zero-column-padding first  avia-builder-el-4  el_after_av_one_full  el_before_av_hr  column-top-margin\" style='border-radius:0px; '><section class=\"av_textblock_section \"  itemscope=\"itemscope\" itemtype=\"https:\/\/schema.org\/BlogPosting\" itemprop=\"blogPost\" ><div class='avia_textblock  '   itemprop=\"text\" ><p style=\"font-weight: 400; text-align: justify;\">La Intendenta de la Regi\u00f3n de Ays\u00e9n, Margarita Ossa, junto a la Secretaria Regional Ministerial de Salud, Alejandra Valdebenito, y el subdirector de Gesti\u00f3n Asistencial del Servicio de Salud, Franklin Fournier, dieron el vamos al proceso de vacunaci\u00f3n en menores de 18 a\u00f1os con patolog\u00edas cr\u00f3nicas, donde este jueves \u2013en dependencia del Casino Dreams\u2013 se cont\u00f3 con la participaci\u00f3n de ni\u00f1os y j\u00f3venes de la Telet\u00f3n, cuyo proceso de inoculaci\u00f3n se llevar\u00e1 a cabo con la vacuna Pfizer.<\/p>\n<p style=\"font-weight: 400; text-align: justify;\">\u201cEs una gran noticia para nuestra regi\u00f3n y es un enorme esfuerzo que ha hecho el gobierno del Presidente Sebasti\u00e1n Pi\u00f1era. De hecho, somos el primer pa\u00eds de Sudam\u00e9rica que est\u00e1 vacunando en este grupo etario que es fundamental, porque adelantan su proceso, se protegen y pueden retornar a clases\u201d, enfatiz\u00f3 la\u00a0Intendenta Margarita Ossa.<\/p>\n<p style=\"font-weight: 400; text-align: justify;\">Desde el inicio de la campa\u00f1a Yo Me Vacuno, la regi\u00f3n ha recibido m\u00e1s de 130 mil dosis y hasta ayer (mi\u00e9rcoles) quedaban en stock 10.398 vacunas, espec\u00edficamente 6.888 de Pfizer, 2.700 de Coronavac y 810 de Cansino, logrando alcanzar un proceso exitoso donde actualmente un 90% de la poblaci\u00f3n est\u00e1 con su primera dosis y un 74% con la segunda.<\/p>\n<p style=\"font-weight: 400; text-align: justify;\">\u201cHoy estamos viviendo un momento muy importante a nivel regional pero tambi\u00e9n nacional y Sudamericano, donde somos el \u00fanico pa\u00eds que est\u00e1 iniciando un proceso de vacunaci\u00f3n en los ni\u00f1os de Chile; de tal manera de llegar a quienes m\u00e1s lo necesitan y a quienes hoy d\u00eda tienen mayor riesgo de enfermar gravemente producto de esta pandemia. Son alrededor de 9.600 ni\u00f1os, ni\u00f1as y adolescentes entre 12 y 17 a\u00f1os la poblaci\u00f3n objetivo de Ays\u00e9n\u201d,\u00a0recalc\u00f3 la\u00a0Seremi de Salud, Alejandra Valdebenito.<\/p>\n<p style=\"font-weight: 400; text-align: justify;\">Por su parte, el\u00a0subdirector de Gesti\u00f3n Asistencial del Servicio de Salud, Franklin Fournier, detall\u00f3 que en los \u00faltimos 10 d\u00edas se ha avanzado en un 10% en el esquema completo de vacunaci\u00f3n a nivel regional.<\/p>\n<p style=\"font-weight: 400; text-align: justify;\">\u201cEste avance ha sido bastante importante, y eso ha permitido la desocupaci\u00f3n de las camas en forma bastante esperanzadora pero, tambi\u00e9n, la disminuci\u00f3n de los casos activos. Obviamente agradecer a toda la poblaci\u00f3n que ha accedido a vacunarse, lo que va a permitir \u2013de a poco\u2013 una normalidad en nuestras vidas\u201d,\u00a0dijo.<\/p>\n<p style=\"font-weight: 400; text-align: justify;\">Con la ampliaci\u00f3n del calendario de vacunaci\u00f3n del Ministerio de Salud, los menores entre 12 y 17 a\u00f1os de centros Sename, centros colaboradores del Sename y centros de atenci\u00f3n de salud mental, adem\u00e1s de adolescentes del mismo rango etario con comorbilidades espec\u00edficas podr\u00e1n asistir a los centros de vacunaci\u00f3n. Asimismo, seguir\u00e1 el proceso de inoculaci\u00f3n para los j\u00f3venes de 19 y 18 a\u00f1os y, de manera especial, a los rezagados de 20 a\u00f1os y m\u00e1s, junto a embarazadas con 16 semanas de gestaci\u00f3n.<\/p>\n<\/div><\/section><\/div><div  style='height:50px' class='hr hr-invisible   avia-builder-el-6  el_after_av_one_full  el_before_av_social_share '><span class='hr-inner ' ><span class='hr-inner-style'><\/span><\/span><\/div><\/p>\n<div  class='av-social-sharing-box  avia-builder-el-7  el_after_av_hr  el_before_av_hr  '><div class='av-share-box'><h5 class='av-share-link-description av-no-toc '>Compartir esta noticia<\/h5><ul class='av-share-box-list noLightbox'><li class='av-share-link av-social-link-facebook' ><a target=\"_blank\" aria-label=\"Compartir en Facebook\" href='https:\/\/www.facebook.com\/sharer.php?u=https:\/\/radiorevelacionfm.cl\/?p=5611&#038;t=Autoridades%20regionales%20dan%20inicio%20al%20proceso%20de%20vacunaci%C3%B3n%20en%20menores%20de%2018%20a%C3%B1os' aria-hidden='false' data-av_icon='\ue8f3' data-av_iconfont='entypo-fontello' title='' data-avia-related-tooltip='Compartir en Facebook' rel=\"noopener\"><span class='avia_hidden_link_text'>Compartir en Facebook<\/span><\/a><\/li><li class='av-share-link av-social-link-twitter' ><a target=\"_blank\" aria-label=\"Compartir en Twitter\" href='https:\/\/twitter.com\/share?text=Autoridades%20regionales%20dan%20inicio%20al%20proceso%20de%20vacunaci%C3%B3n%20en%20menores%20de%2018%20a%C3%B1os&#038;url=https:\/\/radiorevelacionfm.cl\/?p=5611' aria-hidden='false' data-av_icon='\ue8f1' data-av_iconfont='entypo-fontello' title='' data-avia-related-tooltip='Compartir en Twitter' rel=\"noopener\"><span class='avia_hidden_link_text'>Compartir en Twitter<\/span><\/a><\/li><li class='av-share-link av-social-link-whatsapp' ><a target=\"_blank\" aria-label=\"Compartir en Whatsapp\" href='https:\/\/api.whatsapp.com\/send?text=https:\/\/radiorevelacionfm.cl\/?p=5611' aria-hidden='false' data-av_icon='\uf232' data-av_iconfont='entypo-fontello' title='' data-avia-related-tooltip='Compartir en Whatsapp' rel=\"noopener\"><span class='avia_hidden_link_text'>Compartir en Whatsapp<\/span><\/a><\/li><li class='av-share-link av-social-link-linkedin' ><a target=\"_blank\" aria-label=\"Compartir en LinkedIn\" href='https:\/\/linkedin.com\/shareArticle?mini=true&#038;title=Autoridades%20regionales%20dan%20inicio%20al%20proceso%20de%20vacunaci%C3%B3n%20en%20menores%20de%2018%20a%C3%B1os&#038;url=https:\/\/radiorevelacionfm.cl\/?p=5611' aria-hidden='false' data-av_icon='\ue8fc' data-av_iconfont='entypo-fontello' title='' data-avia-related-tooltip='Compartir en LinkedIn' rel=\"noopener\"><span class='avia_hidden_link_text'>Compartir en LinkedIn<\/span><\/a><\/li><li class='av-share-link av-social-link-mail' ><a  aria-label=\"Compartir por correo\" href='mailto:?subject=Autoridades%20regionales%20dan%20inicio%20al%20proceso%20de%20vacunaci%C3%B3n%20en%20menores%20de%2018%20a%C3%B1os&#038;body=https:\/\/radiorevelacionfm.cl\/?p=5611' aria-hidden='false' data-av_icon='\ue805' data-av_iconfont='entypo-fontello' title='' data-avia-related-tooltip='Compartir por correo'><span class='avia_hidden_link_text'>Compartir por correo<\/span><\/a><\/li><\/ul><\/div><\/div>\n<div  style='height:50px' class='hr hr-invisible   avia-builder-el-8  el_after_av_social_share  el_before_av_comments_list '><span class='hr-inner ' ><span class='hr-inner-style'><\/span><\/span><\/div>\n<div  class='av-buildercomment  av-blog-meta-html-info-disabled av-blog-meta-tag-disabled  '><\/div>\n","protected":false},"excerpt":{"rendered":"","protected":false},"author":1,"featured_media":5612,"comment_status":"open","ping_status":"open","sticky":false,"template":"","format":"standard","meta":{"footnotes":""},"categories":[38],"tags":[],"class_list":["post-5611","post","type-post","status-publish","format-standard","has-post-thumbnail","hentry","category-regional"],"jetpack_featured_media_url":"https:\/\/radiorevelacionfm.cl\/wp-content\/uploads\/2021\/06\/FOTO-proceso-vacunacion-menores-18-anos-2-1-1.jpeg","_links":{"self":[{"href":"https:\/\/radiorevelacionfm.cl\/index.php?rest_route=\/wp\/v2\/posts\/5611","targetHints":{"allow":["GET"]}}],"collection":[{"href":"https:\/\/radiorevelacionfm.cl\/index.php?rest_route=\/wp\/v2\/posts"}],"about":[{"href":"https:\/\/radiorevelacionfm.cl\/index.php?rest_route=\/wp\/v2\/types\/post"}],"author":[{"embeddable":true,"href":"https:\/\/radiorevelacionfm.cl\/index.php?rest_route=\/wp\/v2\/users\/1"}],"replies":[{"embeddable":true,"href":"https:\/\/radiorevelacionfm.cl\/index.php?rest_route=%2Fwp%2Fv2%2Fcomments&post=5611"}],"version-history":[{"count":1,"href":"https:\/\/radiorevelacionfm.cl\/index.php?rest_route=\/wp\/v2\/posts\/5611\/revisions"}],"predecessor-version":[{"id":5613,"href":"https:\/\/radiorevelacionfm.cl\/index.php?rest_route=\/wp\/v2\/posts\/5611\/revisions\/5613"}],"wp:featuredmedia":[{"embeddable":true,"href":"https:\/\/radiorevelacionfm.cl\/index.php?rest_route=\/wp\/v2\/media\/5612"}],"wp:attachment":[{"href":"https:\/\/radiorevelacionfm.cl\/index.php?rest_route=%2Fwp%2Fv2%2Fmedia&parent=5611"}],"wp:term":[{"taxonomy":"category","embeddable":true,"href":"https:\/\/radiorevelacionfm.cl\/index.php?rest_route=%2Fwp%2Fv2%2Fcategories&post=5611"},{"taxonomy":"post_tag","embeddable":true,"href":"https:\/\/radiorevelacionfm.cl\/index.php?rest_route=%2Fwp%2Fv2%2Ftags&post=5611"}],"curies":[{"name":"wp","href":"https:\/\/api.w.org\/{rel}","templated":true}]}}