{"id":56101,"date":"2025-07-04T10:46:13","date_gmt":"2025-07-04T13:46:13","guid":{"rendered":"https:\/\/radiorevelacionfm.cl\/?p=56101"},"modified":"2025-07-04T10:46:13","modified_gmt":"2025-07-04T13:46:13","slug":"naviera-austral-dara-continuidad-al-servicio-subsidiado-del-lago-general-carrera","status":"publish","type":"post","link":"https:\/\/radiorevelacionfm.cl\/?p=56101","title":{"rendered":"Naviera Austral dar\u00e1 continuidad al servicio subsidiado del Lago General Carrera"},"content":{"rendered":"<div class=\"flex_column av_one_full  flex_column_div av-zero-column-padding first  avia-builder-el-0  el_before_av_one_full  avia-builder-el-first  \" style='border-radius:0px; '><div  class='avia-image-container  av-styling-    avia-builder-el-1  avia-builder-el-no-sibling  avia-align-center '  itemprop=\"image\" itemscope=\"itemscope\" itemtype=\"https:\/\/schema.org\/ImageObject\"  ><div class='avia-image-container-inner'><div class='avia-image-overlay-wrap'><img decoding=\"async\" class='wp-image-56102 avia-img-lazy-loading-not-56102 avia_image' src=\"https:\/\/radiorevelacionfm.cl\/wp-content\/uploads\/2025\/07\/Tehuelche-2-1-1.jpg\" alt='' title='Tehuelche (2) (1) (1)' height=\"600\" width=\"1163\"  itemprop=\"thumbnailUrl\" srcset=\"https:\/\/radiorevelacionfm.cl\/wp-content\/uploads\/2025\/07\/Tehuelche-2-1-1.jpg 1163w, https:\/\/radiorevelacionfm.cl\/wp-content\/uploads\/2025\/07\/Tehuelche-2-1-1-300x155.jpg 300w, https:\/\/radiorevelacionfm.cl\/wp-content\/uploads\/2025\/07\/Tehuelche-2-1-1-1030x531.jpg 1030w, https:\/\/radiorevelacionfm.cl\/wp-content\/uploads\/2025\/07\/Tehuelche-2-1-1-768x396.jpg 768w, https:\/\/radiorevelacionfm.cl\/wp-content\/uploads\/2025\/07\/Tehuelche-2-1-1-705x364.jpg 705w, https:\/\/radiorevelacionfm.cl\/wp-content\/uploads\/2025\/07\/Tehuelche-2-1-1-450x232.jpg 450w, https:\/\/radiorevelacionfm.cl\/wp-content\/uploads\/2025\/07\/Tehuelche-2-1-1-600x310.jpg 600w\" sizes=\"(max-width: 1163px) 100vw, 1163px\" \/><\/div><\/div><\/div><\/div><div class=\"flex_column av_one_full  flex_column_div av-zero-column-padding first  avia-builder-el-2  el_after_av_one_full  el_before_av_one_full  column-top-margin\" style='border-radius:0px; '><section class=\"av_textblock_section \"  itemscope=\"itemscope\" itemtype=\"https:\/\/schema.org\/BlogPosting\" itemprop=\"blogPost\" ><div class='avia_textblock  '   itemprop=\"text\" ><p style=\"text-align: center;\"><span style=\"font-size: 18pt;\"><b>Naviera Austral dar\u00e1 continuidad al servicio subsidiado del Lago General Carrera<\/b><\/span><\/p>\n<div id=\"gtx-trans\" style=\"position: absolute; left: -50px; top: 4.31534px;\">\n<div class=\"gtx-trans-icon\"><\/div>\n<\/div>\n<\/div><\/section><\/div><div class=\"flex_column av_one_full  flex_column_div av-zero-column-padding first  avia-builder-el-4  el_after_av_one_full  el_before_av_hr  column-top-margin\" style='border-radius:0px; '><section class=\"av_textblock_section \"  itemscope=\"itemscope\" itemtype=\"https:\/\/schema.org\/BlogPosting\" itemprop=\"blogPost\" ><div class='avia_textblock  '   itemprop=\"text\" ><p style=\"font-weight: 400; text-align: justify;\"><em>Contrato de continuidad de servicio lacustre extender\u00e1 la temporada alta desde octubre a abril. Empresa ofrecer\u00e1 prestaciones adicionales como Internet a bordo, televisi\u00f3n satelital, espacio infantil y una vitrina de exposici\u00f3n a emprendimientos locales.<\/em><\/p>\n<p>Venta de pasajes y metros lineales ya est\u00e1 disponible en\u00a0<a href=\"http:\/\/www.navieraustral.cl\/\" data-saferedirecturl=\"https:\/\/www.google.com\/url?q=http:\/\/www.navieraustral.cl&amp;source=gmail&amp;ust=1751721698899000&amp;usg=AOvVaw3ZYmYX9xWyBrAiqH92EggS\">www.navieraustral.cl<\/a><\/p>\n<p style=\"font-weight: 400; text-align: justify;\">Para dar continuidad a los servicios de conectividad lacustre Puerto Ib\u00e1\u00f1ez \u2013 Chile Chico, la empresa Naviera Austral asumi\u00f3 esta semana la operaci\u00f3n de la conectividad en el Lago General Carrera, cuya disponibilidad de cupos para pasajeros y carga ya est\u00e1 disponible en la p\u00e1gina\u00a0<a href=\"http:\/\/www.navieraustral.cl\/\" data-saferedirecturl=\"https:\/\/www.google.com\/url?q=http:\/\/www.navieraustral.cl&amp;source=gmail&amp;ust=1751721698899000&amp;usg=AOvVaw3ZYmYX9xWyBrAiqH92EggS\">www.navieraustral.cl<\/a>. El seremiTT Hans Zimmermann Due\u00f1as, enfatiz\u00f3 en la importancia que tiene este servicio para la conectividad de la zona lacustre y en especial, para los habitantes de la ciudad de Chile Chico, cuya principal v\u00eda de conectividad hacia Coyhaique se realiza v\u00eda barcaza.<\/p>\n<p style=\"font-weight: 400; text-align: justify;\">Adem\u00e1s, el inicio de este contrato marca una importante mejora en t\u00e9rminos de oferta de viajes, ya que se extender\u00e1 la temporada alta, que hasta ahora ten\u00eda vigencia desde el 15 de diciembre al 15 de marzo. \u201cLa empresa Naviera Austral ha sido adjudicada para la operaci\u00f3n de la barcaza La Tehuelche y como Seremi de Transportes y Telecomunicaciones de la regi\u00f3n de Ays\u00e9n hemos inyectado mejoras a la operaci\u00f3n de este contrato, ampliando la temporada alta a partir del 1 de octubre hasta el 30 de abril. De esta forma garantizamos una mayor oportunidad de viaje para los residentes, pero tambi\u00e9n para los visitantes de la comuna de Chile Chico. Hemos hecho un trabajo mancomunado con el gremio del turismo y hemos atendido este requerimiento para generar, que los visitantes de la comuna de Chile Chico puedan optar a pasajes, puedan optar a metros lineales para llegar a visitar la localidad de Chile Chico y sus alrededores. Esto tiene que ver con el compromiso que tenemos como Gobierno con fortalecer la conectividad de las zonas aisladas de nuestra regi\u00f3n\u201d.<\/p>\n<p style=\"font-weight: 400; text-align: justify;\">Como antecedente de operaci\u00f3n, Naviera Austral ya tiene experiencia previa en el servicio, ya que estuvo a cargo de la ruta lacustre de julio del 2019 a noviembre de 2020. H\u00e9ctor Soto, gerente comercial de la empresa naviera manifest\u00f3 la voluntad de brindar un servicio de calidad a usuarias y usuarios. \u201cLa adjudicaci\u00f3n del contrato del Lago General Carrera, viene a consolidar nuestra posici\u00f3n en la conectividad del sur de chile, y nuestra visi\u00f3n es mantenernos a largo plazo, permitiendo entregar un servicio de excelencia a nuestros clientes. Nuestro foco estar\u00e1 en el servicio, en la seguridad operacional, y en la relaci\u00f3n con la comunidad, con prestaciones a bordo, como internet satelital, televisi\u00f3n satelital, servicio de cafeter\u00eda, un espacio infantil, as\u00ed como con el control riguroso del plan de mantenimiento de la embarcaci\u00f3n, y con la integraci\u00f3n del turismo y la promoci\u00f3n de los operadores locales, potenciando esto, con la visibilidad que tienen todos nuestros dem\u00e1s servicios y rutas\u201d.<\/p>\n<p style=\"font-weight: 400; text-align: justify;\">Adem\u00e1s de las prestaciones se\u00f1aladas, se habilitar\u00e1 una \u201cExpo \u2013 Vitrina\u201d, espacio que dar\u00e1 visibilidad a emprendimientos locales, como productos de artesan\u00eda, tejidos, cuero y cer\u00e1mica.<\/p>\n<\/div><\/section><\/div><div  style='height:50px' class='hr hr-invisible   avia-builder-el-6  el_after_av_one_full  el_before_av_social_share '><span class='hr-inner ' ><span class='hr-inner-style'><\/span><\/span><\/div><\/p>\n<div  class='av-social-sharing-box  avia-builder-el-7  el_after_av_hr  el_before_av_hr  '><div class='av-share-box'><h5 class='av-share-link-description av-no-toc '>Compartir esta noticia<\/h5><ul class='av-share-box-list noLightbox'><li class='av-share-link av-social-link-facebook' ><a target=\"_blank\" aria-label=\"Compartir en Facebook\" href='https:\/\/www.facebook.com\/sharer.php?u=https:\/\/radiorevelacionfm.cl\/?p=56101&#038;t=Naviera%20Austral%20dar%C3%A1%20continuidad%20al%20servicio%20subsidiado%20del%20Lago%20General%20Carrera' aria-hidden='false' data-av_icon='\ue8f3' data-av_iconfont='entypo-fontello' title='' data-avia-related-tooltip='Compartir en Facebook' rel=\"noopener\"><span class='avia_hidden_link_text'>Compartir en Facebook<\/span><\/a><\/li><li class='av-share-link av-social-link-twitter' ><a target=\"_blank\" aria-label=\"Compartir en Twitter\" href='https:\/\/twitter.com\/share?text=Naviera%20Austral%20dar%C3%A1%20continuidad%20al%20servicio%20subsidiado%20del%20Lago%20General%20Carrera&#038;url=https:\/\/radiorevelacionfm.cl\/?p=56101' aria-hidden='false' data-av_icon='\ue8f1' data-av_iconfont='entypo-fontello' title='' data-avia-related-tooltip='Compartir en Twitter' rel=\"noopener\"><span class='avia_hidden_link_text'>Compartir en Twitter<\/span><\/a><\/li><li class='av-share-link av-social-link-whatsapp' ><a target=\"_blank\" aria-label=\"Compartir en Whatsapp\" href='https:\/\/api.whatsapp.com\/send?text=https:\/\/radiorevelacionfm.cl\/?p=56101' aria-hidden='false' data-av_icon='\uf232' data-av_iconfont='entypo-fontello' title='' data-avia-related-tooltip='Compartir en Whatsapp' rel=\"noopener\"><span class='avia_hidden_link_text'>Compartir en Whatsapp<\/span><\/a><\/li><li class='av-share-link av-social-link-linkedin' ><a target=\"_blank\" aria-label=\"Compartir en LinkedIn\" href='https:\/\/linkedin.com\/shareArticle?mini=true&#038;title=Naviera%20Austral%20dar%C3%A1%20continuidad%20al%20servicio%20subsidiado%20del%20Lago%20General%20Carrera&#038;url=https:\/\/radiorevelacionfm.cl\/?p=56101' aria-hidden='false' data-av_icon='\ue8fc' data-av_iconfont='entypo-fontello' title='' data-avia-related-tooltip='Compartir en LinkedIn' rel=\"noopener\"><span class='avia_hidden_link_text'>Compartir en LinkedIn<\/span><\/a><\/li><li class='av-share-link av-social-link-mail' ><a  aria-label=\"Compartir por correo\" href='mailto:?subject=Naviera%20Austral%20dar%C3%A1%20continuidad%20al%20servicio%20subsidiado%20del%20Lago%20General%20Carrera&#038;body=https:\/\/radiorevelacionfm.cl\/?p=56101' aria-hidden='false' data-av_icon='\ue805' data-av_iconfont='entypo-fontello' title='' data-avia-related-tooltip='Compartir por correo'><span class='avia_hidden_link_text'>Compartir por correo<\/span><\/a><\/li><\/ul><\/div><\/div>\n<div  style='height:50px' class='hr hr-invisible   avia-builder-el-8  el_after_av_social_share  el_before_av_comments_list '><span class='hr-inner ' ><span class='hr-inner-style'><\/span><\/span><\/div>\n<div  class='av-buildercomment  av-blog-meta-html-info-disabled av-blog-meta-tag-disabled  '><\/div>\n","protected":false},"excerpt":{"rendered":"","protected":false},"author":1,"featured_media":56102,"comment_status":"closed","ping_status":"closed","sticky":false,"template":"","format":"standard","meta":{"footnotes":""},"categories":[59],"tags":[],"class_list":["post-56101","post","type-post","status-publish","format-standard","has-post-thumbnail","hentry","category-transporte"],"jetpack_featured_media_url":"https:\/\/radiorevelacionfm.cl\/wp-content\/uploads\/2025\/07\/Tehuelche-2-1-1.jpg","_links":{"self":[{"href":"https:\/\/radiorevelacionfm.cl\/index.php?rest_route=\/wp\/v2\/posts\/56101","targetHints":{"allow":["GET"]}}],"collection":[{"href":"https:\/\/radiorevelacionfm.cl\/index.php?rest_route=\/wp\/v2\/posts"}],"about":[{"href":"https:\/\/radiorevelacionfm.cl\/index.php?rest_route=\/wp\/v2\/types\/post"}],"author":[{"embeddable":true,"href":"https:\/\/radiorevelacionfm.cl\/index.php?rest_route=\/wp\/v2\/users\/1"}],"replies":[{"embeddable":true,"href":"https:\/\/radiorevelacionfm.cl\/index.php?rest_route=%2Fwp%2Fv2%2Fcomments&post=56101"}],"version-history":[{"count":2,"href":"https:\/\/radiorevelacionfm.cl\/index.php?rest_route=\/wp\/v2\/posts\/56101\/revisions"}],"predecessor-version":[{"id":56104,"href":"https:\/\/radiorevelacionfm.cl\/index.php?rest_route=\/wp\/v2\/posts\/56101\/revisions\/56104"}],"wp:featuredmedia":[{"embeddable":true,"href":"https:\/\/radiorevelacionfm.cl\/index.php?rest_route=\/wp\/v2\/media\/56102"}],"wp:attachment":[{"href":"https:\/\/radiorevelacionfm.cl\/index.php?rest_route=%2Fwp%2Fv2%2Fmedia&parent=56101"}],"wp:term":[{"taxonomy":"category","embeddable":true,"href":"https:\/\/radiorevelacionfm.cl\/index.php?rest_route=%2Fwp%2Fv2%2Fcategories&post=56101"},{"taxonomy":"post_tag","embeddable":true,"href":"https:\/\/radiorevelacionfm.cl\/index.php?rest_route=%2Fwp%2Fv2%2Ftags&post=56101"}],"curies":[{"name":"wp","href":"https:\/\/api.w.org\/{rel}","templated":true}]}}