{"id":56083,"date":"2025-07-04T10:17:38","date_gmt":"2025-07-04T13:17:38","guid":{"rendered":"https:\/\/radiorevelacionfm.cl\/?p=56083"},"modified":"2025-07-04T10:29:31","modified_gmt":"2025-07-04T13:29:31","slug":"coyhaique-fue-sede-del-hito-de-posicionamiento-de-la-ruta-de-los-parques-infraestructura-para-un-turismo-sustentable","status":"publish","type":"post","link":"https:\/\/radiorevelacionfm.cl\/?p=56083","title":{"rendered":"Coyhaique fue sede del Hito de Posicionamiento de la Ruta de los Parques: Infraestructura para un turismo sustentable"},"content":{"rendered":"<div class=\"flex_column av_one_full  flex_column_div av-zero-column-padding first  avia-builder-el-0  el_before_av_one_full  avia-builder-el-first  \" style='border-radius:0px; '><div  class='avia-image-container  av-styling-    avia-builder-el-1  avia-builder-el-no-sibling  avia-align-center '  itemprop=\"image\" itemscope=\"itemscope\" itemtype=\"https:\/\/schema.org\/ImageObject\"  ><div class='avia-image-container-inner'><div class='avia-image-overlay-wrap'><img decoding=\"async\" class='wp-image-56099 avia-img-lazy-loading-not-56099 avia_image' src=\"https:\/\/radiorevelacionfm.cl\/wp-content\/uploads\/2025\/07\/515004855_1303659061759985_6451662608397637112_n-1_optimized.jpg\" alt='' title='515004855_1303659061759985_6451662608397637112_n-(1)_optimized' height=\"600\" width=\"942\"  itemprop=\"thumbnailUrl\" srcset=\"https:\/\/radiorevelacionfm.cl\/wp-content\/uploads\/2025\/07\/515004855_1303659061759985_6451662608397637112_n-1_optimized.jpg 942w, https:\/\/radiorevelacionfm.cl\/wp-content\/uploads\/2025\/07\/515004855_1303659061759985_6451662608397637112_n-1_optimized-300x191.jpg 300w, https:\/\/radiorevelacionfm.cl\/wp-content\/uploads\/2025\/07\/515004855_1303659061759985_6451662608397637112_n-1_optimized-768x489.jpg 768w, https:\/\/radiorevelacionfm.cl\/wp-content\/uploads\/2025\/07\/515004855_1303659061759985_6451662608397637112_n-1_optimized-705x449.jpg 705w, https:\/\/radiorevelacionfm.cl\/wp-content\/uploads\/2025\/07\/515004855_1303659061759985_6451662608397637112_n-1_optimized-450x287.jpg 450w, https:\/\/radiorevelacionfm.cl\/wp-content\/uploads\/2025\/07\/515004855_1303659061759985_6451662608397637112_n-1_optimized-600x382.jpg 600w\" sizes=\"(max-width: 942px) 100vw, 942px\" \/><\/div><\/div><\/div><\/div><div class=\"flex_column av_one_full  flex_column_div av-zero-column-padding first  avia-builder-el-2  el_after_av_one_full  el_before_av_one_full  column-top-margin\" style='border-radius:0px; '><section class=\"av_textblock_section \"  itemscope=\"itemscope\" itemtype=\"https:\/\/schema.org\/BlogPosting\" itemprop=\"blogPost\" ><div class='avia_textblock  '   itemprop=\"text\" ><p style=\"text-align: center;\"><strong><span style=\"font-size: 18pt;\">Coyhaique fue sede del Hito de Posicionamiento de la Ruta de los Parques: Infraestructura para un turismo sustentable<\/span><\/strong><\/p>\n<div id=\"gtx-trans\" style=\"position: absolute; left: -50px; top: 4.31534px;\">\n<div class=\"gtx-trans-icon\"><\/div>\n<\/div>\n<\/div><\/section><\/div><\/p>\n<div class=\"flex_column av_one_full  flex_column_div av-zero-column-padding first  avia-builder-el-4  el_after_av_one_full  el_before_av_hr  column-top-margin\" style='border-radius:0px; '><section class=\"av_textblock_section \"  itemscope=\"itemscope\" itemtype=\"https:\/\/schema.org\/BlogPosting\" itemprop=\"blogPost\" ><div class='avia_textblock  '   itemprop=\"text\" ><p style=\"text-align: justify;\"><em>Con autoridades, comunidades locales y actores del turismo, se discutieron en Ays\u00e9n los desaf\u00edos y oportunidades para consolidar un modelo de turismo basado en la conservaci\u00f3n, la sostenibilidad y el desarrollo local.<\/em><\/p>\n<p style=\"text-align: justify;\">El Centro Cultural de Coyhaique fue el escenario del Hito de Posicionamiento del Programa Ruta de los Parques de la Patagonia, un encuentro que reuni\u00f3 a representantes del sector p\u00fablico y privado, comunidades locales y expertos para reflexionar sobre la infraestructura necesaria para un turismo sostenible en el sur de Chile.<\/p>\n<p style=\"text-align: justify;\">Organizado por Corfo junto al Programa Estrat\u00e9gico Mesoregional (PEM) Ruta de los Parques de la Patagonia, la jornada \u2014titulada <em>\u201cInfraestructura para el desarrollo tur\u00edstico en la Ruta de los Parques\u201d<\/em>\u2014 abord\u00f3 modelos de inversi\u00f3n, gobernanza territorial, conectividad y planificaci\u00f3n interregional, con presentaciones de destacados referentes como Francisco D\u00edaz, jefe de la Divisi\u00f3n de Fomento e Inversi\u00f3n de la Subsecretar\u00eda de Turismo; Fernando Guzm\u00e1n, jefe de Divisi\u00f3n de Planificaci\u00f3n y Desarrollo Regional del Gobierno Regional de Ays\u00e9n; Claudia Huepe, de Ciclo Austral; y representantes de la Asociaci\u00f3n de Turismo de Cerro Castillo, entre otros.<\/p>\n<p style=\"text-align: justify;\">\u201c<em>Lo que se est\u00e1 discutiendo en esta sala es c\u00f3mo queremos el turismo en Ays\u00e9n: qu\u00e9 tipo de turismo queremos, c\u00f3mo nos planificamos y c\u00f3mo nos coordinamos<\/em>\u201d, se\u00f1al\u00f3 Humberto Mar\u00edn, director regional de Corfo Ays\u00e9n.<\/p>\n<p style=\"text-align: justify;\">Desde Sernatur Ays\u00e9n, su director Claudio Montecinos valor\u00f3 la articulaci\u00f3n p\u00fablico-privada e interregional como clave para potenciar la Ruta de los Parques como producto tur\u00edstico estrat\u00e9gico:<\/p>\n<p style=\"text-align: justify;\">\u201c<em>Es una iniciativa muy relevante, que busca fortalecer un producto ya posicionado internacionalmente, pero que a\u00fan presenta brechas importantes, especialmente en materia de infraestructura<\/em>\u201d.<\/p>\n<p style=\"text-align: justify;\">Raffaele Di Biase, presidente del Programa Ruta de los Parques de la Patagonia, destac\u00f3 que este hito se da en un contexto marcado por la reciente declaratoria de la Carretera Austral como ruta esc\u00e9nica, lo que refuerza su valor tur\u00edstico global:<\/p>\n<p style=\"text-align: justify;\">\u201c<em>Chile es un destino de naturaleza por naturaleza, y Ays\u00e9n es una de las regiones m\u00e1s espectaculares del mundo. Este programa se sustenta en la innovaci\u00f3n, el capital humano y la sostenibilidad, con un enfoque donde el turismo es consecuencia de la conservaci\u00f3n<\/em>\u201d.<\/p>\n<p style=\"text-align: justify;\">Fernando Guzm\u00e1n, jefe de Divisi\u00f3n Fomento e Industria del Gobierno Regional, destac\u00f3 que uno de los ejes centrales de la planificaci\u00f3n estrat\u00e9gica impulsada por el Gobierno Regional es el fortalecimiento de la infraestructura tur\u00edstica, no solo como una herramienta de desarrollo econ\u00f3mico, sino tambi\u00e9n como un compromiso con la sostenibilidad y la calidad de vida de las comunidades. \u201c<em>Hoy d\u00eda nos toc\u00f3 exponer parte de esa planificaci\u00f3n, que incluye no solo una mirada a cuatro a\u00f1os, sino tambi\u00e9n un trabajo sostenido en miradores, terminales de buses, costaneras como la de Puerto Tranquilo e infraestructura clave dentro de los parques nacionales<\/em>\u201d, explic\u00f3. Subray\u00f3 adem\u00e1s que el enfoque debe ser integral, considerando el impacto ambiental, econ\u00f3mico y social de las inversiones.<\/p>\n<p style=\"text-align: justify;\">Por su parte, el delegado presidencial Jorge D\u00edaz tambi\u00e9n se refiri\u00f3 a la importancia de esta nueva visi\u00f3n estrat\u00e9gica:<\/p>\n<p style=\"text-align: justify;\">\u201c<em>La log\u00edstica del turismo debe ser asumida por el Estado, y la declaratoria de ruta esc\u00e9nica entrega nuevas herramientas para planificar inversiones con pertinencia territorial y visi\u00f3n de largo plazo<\/em>\u201d.<\/p>\n<p style=\"text-align: justify;\">Esta importante jornada se enmarca en las acciones realizadas por la iniciativa <em>Transforma meso regional Ruta de los Parques de la Patagonia<\/em>, apoyada por CORFO, que busca posicionar los 17 parques nacionales entre Puerto Montt y Cabo de Hornos como un destino de clase mundial, basado en la conservaci\u00f3n, el desarrollo local y experiencias tur\u00edsticas de alto valor.<\/p>\n<p style=\"text-align: justify;\">\u201c<em>Esperamos ir fortaleciendo la gobernanza regional, que es la oportunidad de encontrarnos, de construir este destino tur\u00edstico en conjunto<\/em>\u201d, concluy\u00f3 Andrea Dur\u00e1n, gerente del programa.<\/p>\n<\/div><\/section><\/div>\n<div  style='height:50px' class='hr hr-invisible   avia-builder-el-6  el_after_av_one_full  el_before_av_social_share '><span class='hr-inner ' ><span class='hr-inner-style'><\/span><\/span><\/div>\n<div  class='av-social-sharing-box  avia-builder-el-7  el_after_av_hr  el_before_av_hr  '><div class='av-share-box'><h5 class='av-share-link-description av-no-toc '>Compartir esta noticia<\/h5><ul class='av-share-box-list noLightbox'><li class='av-share-link av-social-link-facebook' ><a target=\"_blank\" aria-label=\"Compartir en Facebook\" href='https:\/\/www.facebook.com\/sharer.php?u=https:\/\/radiorevelacionfm.cl\/?p=56083&#038;t=Coyhaique%20fue%20sede%20del%20Hito%20de%20Posicionamiento%20de%20la%20Ruta%20de%20los%20Parques%3A%20Infraestructura%20para%20un%20turismo%20sustentable' aria-hidden='false' data-av_icon='\ue8f3' data-av_iconfont='entypo-fontello' title='' data-avia-related-tooltip='Compartir en Facebook' rel=\"noopener\"><span class='avia_hidden_link_text'>Compartir en Facebook<\/span><\/a><\/li><li class='av-share-link av-social-link-twitter' ><a target=\"_blank\" aria-label=\"Compartir en Twitter\" href='https:\/\/twitter.com\/share?text=Coyhaique%20fue%20sede%20del%20Hito%20de%20Posicionamiento%20de%20la%20Ruta%20de%20los%20Parques%3A%20Infraestructura%20para%20un%20turismo%20sustentable&#038;url=https:\/\/radiorevelacionfm.cl\/?p=56083' aria-hidden='false' data-av_icon='\ue8f1' data-av_iconfont='entypo-fontello' title='' data-avia-related-tooltip='Compartir en Twitter' rel=\"noopener\"><span class='avia_hidden_link_text'>Compartir en Twitter<\/span><\/a><\/li><li class='av-share-link av-social-link-whatsapp' ><a target=\"_blank\" aria-label=\"Compartir en Whatsapp\" href='https:\/\/api.whatsapp.com\/send?text=https:\/\/radiorevelacionfm.cl\/?p=56083' aria-hidden='false' data-av_icon='\uf232' data-av_iconfont='entypo-fontello' title='' data-avia-related-tooltip='Compartir en Whatsapp' rel=\"noopener\"><span class='avia_hidden_link_text'>Compartir en Whatsapp<\/span><\/a><\/li><li class='av-share-link av-social-link-linkedin' ><a target=\"_blank\" aria-label=\"Compartir en LinkedIn\" href='https:\/\/linkedin.com\/shareArticle?mini=true&#038;title=Coyhaique%20fue%20sede%20del%20Hito%20de%20Posicionamiento%20de%20la%20Ruta%20de%20los%20Parques%3A%20Infraestructura%20para%20un%20turismo%20sustentable&#038;url=https:\/\/radiorevelacionfm.cl\/?p=56083' aria-hidden='false' data-av_icon='\ue8fc' data-av_iconfont='entypo-fontello' title='' data-avia-related-tooltip='Compartir en LinkedIn' rel=\"noopener\"><span class='avia_hidden_link_text'>Compartir en LinkedIn<\/span><\/a><\/li><li class='av-share-link av-social-link-mail' ><a  aria-label=\"Compartir por correo\" href='mailto:?subject=Coyhaique%20fue%20sede%20del%20Hito%20de%20Posicionamiento%20de%20la%20Ruta%20de%20los%20Parques%3A%20Infraestructura%20para%20un%20turismo%20sustentable&#038;body=https:\/\/radiorevelacionfm.cl\/?p=56083' aria-hidden='false' data-av_icon='\ue805' data-av_iconfont='entypo-fontello' title='' data-avia-related-tooltip='Compartir por correo'><span class='avia_hidden_link_text'>Compartir por correo<\/span><\/a><\/li><\/ul><\/div><\/div>\n<div  style='height:50px' class='hr hr-invisible   avia-builder-el-8  el_after_av_social_share  el_before_av_comments_list '><span class='hr-inner ' ><span class='hr-inner-style'><\/span><\/span><\/div>\n<div  class='av-buildercomment  av-blog-meta-html-info-disabled av-blog-meta-tag-disabled  '><\/div>\n","protected":false},"excerpt":{"rendered":"","protected":false},"author":1,"featured_media":56099,"comment_status":"closed","ping_status":"closed","sticky":false,"template":"","format":"standard","meta":{"footnotes":""},"categories":[54],"tags":[],"class_list":["post-56083","post","type-post","status-publish","format-standard","has-post-thumbnail","hentry","category-turismo"],"jetpack_featured_media_url":"https:\/\/radiorevelacionfm.cl\/wp-content\/uploads\/2025\/07\/515004855_1303659061759985_6451662608397637112_n-1_optimized.jpg","_links":{"self":[{"href":"https:\/\/radiorevelacionfm.cl\/index.php?rest_route=\/wp\/v2\/posts\/56083","targetHints":{"allow":["GET"]}}],"collection":[{"href":"https:\/\/radiorevelacionfm.cl\/index.php?rest_route=\/wp\/v2\/posts"}],"about":[{"href":"https:\/\/radiorevelacionfm.cl\/index.php?rest_route=\/wp\/v2\/types\/post"}],"author":[{"embeddable":true,"href":"https:\/\/radiorevelacionfm.cl\/index.php?rest_route=\/wp\/v2\/users\/1"}],"replies":[{"embeddable":true,"href":"https:\/\/radiorevelacionfm.cl\/index.php?rest_route=%2Fwp%2Fv2%2Fcomments&post=56083"}],"version-history":[{"count":4,"href":"https:\/\/radiorevelacionfm.cl\/index.php?rest_route=\/wp\/v2\/posts\/56083\/revisions"}],"predecessor-version":[{"id":56098,"href":"https:\/\/radiorevelacionfm.cl\/index.php?rest_route=\/wp\/v2\/posts\/56083\/revisions\/56098"}],"wp:featuredmedia":[{"embeddable":true,"href":"https:\/\/radiorevelacionfm.cl\/index.php?rest_route=\/wp\/v2\/media\/56099"}],"wp:attachment":[{"href":"https:\/\/radiorevelacionfm.cl\/index.php?rest_route=%2Fwp%2Fv2%2Fmedia&parent=56083"}],"wp:term":[{"taxonomy":"category","embeddable":true,"href":"https:\/\/radiorevelacionfm.cl\/index.php?rest_route=%2Fwp%2Fv2%2Fcategories&post=56083"},{"taxonomy":"post_tag","embeddable":true,"href":"https:\/\/radiorevelacionfm.cl\/index.php?rest_route=%2Fwp%2Fv2%2Ftags&post=56083"}],"curies":[{"name":"wp","href":"https:\/\/api.w.org\/{rel}","templated":true}]}}