{"id":56079,"date":"2025-07-03T18:07:37","date_gmt":"2025-07-03T21:07:37","guid":{"rendered":"https:\/\/radiorevelacionfm.cl\/?p=56079"},"modified":"2025-07-03T18:07:37","modified_gmt":"2025-07-03T21:07:37","slug":"inedito-avistamiento-de-flamencos-en-las-cercanias-de-villa-ohiggins-un-tesoro-natural-en-la-patagonia","status":"publish","type":"post","link":"https:\/\/radiorevelacionfm.cl\/?p=56079","title":{"rendered":"In\u00e9dito avistamiento de flamencos en las cercan\u00edas de Villa O&#8217;Higgins: un tesoro natural en la Patagonia"},"content":{"rendered":"<div class=\"flex_column av_one_full  flex_column_div av-zero-column-padding first  avia-builder-el-0  el_before_av_one_full  avia-builder-el-first  \" style='border-radius:0px; '><div  class='avia-image-container  av-styling-    avia-builder-el-1  avia-builder-el-no-sibling  avia-align-center '  itemprop=\"image\" itemscope=\"itemscope\" itemtype=\"https:\/\/schema.org\/ImageObject\"  ><div class='avia-image-container-inner'><div class='avia-image-overlay-wrap'><img decoding=\"async\" class='wp-image-56081 avia-img-lazy-loading-not-56081 avia_image' src=\"https:\/\/radiorevelacionfm.cl\/wp-content\/uploads\/2025\/07\/img_6234-2-1_optimized.jpg\" alt='' title='img_6234-2-(1)_optimized' height=\"600\" width=\"860\"  itemprop=\"thumbnailUrl\" srcset=\"https:\/\/radiorevelacionfm.cl\/wp-content\/uploads\/2025\/07\/img_6234-2-1_optimized.jpg 860w, https:\/\/radiorevelacionfm.cl\/wp-content\/uploads\/2025\/07\/img_6234-2-1_optimized-300x209.jpg 300w, https:\/\/radiorevelacionfm.cl\/wp-content\/uploads\/2025\/07\/img_6234-2-1_optimized-768x536.jpg 768w, https:\/\/radiorevelacionfm.cl\/wp-content\/uploads\/2025\/07\/img_6234-2-1_optimized-705x492.jpg 705w, https:\/\/radiorevelacionfm.cl\/wp-content\/uploads\/2025\/07\/img_6234-2-1_optimized-450x314.jpg 450w, https:\/\/radiorevelacionfm.cl\/wp-content\/uploads\/2025\/07\/img_6234-2-1_optimized-600x419.jpg 600w\" sizes=\"(max-width: 860px) 100vw, 860px\" \/><\/div><\/div><\/div><\/div><div class=\"flex_column av_one_full  flex_column_div av-zero-column-padding first  avia-builder-el-2  el_after_av_one_full  el_before_av_one_full  column-top-margin\" style='border-radius:0px; '><section class=\"av_textblock_section \"  itemscope=\"itemscope\" itemtype=\"https:\/\/schema.org\/BlogPosting\" itemprop=\"blogPost\" ><div class='avia_textblock  '   itemprop=\"text\" ><p style=\"text-align: center;\"><span style=\"font-size: 18pt;\"><strong>In\u00e9dito avistamiento de flamencos en las cercan\u00edas de Villa O&#8217;Higgins: un tesoro natural en la Patagonia<\/strong><\/span><\/p>\n<div id=\"gtx-trans\" style=\"position: absolute; left: -50px; top: 4.31534px;\">\n<div class=\"gtx-trans-icon\"><\/div>\n<\/div>\n<\/div><\/section><\/div><div class=\"flex_column av_one_full  flex_column_div av-zero-column-padding first  avia-builder-el-4  el_after_av_one_full  el_before_av_hr  column-top-margin\" style='border-radius:0px; '><section class=\"av_textblock_section \"  itemscope=\"itemscope\" itemtype=\"https:\/\/schema.org\/BlogPosting\" itemprop=\"blogPost\" ><div class='avia_textblock  '   itemprop=\"text\" ><p style=\"text-align: justify;\">En un hecho tan poco com\u00fan como impresionante, fueron avistados cinco flamencos en el desag\u00fce del Lago Ciervo y el delta del r\u00edo Mayer, en las cercan\u00edas de Villa O&#8217;Higgins, Regi\u00f3n de Ays\u00e9n. El registro fue realizado por el gu\u00eda tur\u00edstico local Francisco Mu\u00f1oz, de la empresa Falsa Cumbre, mientras realizaba un tour guiado en kayak por el sector.<\/p>\n<p style=\"text-align: justify;\">El avistamiento consisti\u00f3 en un grupo de cinco ejemplares, entre ellos, al parecer, un macho adulto de plumaje rosado intenso y cuatro ejemplares juveniles \u2014o posiblemente una hembra adulta entre ellos\u2014 con plumaje gris. Seg\u00fan relata Francisco Mu\u00f1oz, esta no es la primera vez que logra ver flamencos en la zona: \u00abHace tres a\u00f1os tambi\u00e9n vi un flamenco en el mismo sector, pero esa vez fue a la distancia y no pude registrarlo\u00bb.<\/p>\n<p style=\"text-align: justify;\">Habitantes de la comuna han comentado que en ocasiones anteriores tambi\u00e9n se han observado flamencos en el sector del Lago Christie, lo que refuerza la hip\u00f3tesis de una presencia ocasional de estas aves en el extremo sur de la regi\u00f3n.<\/p>\n<p style=\"text-align: justify;\">Francisco Mu\u00f1oz destaca el valor de esta experiencia y el privilegio de habitar un entorno natural de estas caracter\u00edsticas:<\/p>\n<p style=\"text-align: justify;\">\u00abInvito a todas las personas que habitan este lugar y tambi\u00e9n a las personas que nos visitan como turistas a que se decidan vivir la experiencia de insertarse en la naturaleza, el estar en la naturaleza te regala momentos asombrosos. En esos momentos es que uno piensa que poder acceder a una naturaleza tan pr\u00edstina es un tesoro presente en nuestro territorio.\u00bb<\/p>\n<p style=\"text-align: justify;\"><strong>Contexto ecol\u00f3gico y antecedentes<\/strong><\/p>\n<p style=\"text-align: justify;\">La Regi\u00f3n de Ays\u00e9n, aunque no es una zona de alta densidad para flamencos, s\u00ed forma parte del rango de distribuci\u00f3n del\u00a0flamenco chileno (Phoenicopterus chilensis). Diversos estudios y fuentes tur\u00edsticas mencionan avistamientos en humedales de Balmaceda, Coyhaique y zonas de estepa o desembocaduras de r\u00edos, como es el caso del delta del r\u00edo Mayer.<\/p>\n<p style=\"text-align: justify;\">Ays\u00e9n tambi\u00e9n forma parte de la\u00a0Red de Humedales de Importancia para los Flamencos Altoandinos, identificada por el Centro de Informaci\u00f3n de Recursos Naturales (CIREN), que incluye sectores con potencial para el avistamiento y conservaci\u00f3n de estas aves, incluso en zonas australes y transfronterizas como el Campo Volc\u00e1nico Pali Aike.<\/p>\n<p style=\"text-align: justify;\">Adem\u00e1s, en \u00e1reas protegidas como la Reserva Natural El Rinc\u00f3n (Parque Patagonia), se han registrado otras especies acu\u00e1ticas junto a los flamencos, lo que refuerza la idea de un ecosistema propicio para su presencia.<\/p>\n<p style=\"text-align: justify;\"><strong>Llamado a la conservaci\u00f3n y observaci\u00f3n responsable<\/strong><\/p>\n<p style=\"text-align: justify;\">Este registro no solo confirma la riqueza de biodiversidad del territorio, sino que invita a seguir promoviendo un turismo sostenible, consciente y respetuoso del entorno natural. El avistamiento de flamencos en esta latitud representa una oportunidad para educar, observar y conservar con responsabilidad el patrimonio natural de Villa O&#8217;Higgins.<\/p>\n<p style=\"text-align: justify;\">Desde el Municipio de O&#8217;Higgins se valora profundamente esta observaci\u00f3n, y se extiende una invitaci\u00f3n a la comunidad a estar atentos a estos eventos, documentarlos y reportarlos a instituciones locales, contribuyendo as\u00ed al conocimiento y conservaci\u00f3n de nuestra biodiversidad.<\/p>\n<\/div><\/section><\/div><div  style='height:50px' class='hr hr-invisible   avia-builder-el-6  el_after_av_one_full  el_before_av_social_share '><span class='hr-inner ' ><span class='hr-inner-style'><\/span><\/span><\/div><\/p>\n<div  class='av-social-sharing-box  avia-builder-el-7  el_after_av_hr  el_before_av_hr  '><div class='av-share-box'><h5 class='av-share-link-description av-no-toc '>Compartir esta noticia<\/h5><ul class='av-share-box-list noLightbox'><li class='av-share-link av-social-link-facebook' ><a target=\"_blank\" aria-label=\"Compartir en Facebook\" href='https:\/\/www.facebook.com\/sharer.php?u=https:\/\/radiorevelacionfm.cl\/?p=56079&#038;t=In%C3%A9dito%20avistamiento%20de%20flamencos%20en%20las%20cercan%C3%ADas%20de%20Villa%20O%E2%80%99Higgins%3A%20un%20tesoro%20natural%20en%20la%20Patagonia' aria-hidden='false' data-av_icon='\ue8f3' data-av_iconfont='entypo-fontello' title='' data-avia-related-tooltip='Compartir en Facebook' rel=\"noopener\"><span class='avia_hidden_link_text'>Compartir en Facebook<\/span><\/a><\/li><li class='av-share-link av-social-link-twitter' ><a target=\"_blank\" aria-label=\"Compartir en Twitter\" href='https:\/\/twitter.com\/share?text=In%C3%A9dito%20avistamiento%20de%20flamencos%20en%20las%20cercan%C3%ADas%20de%20Villa%20O%E2%80%99Higgins%3A%20un%20tesoro%20natural%20en%20la%20Patagonia&#038;url=https:\/\/radiorevelacionfm.cl\/?p=56079' aria-hidden='false' data-av_icon='\ue8f1' data-av_iconfont='entypo-fontello' title='' data-avia-related-tooltip='Compartir en Twitter' rel=\"noopener\"><span class='avia_hidden_link_text'>Compartir en Twitter<\/span><\/a><\/li><li class='av-share-link av-social-link-whatsapp' ><a target=\"_blank\" aria-label=\"Compartir en Whatsapp\" href='https:\/\/api.whatsapp.com\/send?text=https:\/\/radiorevelacionfm.cl\/?p=56079' aria-hidden='false' data-av_icon='\uf232' data-av_iconfont='entypo-fontello' title='' data-avia-related-tooltip='Compartir en Whatsapp' rel=\"noopener\"><span class='avia_hidden_link_text'>Compartir en Whatsapp<\/span><\/a><\/li><li class='av-share-link av-social-link-linkedin' ><a target=\"_blank\" aria-label=\"Compartir en LinkedIn\" href='https:\/\/linkedin.com\/shareArticle?mini=true&#038;title=In%C3%A9dito%20avistamiento%20de%20flamencos%20en%20las%20cercan%C3%ADas%20de%20Villa%20O%E2%80%99Higgins%3A%20un%20tesoro%20natural%20en%20la%20Patagonia&#038;url=https:\/\/radiorevelacionfm.cl\/?p=56079' aria-hidden='false' data-av_icon='\ue8fc' data-av_iconfont='entypo-fontello' title='' data-avia-related-tooltip='Compartir en LinkedIn' rel=\"noopener\"><span class='avia_hidden_link_text'>Compartir en LinkedIn<\/span><\/a><\/li><li class='av-share-link av-social-link-mail' ><a  aria-label=\"Compartir por correo\" href='mailto:?subject=In%C3%A9dito%20avistamiento%20de%20flamencos%20en%20las%20cercan%C3%ADas%20de%20Villa%20O%E2%80%99Higgins%3A%20un%20tesoro%20natural%20en%20la%20Patagonia&#038;body=https:\/\/radiorevelacionfm.cl\/?p=56079' aria-hidden='false' data-av_icon='\ue805' data-av_iconfont='entypo-fontello' title='' data-avia-related-tooltip='Compartir por correo'><span class='avia_hidden_link_text'>Compartir por correo<\/span><\/a><\/li><\/ul><\/div><\/div>\n<div  style='height:50px' class='hr hr-invisible   avia-builder-el-8  el_after_av_social_share  el_before_av_comments_list '><span class='hr-inner ' ><span class='hr-inner-style'><\/span><\/span><\/div>\n<div  class='av-buildercomment  av-blog-meta-html-info-disabled av-blog-meta-tag-disabled  '><\/div>\n","protected":false},"excerpt":{"rendered":"","protected":false},"author":1,"featured_media":56081,"comment_status":"closed","ping_status":"closed","sticky":false,"template":"","format":"standard","meta":{"footnotes":""},"categories":[38],"tags":[],"class_list":["post-56079","post","type-post","status-publish","format-standard","has-post-thumbnail","hentry","category-regional"],"jetpack_featured_media_url":"https:\/\/radiorevelacionfm.cl\/wp-content\/uploads\/2025\/07\/img_6234-2-1_optimized.jpg","_links":{"self":[{"href":"https:\/\/radiorevelacionfm.cl\/index.php?rest_route=\/wp\/v2\/posts\/56079","targetHints":{"allow":["GET"]}}],"collection":[{"href":"https:\/\/radiorevelacionfm.cl\/index.php?rest_route=\/wp\/v2\/posts"}],"about":[{"href":"https:\/\/radiorevelacionfm.cl\/index.php?rest_route=\/wp\/v2\/types\/post"}],"author":[{"embeddable":true,"href":"https:\/\/radiorevelacionfm.cl\/index.php?rest_route=\/wp\/v2\/users\/1"}],"replies":[{"embeddable":true,"href":"https:\/\/radiorevelacionfm.cl\/index.php?rest_route=%2Fwp%2Fv2%2Fcomments&post=56079"}],"version-history":[{"count":2,"href":"https:\/\/radiorevelacionfm.cl\/index.php?rest_route=\/wp\/v2\/posts\/56079\/revisions"}],"predecessor-version":[{"id":56087,"href":"https:\/\/radiorevelacionfm.cl\/index.php?rest_route=\/wp\/v2\/posts\/56079\/revisions\/56087"}],"wp:featuredmedia":[{"embeddable":true,"href":"https:\/\/radiorevelacionfm.cl\/index.php?rest_route=\/wp\/v2\/media\/56081"}],"wp:attachment":[{"href":"https:\/\/radiorevelacionfm.cl\/index.php?rest_route=%2Fwp%2Fv2%2Fmedia&parent=56079"}],"wp:term":[{"taxonomy":"category","embeddable":true,"href":"https:\/\/radiorevelacionfm.cl\/index.php?rest_route=%2Fwp%2Fv2%2Fcategories&post=56079"},{"taxonomy":"post_tag","embeddable":true,"href":"https:\/\/radiorevelacionfm.cl\/index.php?rest_route=%2Fwp%2Fv2%2Ftags&post=56079"}],"curies":[{"name":"wp","href":"https:\/\/api.w.org\/{rel}","templated":true}]}}