{"id":56076,"date":"2025-07-04T09:55:44","date_gmt":"2025-07-04T12:55:44","guid":{"rendered":"https:\/\/radiorevelacionfm.cl\/?p=56076"},"modified":"2025-07-04T09:55:44","modified_gmt":"2025-07-04T12:55:44","slug":"estudiantes-del-liceo-agricola-cursaran-modulos-de-carreras-tecnicas-en-el-campus-patagonia-de-la-universidad-austral","status":"publish","type":"post","link":"https:\/\/radiorevelacionfm.cl\/?p=56076","title":{"rendered":"Estudiantes del Liceo Agr\u00edcola cursar\u00e1n m\u00f3dulos de carreras t\u00e9cnicas en el Campus Patagonia de la Universidad Austral"},"content":{"rendered":"<div class=\"flex_column av_one_full  flex_column_div av-zero-column-padding first  avia-builder-el-0  el_before_av_one_full  avia-builder-el-first  \" style='border-radius:0px; '><div  class='avia-image-container  av-styling-    avia-builder-el-1  avia-builder-el-no-sibling  avia-align-center '  itemprop=\"image\" itemscope=\"itemscope\" itemtype=\"https:\/\/schema.org\/ImageObject\"  ><div class='avia-image-container-inner'><div class='avia-image-overlay-wrap'><img decoding=\"async\" class='wp-image-56077 avia-img-lazy-loading-not-56077 avia_image' src=\"https:\/\/radiorevelacionfm.cl\/wp-content\/uploads\/2025\/07\/acuerdo-colaboracon-lbap-uach1-1_optimized.jpeg\" alt='' title='acuerdo-colaboracon-lbap---uach1-(1)_optimized' height=\"600\" width=\"869\"  itemprop=\"thumbnailUrl\" srcset=\"https:\/\/radiorevelacionfm.cl\/wp-content\/uploads\/2025\/07\/acuerdo-colaboracon-lbap-uach1-1_optimized.jpeg 869w, https:\/\/radiorevelacionfm.cl\/wp-content\/uploads\/2025\/07\/acuerdo-colaboracon-lbap-uach1-1_optimized-300x207.jpeg 300w, https:\/\/radiorevelacionfm.cl\/wp-content\/uploads\/2025\/07\/acuerdo-colaboracon-lbap-uach1-1_optimized-768x530.jpeg 768w, https:\/\/radiorevelacionfm.cl\/wp-content\/uploads\/2025\/07\/acuerdo-colaboracon-lbap-uach1-1_optimized-705x487.jpeg 705w, https:\/\/radiorevelacionfm.cl\/wp-content\/uploads\/2025\/07\/acuerdo-colaboracon-lbap-uach1-1_optimized-450x311.jpeg 450w, https:\/\/radiorevelacionfm.cl\/wp-content\/uploads\/2025\/07\/acuerdo-colaboracon-lbap-uach1-1_optimized-600x414.jpeg 600w\" sizes=\"(max-width: 869px) 100vw, 869px\" \/><\/div><\/div><\/div><\/div><div class=\"flex_column av_one_full  flex_column_div av-zero-column-padding first  avia-builder-el-2  el_after_av_one_full  el_before_av_one_full  column-top-margin\" style='border-radius:0px; '><section class=\"av_textblock_section \"  itemscope=\"itemscope\" itemtype=\"https:\/\/schema.org\/BlogPosting\" itemprop=\"blogPost\" ><div class='avia_textblock  '   itemprop=\"text\" ><p style=\"text-align: center;\"><strong><span style=\"font-size: 18pt;\">Estudiantes del Liceo Agr\u00edcola cursar\u00e1n m\u00f3dulos de carreras t\u00e9cnicas en el Campus Patagonia de la Universidad Austral<\/span><\/strong><\/p>\n<div id=\"gtx-trans\" style=\"position: absolute; left: -50px; top: 4.31534px;\">\n<div class=\"gtx-trans-icon\"><\/div>\n<\/div>\n<\/div><\/section><\/div><div class=\"flex_column av_one_full  flex_column_div av-zero-column-padding first  avia-builder-el-4  el_after_av_one_full  el_before_av_hr  column-top-margin\" style='border-radius:0px; '><section class=\"av_textblock_section \"  itemscope=\"itemscope\" itemtype=\"https:\/\/schema.org\/BlogPosting\" itemprop=\"blogPost\" ><div class='avia_textblock  '   itemprop=\"text\" ><ul>\n<li style=\"text-align: justify;\"><em>Esta iniciativa piloto, que se enmarca en un convenio firmado entre ambas instituciones el a\u00f1o 2014, comenzar\u00e1 a ejecutarse en el mes de agosto de este a\u00f1o.<\/em><\/li>\n<\/ul>\n<p style=\"text-align: justify;\">El Liceo Bicentenario Agr\u00edcola e Industrial de la Patagonia y el Campus Patagonia de la Universidad Austral de Chile suscribieron un acuerdo de colaboraci\u00f3n para la implementaci\u00f3n de un <strong>Plan de Alternancia<\/strong>, que permite que estudiantes del establecimiento cursen algunos m\u00f3dulos de la <strong>carrera T\u00e9cnico Universitario en Producci\u00f3n Agropecuaria<\/strong>, durante un semestre. Esta alternativa de formaci\u00f3n, comenzar\u00e1 a operar a partir del mes de agosto de este a\u00f1o.<\/p>\n<p style=\"text-align: justify;\"><strong>Fabi\u00e1n Saavedra, director del establecimiento educacional<\/strong>, valor\u00f3 la firma de este acuerdo y destac\u00f3 el v\u00ednculo permanente entre ambas instituciones. <strong>\u201cSiempre es bueno articularse con la educaci\u00f3n superior, pensando en la trayectoria formativa de nuestros estudiantes<\/strong>. Somos un liceo t\u00e9cnico profesional y tenemos \u00e1reas en com\u00fan con el Campus Patagonia, por lo tanto es muy positivo para nuestros estudiantes poder contar con este acercamiento. Es parte de nuestro compromiso como liceo bicentenario trabajar en alternancia, articularnos con el mundo privado, articularnos con las instituciones de educaci\u00f3n superior, buscando nuevas oportunidades para nuestros estudiantes. Estamos muy contentos de poder sellar este v\u00ednculo con el Campus Patagonia con quienes desde hace muchos a\u00f1os venimos colaborando. \u00c9ste es un nuevo hito de colaboraci\u00f3n entre ambas instituciones que esperamos sea de mutuo beneficio\u201d.<\/p>\n<p style=\"text-align: justify;\">Por su parte, el <strong>Director del Campus Patagonia, Prof. Mario Brito<\/strong>, destac\u00f3 que: \u00abMaterializar este plan de alternancia desde la ense\u00f1anza media TP a la educaci\u00f3n superior, iniciativa del Liceo Bicentenario Agr\u00edcola e Industrial de la Patagonia con quienes tenemos una historia de colaboraci\u00f3n mutua de larga data, <strong>es una oportunidad muy importante que se nos plantea como universidad, contribuir desde lo disciplinario y vocacional con las expectativas de los estudiantes liceanos, quienes se enfrentar\u00e1n a un proceso de aprendizaje novedoso e innovador<\/strong>, donde podr\u00e1n interactuar con estudiantes de educaci\u00f3n superior y con acad\u00e9micos e investigadores de la universidad, esto permitir\u00e1 ampliar sus experiencias educativas, vivir la universidad tempranamente e identificar nuevas oportunidades de desarrollo acad\u00e9mico, desde todo punto de vista es una experiencia de aprendizaje rec\u00edproca\u201d.<\/p>\n<p style=\"text-align: justify;\">Esta valiosa experiencia para los y las estudiantes estar\u00e1 a cargo del docente y jefe de la carrera, Pablo Hern\u00e1ndez.<\/p>\n<p style=\"text-align: justify;\">La alternancia es una estrategia pedag\u00f3gica que permite que estudiantes complementen su aprendizaje en las aulas de sus establecimientos de origen con \u00a0experiencias formativas en otras instituciones, durante un periodo definido previamente, logrando aplicar sus conocimientos y habilidades en otros contextos.<\/p>\n<\/div><\/section><\/div><div  style='height:50px' class='hr hr-invisible   avia-builder-el-6  el_after_av_one_full  el_before_av_social_share '><span class='hr-inner ' ><span class='hr-inner-style'><\/span><\/span><\/div><\/p>\n<div  class='av-social-sharing-box  avia-builder-el-7  el_after_av_hr  el_before_av_hr  '><div class='av-share-box'><h5 class='av-share-link-description av-no-toc '>Compartir esta noticia<\/h5><ul class='av-share-box-list noLightbox'><li class='av-share-link av-social-link-facebook' ><a target=\"_blank\" aria-label=\"Compartir en Facebook\" href='https:\/\/www.facebook.com\/sharer.php?u=https:\/\/radiorevelacionfm.cl\/?p=56076&#038;t=Estudiantes%20del%20Liceo%20Agr%C3%ADcola%20cursar%C3%A1n%20m%C3%B3dulos%20de%20carreras%20t%C3%A9cnicas%20en%20el%20Campus%20Patagonia%20de%20la%20Universidad%20Austral' aria-hidden='false' data-av_icon='\ue8f3' data-av_iconfont='entypo-fontello' title='' data-avia-related-tooltip='Compartir en Facebook' rel=\"noopener\"><span class='avia_hidden_link_text'>Compartir en Facebook<\/span><\/a><\/li><li class='av-share-link av-social-link-twitter' ><a target=\"_blank\" aria-label=\"Compartir en Twitter\" href='https:\/\/twitter.com\/share?text=Estudiantes%20del%20Liceo%20Agr%C3%ADcola%20cursar%C3%A1n%20m%C3%B3dulos%20de%20carreras%20t%C3%A9cnicas%20en%20el%20Campus%20Patagonia%20de%20la%20Universidad%20Austral&#038;url=https:\/\/radiorevelacionfm.cl\/?p=56076' aria-hidden='false' data-av_icon='\ue8f1' data-av_iconfont='entypo-fontello' title='' data-avia-related-tooltip='Compartir en Twitter' rel=\"noopener\"><span class='avia_hidden_link_text'>Compartir en Twitter<\/span><\/a><\/li><li class='av-share-link av-social-link-whatsapp' ><a target=\"_blank\" aria-label=\"Compartir en Whatsapp\" href='https:\/\/api.whatsapp.com\/send?text=https:\/\/radiorevelacionfm.cl\/?p=56076' aria-hidden='false' data-av_icon='\uf232' data-av_iconfont='entypo-fontello' title='' data-avia-related-tooltip='Compartir en Whatsapp' rel=\"noopener\"><span class='avia_hidden_link_text'>Compartir en Whatsapp<\/span><\/a><\/li><li class='av-share-link av-social-link-linkedin' ><a target=\"_blank\" aria-label=\"Compartir en LinkedIn\" href='https:\/\/linkedin.com\/shareArticle?mini=true&#038;title=Estudiantes%20del%20Liceo%20Agr%C3%ADcola%20cursar%C3%A1n%20m%C3%B3dulos%20de%20carreras%20t%C3%A9cnicas%20en%20el%20Campus%20Patagonia%20de%20la%20Universidad%20Austral&#038;url=https:\/\/radiorevelacionfm.cl\/?p=56076' aria-hidden='false' data-av_icon='\ue8fc' data-av_iconfont='entypo-fontello' title='' data-avia-related-tooltip='Compartir en LinkedIn' rel=\"noopener\"><span class='avia_hidden_link_text'>Compartir en LinkedIn<\/span><\/a><\/li><li class='av-share-link av-social-link-mail' ><a  aria-label=\"Compartir por correo\" href='mailto:?subject=Estudiantes%20del%20Liceo%20Agr%C3%ADcola%20cursar%C3%A1n%20m%C3%B3dulos%20de%20carreras%20t%C3%A9cnicas%20en%20el%20Campus%20Patagonia%20de%20la%20Universidad%20Austral&#038;body=https:\/\/radiorevelacionfm.cl\/?p=56076' aria-hidden='false' data-av_icon='\ue805' data-av_iconfont='entypo-fontello' title='' data-avia-related-tooltip='Compartir por correo'><span class='avia_hidden_link_text'>Compartir por correo<\/span><\/a><\/li><\/ul><\/div><\/div>\n<div  style='height:50px' class='hr hr-invisible   avia-builder-el-8  el_after_av_social_share  el_before_av_comments_list '><span class='hr-inner ' ><span class='hr-inner-style'><\/span><\/span><\/div>\n<div  class='av-buildercomment  av-blog-meta-html-info-disabled av-blog-meta-tag-disabled  '><\/div>\n","protected":false},"excerpt":{"rendered":"","protected":false},"author":1,"featured_media":56077,"comment_status":"closed","ping_status":"closed","sticky":false,"template":"","format":"standard","meta":{"footnotes":""},"categories":[49],"tags":[],"class_list":["post-56076","post","type-post","status-publish","format-standard","has-post-thumbnail","hentry","category-educacion"],"jetpack_featured_media_url":"https:\/\/radiorevelacionfm.cl\/wp-content\/uploads\/2025\/07\/acuerdo-colaboracon-lbap-uach1-1_optimized.jpeg","_links":{"self":[{"href":"https:\/\/radiorevelacionfm.cl\/index.php?rest_route=\/wp\/v2\/posts\/56076","targetHints":{"allow":["GET"]}}],"collection":[{"href":"https:\/\/radiorevelacionfm.cl\/index.php?rest_route=\/wp\/v2\/posts"}],"about":[{"href":"https:\/\/radiorevelacionfm.cl\/index.php?rest_route=\/wp\/v2\/types\/post"}],"author":[{"embeddable":true,"href":"https:\/\/radiorevelacionfm.cl\/index.php?rest_route=\/wp\/v2\/users\/1"}],"replies":[{"embeddable":true,"href":"https:\/\/radiorevelacionfm.cl\/index.php?rest_route=%2Fwp%2Fv2%2Fcomments&post=56076"}],"version-history":[{"count":2,"href":"https:\/\/radiorevelacionfm.cl\/index.php?rest_route=\/wp\/v2\/posts\/56076\/revisions"}],"predecessor-version":[{"id":56096,"href":"https:\/\/radiorevelacionfm.cl\/index.php?rest_route=\/wp\/v2\/posts\/56076\/revisions\/56096"}],"wp:featuredmedia":[{"embeddable":true,"href":"https:\/\/radiorevelacionfm.cl\/index.php?rest_route=\/wp\/v2\/media\/56077"}],"wp:attachment":[{"href":"https:\/\/radiorevelacionfm.cl\/index.php?rest_route=%2Fwp%2Fv2%2Fmedia&parent=56076"}],"wp:term":[{"taxonomy":"category","embeddable":true,"href":"https:\/\/radiorevelacionfm.cl\/index.php?rest_route=%2Fwp%2Fv2%2Fcategories&post=56076"},{"taxonomy":"post_tag","embeddable":true,"href":"https:\/\/radiorevelacionfm.cl\/index.php?rest_route=%2Fwp%2Fv2%2Ftags&post=56076"}],"curies":[{"name":"wp","href":"https:\/\/api.w.org\/{rel}","templated":true}]}}