{"id":56074,"date":"2025-07-04T20:46:25","date_gmt":"2025-07-04T23:46:25","guid":{"rendered":"https:\/\/radiorevelacionfm.cl\/?p=56074"},"modified":"2025-07-04T20:46:48","modified_gmt":"2025-07-04T23:46:48","slug":"diputada-raphael-hace-un-llamado-a-las-autoridades-regionales-de-salud-y-educacion-para-cumplir-con-carta-compromiso-que-permita-avanzar-en-el-plan-de-zonas-extremas","status":"publish","type":"post","link":"https:\/\/radiorevelacionfm.cl\/?p=56074","title":{"rendered":"Diputada Raphael hace un llamado a las autoridades regionales de Salud y Educaci\u00f3n para cumplir con carta compromiso que permita avanzar en el Plan de Zonas Extremas"},"content":{"rendered":"<div class=\"flex_column av_one_full  flex_column_div av-zero-column-padding first  avia-builder-el-0  el_before_av_one_full  avia-builder-el-first  \" style='border-radius:0px; '><div  class='avia-image-container  av-styling-    avia-builder-el-1  avia-builder-el-no-sibling  avia-align-center '  itemprop=\"image\" itemscope=\"itemscope\" itemtype=\"https:\/\/schema.org\/ImageObject\"  ><div class='avia-image-container-inner'><div class='avia-image-overlay-wrap'><img decoding=\"async\" class='wp-image-55600 avia-img-lazy-loading-not-55600 avia_image' src=\"https:\/\/radiorevelacionfm.cl\/wp-content\/uploads\/2025\/06\/foto-diputada-2-2-1_optimized.jpeg\" alt='' title='foto-diputada-(2)-(2)-(1)_optimized' height=\"600\" width=\"900\"  itemprop=\"thumbnailUrl\" srcset=\"https:\/\/radiorevelacionfm.cl\/wp-content\/uploads\/2025\/06\/foto-diputada-2-2-1_optimized.jpeg 900w, https:\/\/radiorevelacionfm.cl\/wp-content\/uploads\/2025\/06\/foto-diputada-2-2-1_optimized-300x200.jpeg 300w, https:\/\/radiorevelacionfm.cl\/wp-content\/uploads\/2025\/06\/foto-diputada-2-2-1_optimized-768x512.jpeg 768w, https:\/\/radiorevelacionfm.cl\/wp-content\/uploads\/2025\/06\/foto-diputada-2-2-1_optimized-705x470.jpeg 705w, https:\/\/radiorevelacionfm.cl\/wp-content\/uploads\/2025\/06\/foto-diputada-2-2-1_optimized-450x300.jpeg 450w, https:\/\/radiorevelacionfm.cl\/wp-content\/uploads\/2025\/06\/foto-diputada-2-2-1_optimized-600x400.jpeg 600w\" sizes=\"(max-width: 900px) 100vw, 900px\" \/><\/div><\/div><\/div><\/div>\n<div class=\"flex_column av_one_full  flex_column_div av-zero-column-padding first  avia-builder-el-2  el_after_av_one_full  el_before_av_one_full  column-top-margin\" style='border-radius:0px; '><section class=\"av_textblock_section \"  itemscope=\"itemscope\" itemtype=\"https:\/\/schema.org\/BlogPosting\" itemprop=\"blogPost\" ><div class='avia_textblock  '   itemprop=\"text\" ><p style=\"text-align: center;\"><strong><span style=\"font-size: 18pt;\">Diputada Raphael hace un llamado a las autoridades regionales de Salud y Educaci\u00f3n para cumplir con carta compromiso que permita avanzar en el Plan de Zonas Extremas<\/span><\/strong><\/p>\n<div id=\"gtx-trans\" style=\"position: absolute; left: -50px; top: 4.31534px;\">\n<div class=\"gtx-trans-icon\"><\/div>\n<\/div>\n<\/div><\/section><\/div><div class=\"flex_column av_one_full  flex_column_div av-zero-column-padding first  avia-builder-el-4  el_after_av_one_full  el_before_av_hr  column-top-margin\" style='border-radius:0px; '><section class=\"av_textblock_section \"  itemscope=\"itemscope\" itemtype=\"https:\/\/schema.org\/BlogPosting\" itemprop=\"blogPost\" ><div class='avia_textblock  '   itemprop=\"text\" ><p style=\"text-align: justify;\">La parlamentaria Marcia Raphael (RN) solicit\u00f3 formalmente al ministro de Vivienda, Carlos Montes, garantizar el env\u00edo inmediato de la carta de compromiso necesarias para la aprobaci\u00f3n del Plan de Zonas Extremas, un proyecto estrat\u00e9gico que fue anunciado por el presidente Gabriel Boric durante su primer a\u00f1o de gobierno. Este plan es crucial para el desarrollo y bienestar de las comunidades en zonas extremas, como la Regi\u00f3n de Ays\u00e9n, donde la necesidad de inversi\u00f3n en infraestructura se hace cada vez m\u00e1s apremiante.<\/p>\n<p style=\"text-align: justify;\">La diputada Raphael destac\u00f3 las caracter\u00edsticas especiales del Plan de Zonas Extremas y se\u00f1al\u00f3 lo importante que es acelerar la aprobaci\u00f3n de este Plan para el desarrollo de la regi\u00f3n.<\/p>\n<p style=\"text-align: justify;\">Sin embargo, su progreso se encuentra actualmente obstruido debido a la falta de cartas de compromiso de los sectores de Salud, Educaci\u00f3n y Vivienda, que son esenciales para poder avanzar en su aprobaci\u00f3n dentro del Consejo Regional.<\/p>\n<p style=\"text-align: justify;\">\u201cEs incre\u00edble que un compromiso hecho por autoridades del gobierno del presidente Boric, que promueve un plan importante para nuestra regi\u00f3n, no se est\u00e9 cumpliendo. La regi\u00f3n espera este proyecto, que est\u00e1 listo para ser aprobado. La semana pasada, el plan estuvo en tabla en el Consejo Regional, pero no pudo ser aprobado debido a la ausencia de las cartas de compromiso de algunos sectores, requeridas por la ley\u201d, expres\u00f3 Raphael durante la Comisi\u00f3n de Vivienda, dado que el documento por parte del sector tampoco hab\u00eda sido recepcionado.<\/p>\n<p style=\"text-align: justify;\">La legisladora agreg\u00f3 que la situaci\u00f3n es a\u00fan m\u00e1s preocupante dado el contexto de aislamiento y las dificultades que enfrenta la Regi\u00f3n de Ays\u00e9n. \u201cEste aplazamiento no solo significa una p\u00e9rdida de tiempo; significa tambi\u00e9n que las comunidades siguen postergadas en sus necesidades m\u00e1s b\u00e1sicas. Cada d\u00eda que pasa sin que se apruebe este plan es una oportunidad perdida para avanzar en la calidad de vida de los ayseninos\u201d, enfatiz\u00f3.<\/p>\n<p style=\"text-align: justify;\">La diputada hizo un llamado urgente al ministro Montes: \u201cLe solicito que, como m\u00e1xima autoridad, realice las gestiones necesarias para que las autoridades regionales de su sector env\u00eden la carta de compromiso que falta. No podemos permitir que la desidia administrativa retrase esta iniciativa que es tan vital para nuestra regi\u00f3n extrema y aislada\u201d, afirm\u00f3.<\/p>\n<p style=\"text-align: justify;\">De igual modo, solicita a las autoridades regionales de Educaci\u00f3n y Salud, agilicen este tr\u00e1mite administrativo para dar cumplimiento a un compromiso del presidente Boric, m\u00e1s a\u00fan cuando son autoridades de Gobierno.<\/p>\n<p style=\"text-align: justify;\">El Consejo Regional tiene programada una nueva sesi\u00f3n para la pr\u00f3xima semana, en la que el plan volver\u00e1 a estar en tabla. Sin embargo, Raphael advirti\u00f3 que, si las cartas de compromiso no llegan a tiempo, la aprobaci\u00f3n del proyecto permanecer\u00e1 en suspenso, obligando a esperar hasta finales de mes para su revisi\u00f3n.<\/p>\n<\/div><\/section><\/div><\/p>\n<div  style='height:50px' class='hr hr-invisible   avia-builder-el-6  el_after_av_one_full  el_before_av_social_share '><span class='hr-inner ' ><span class='hr-inner-style'><\/span><\/span><\/div>\n<div  class='av-social-sharing-box  avia-builder-el-7  el_after_av_hr  el_before_av_hr  '><div class='av-share-box'><h5 class='av-share-link-description av-no-toc '>Compartir esta noticia<\/h5><ul class='av-share-box-list noLightbox'><li class='av-share-link av-social-link-facebook' ><a target=\"_blank\" aria-label=\"Compartir en Facebook\" href='https:\/\/www.facebook.com\/sharer.php?u=https:\/\/radiorevelacionfm.cl\/?p=56074&#038;t=Diputada%20Raphael%20hace%20un%20llamado%20a%20las%20autoridades%20regionales%20de%20Salud%20y%20Educaci%C3%B3n%20para%20cumplir%20con%20carta%20compromiso%20que%20permita%20avanzar%20en%20el%20Plan%20de%20Zonas%20Extremas' aria-hidden='false' data-av_icon='\ue8f3' data-av_iconfont='entypo-fontello' title='' data-avia-related-tooltip='Compartir en Facebook' rel=\"noopener\"><span class='avia_hidden_link_text'>Compartir en Facebook<\/span><\/a><\/li><li class='av-share-link av-social-link-twitter' ><a target=\"_blank\" aria-label=\"Compartir en Twitter\" href='https:\/\/twitter.com\/share?text=Diputada%20Raphael%20hace%20un%20llamado%20a%20las%20autoridades%20regionales%20de%20Salud%20y%20Educaci%C3%B3n%20para%20cumplir%20con%20carta%20compromiso%20que%20permita%20avanzar%20en%20el%20Plan%20de%20Zonas%20Extremas&#038;url=https:\/\/radiorevelacionfm.cl\/?p=56074' aria-hidden='false' data-av_icon='\ue8f1' data-av_iconfont='entypo-fontello' title='' data-avia-related-tooltip='Compartir en Twitter' rel=\"noopener\"><span class='avia_hidden_link_text'>Compartir en Twitter<\/span><\/a><\/li><li class='av-share-link av-social-link-whatsapp' ><a target=\"_blank\" aria-label=\"Compartir en Whatsapp\" href='https:\/\/api.whatsapp.com\/send?text=https:\/\/radiorevelacionfm.cl\/?p=56074' aria-hidden='false' data-av_icon='\uf232' data-av_iconfont='entypo-fontello' title='' data-avia-related-tooltip='Compartir en Whatsapp' rel=\"noopener\"><span class='avia_hidden_link_text'>Compartir en Whatsapp<\/span><\/a><\/li><li class='av-share-link av-social-link-linkedin' ><a target=\"_blank\" aria-label=\"Compartir en LinkedIn\" href='https:\/\/linkedin.com\/shareArticle?mini=true&#038;title=Diputada%20Raphael%20hace%20un%20llamado%20a%20las%20autoridades%20regionales%20de%20Salud%20y%20Educaci%C3%B3n%20para%20cumplir%20con%20carta%20compromiso%20que%20permita%20avanzar%20en%20el%20Plan%20de%20Zonas%20Extremas&#038;url=https:\/\/radiorevelacionfm.cl\/?p=56074' aria-hidden='false' data-av_icon='\ue8fc' data-av_iconfont='entypo-fontello' title='' data-avia-related-tooltip='Compartir en LinkedIn' rel=\"noopener\"><span class='avia_hidden_link_text'>Compartir en LinkedIn<\/span><\/a><\/li><li class='av-share-link av-social-link-mail' ><a  aria-label=\"Compartir por correo\" href='mailto:?subject=Diputada%20Raphael%20hace%20un%20llamado%20a%20las%20autoridades%20regionales%20de%20Salud%20y%20Educaci%C3%B3n%20para%20cumplir%20con%20carta%20compromiso%20que%20permita%20avanzar%20en%20el%20Plan%20de%20Zonas%20Extremas&#038;body=https:\/\/radiorevelacionfm.cl\/?p=56074' aria-hidden='false' data-av_icon='\ue805' data-av_iconfont='entypo-fontello' title='' data-avia-related-tooltip='Compartir por correo'><span class='avia_hidden_link_text'>Compartir por correo<\/span><\/a><\/li><\/ul><\/div><\/div>\n<div  style='height:50px' class='hr hr-invisible   avia-builder-el-8  el_after_av_social_share  el_before_av_comments_list '><span class='hr-inner ' ><span class='hr-inner-style'><\/span><\/span><\/div>\n<div  class='av-buildercomment  av-blog-meta-html-info-disabled av-blog-meta-tag-disabled  '><\/div>\n","protected":false},"excerpt":{"rendered":"","protected":false},"author":1,"featured_media":55600,"comment_status":"closed","ping_status":"closed","sticky":false,"template":"","format":"standard","meta":{"footnotes":""},"categories":[35],"tags":[],"class_list":["post-56074","post","type-post","status-publish","format-standard","has-post-thumbnail","hentry","category-politica"],"jetpack_featured_media_url":"https:\/\/radiorevelacionfm.cl\/wp-content\/uploads\/2025\/06\/foto-diputada-2-2-1_optimized.jpeg","_links":{"self":[{"href":"https:\/\/radiorevelacionfm.cl\/index.php?rest_route=\/wp\/v2\/posts\/56074","targetHints":{"allow":["GET"]}}],"collection":[{"href":"https:\/\/radiorevelacionfm.cl\/index.php?rest_route=\/wp\/v2\/posts"}],"about":[{"href":"https:\/\/radiorevelacionfm.cl\/index.php?rest_route=\/wp\/v2\/types\/post"}],"author":[{"embeddable":true,"href":"https:\/\/radiorevelacionfm.cl\/index.php?rest_route=\/wp\/v2\/users\/1"}],"replies":[{"embeddable":true,"href":"https:\/\/radiorevelacionfm.cl\/index.php?rest_route=%2Fwp%2Fv2%2Fcomments&post=56074"}],"version-history":[{"count":3,"href":"https:\/\/radiorevelacionfm.cl\/index.php?rest_route=\/wp\/v2\/posts\/56074\/revisions"}],"predecessor-version":[{"id":56156,"href":"https:\/\/radiorevelacionfm.cl\/index.php?rest_route=\/wp\/v2\/posts\/56074\/revisions\/56156"}],"wp:featuredmedia":[{"embeddable":true,"href":"https:\/\/radiorevelacionfm.cl\/index.php?rest_route=\/wp\/v2\/media\/55600"}],"wp:attachment":[{"href":"https:\/\/radiorevelacionfm.cl\/index.php?rest_route=%2Fwp%2Fv2%2Fmedia&parent=56074"}],"wp:term":[{"taxonomy":"category","embeddable":true,"href":"https:\/\/radiorevelacionfm.cl\/index.php?rest_route=%2Fwp%2Fv2%2Fcategories&post=56074"},{"taxonomy":"post_tag","embeddable":true,"href":"https:\/\/radiorevelacionfm.cl\/index.php?rest_route=%2Fwp%2Fv2%2Ftags&post=56074"}],"curies":[{"name":"wp","href":"https:\/\/api.w.org\/{rel}","templated":true}]}}