{"id":56068,"date":"2025-07-03T20:25:24","date_gmt":"2025-07-03T23:25:24","guid":{"rendered":"https:\/\/radiorevelacionfm.cl\/?p=56068"},"modified":"2025-07-03T20:25:24","modified_gmt":"2025-07-03T23:25:24","slug":"lanzan-version-2025-del-exitoso-programa-mujeres-jefas-de-hogar-en-puerto-aysen","status":"publish","type":"post","link":"https:\/\/radiorevelacionfm.cl\/?p=56068","title":{"rendered":"Lanzan versi\u00f3n 2025 del exitoso Programa Mujeres Jefas de Hogar en Puerto Ays\u00e9n"},"content":{"rendered":"<div class=\"flex_column av_one_full  flex_column_div av-zero-column-padding first  avia-builder-el-0  el_before_av_one_full  avia-builder-el-first  \" style='border-radius:0px; '><div  class='avia-image-container  av-styling-    avia-builder-el-1  avia-builder-el-no-sibling  avia-align-center '  itemprop=\"image\" itemscope=\"itemscope\" itemtype=\"https:\/\/schema.org\/ImageObject\"  ><div class='avia-image-container-inner'><div class='avia-image-overlay-wrap'><img decoding=\"async\" class='wp-image-56069 avia-img-lazy-loading-not-56069 avia_image' src=\"https:\/\/radiorevelacionfm.cl\/wp-content\/uploads\/2025\/07\/whatsapp-image-2025-07-03-at-14_optimized.21.49-1-1.jpeg\" alt='' title='whatsapp-image-2025-07-03-at-14_optimized.21.49-(1) (1)' height=\"600\" width=\"1042\"  itemprop=\"thumbnailUrl\" srcset=\"https:\/\/radiorevelacionfm.cl\/wp-content\/uploads\/2025\/07\/whatsapp-image-2025-07-03-at-14_optimized.21.49-1-1.jpeg 1042w, https:\/\/radiorevelacionfm.cl\/wp-content\/uploads\/2025\/07\/whatsapp-image-2025-07-03-at-14_optimized.21.49-1-1-300x173.jpeg 300w, https:\/\/radiorevelacionfm.cl\/wp-content\/uploads\/2025\/07\/whatsapp-image-2025-07-03-at-14_optimized.21.49-1-1-1030x593.jpeg 1030w, https:\/\/radiorevelacionfm.cl\/wp-content\/uploads\/2025\/07\/whatsapp-image-2025-07-03-at-14_optimized.21.49-1-1-768x442.jpeg 768w, https:\/\/radiorevelacionfm.cl\/wp-content\/uploads\/2025\/07\/whatsapp-image-2025-07-03-at-14_optimized.21.49-1-1-705x406.jpeg 705w, https:\/\/radiorevelacionfm.cl\/wp-content\/uploads\/2025\/07\/whatsapp-image-2025-07-03-at-14_optimized.21.49-1-1-450x259.jpeg 450w, https:\/\/radiorevelacionfm.cl\/wp-content\/uploads\/2025\/07\/whatsapp-image-2025-07-03-at-14_optimized.21.49-1-1-600x345.jpeg 600w\" sizes=\"(max-width: 1042px) 100vw, 1042px\" \/><\/div><\/div><\/div><\/div><div class=\"flex_column av_one_full  flex_column_div av-zero-column-padding first  avia-builder-el-2  el_after_av_one_full  el_before_av_one_full  column-top-margin\" style='border-radius:0px; '><section class=\"av_textblock_section \"  itemscope=\"itemscope\" itemtype=\"https:\/\/schema.org\/BlogPosting\" itemprop=\"blogPost\" ><div class='avia_textblock  '   itemprop=\"text\" ><p style=\"text-align: center;\"><strong><span style=\"font-size: 18pt;\">Lanzan versi\u00f3n 2025 del exitoso Programa Mujeres Jefas de Hogar en Puerto Ays\u00e9n<\/span><\/strong><\/p>\n<div id=\"gtx-trans\" style=\"position: absolute; left: -50px; top: 4.31534px;\">\n<div class=\"gtx-trans-icon\"><\/div>\n<\/div>\n<\/div><\/section><\/div><div class=\"flex_column av_one_full  flex_column_div av-zero-column-padding first  avia-builder-el-4  el_after_av_one_full  el_before_av_hr  column-top-margin\" style='border-radius:0px; '><section class=\"av_textblock_section \"  itemscope=\"itemscope\" itemtype=\"https:\/\/schema.org\/BlogPosting\" itemprop=\"blogPost\" ><div class='avia_textblock  '   itemprop=\"text\" ><p style=\"text-align: justify;\"><em>El programa es financiado por Sernameg y el ejecutor es el municipio de Ays\u00e9n<\/em><\/p>\n<p style=\"text-align: justify;\">Este mi\u00e9rcoles 2 de julio se realiz\u00f3 el acto de \u201cLanzamiento del Programa Jefas de Hogar en la Comuna de Ays\u00e9n a\u00f1o 2025\u201d, el que cont\u00f3 con la presencia de autoridades locales y regionales, las 90 mujeres que ingresan este a\u00f1o y adem\u00e1s las mujeres que egresaron del programa en su exitosa versi\u00f3n 2024.<\/p>\n<p style=\"text-align: justify;\">El Programa <strong>Mujeres Jefas de Hogar<\/strong>\u00a0contribuye al fortalecimiento de la<strong>\u00a0autonom\u00eda econ\u00f3mica<\/strong>\u00a0de las mujeres. Para ello, las participantes adquieren herramientas y desarrollan habilidades que les permiten incorporarse al mercado laboral. Adem\u00e1s, favorece el desarrollo de competencias para mejorar la empleabilidad, as\u00ed como la creaci\u00f3n de capital social y redes de apoyo.<\/p>\n<p style=\"text-align: justify;\">En este sentido, Patricia Baeza, directora regional de Sernameg, se\u00f1al\u00f3: \u201cLas mujeres reciben formaci\u00f3n, capacitaci\u00f3n y entrega de herramientas que les permiten tener mayores habilidades y competencias para su inserci\u00f3n en el mercado laboral independiente o dependiente. Estamos tremendamente satisfechas con el egreso de 90 mujeres que participaron del Programa Mujeres Jefas de Hogar en la comuna de Ays\u00e9n en su versi\u00f3n 2024 y por supuesto tambi\u00e9n celebramos la incorporaci\u00f3n de 90 mujeres nuevamente que se inscribieron para formar parte de la versi\u00f3n 2025. En este mismo sentido podemos sostener que el programa tiene una buena acogida por parte de las mujeres del territorio y por ende podemos tambi\u00e9n se\u00f1alar que est\u00e1 teniendo un impacto positivo en la vida de las mujeres.\u201d<\/p>\n<p style=\"text-align: justify;\">Respecto a esto mismo, Luz Cheuquem\u00e1n, participante y egresada del programa, manifest\u00f3: \u201cMi experiencia fue muy buena, harto apoyo de la coordinadora. Participamos en hartas actividades, hartos cursos, que eso te ense\u00f1a para poder seguir trabajando y tener tu propio emprendimiento. Yo estoy feliz porque justo qued\u00e9 cesante y todos estos cursos que tom\u00e9 me han ense\u00f1ado mucho, entonces agradezco e incentivo a las nuevas, que no pierdan el programa, que es muy bueno\u201d.<\/p>\n<p style=\"text-align: justify;\">Adem\u00e1s de acceder a distintos cursos y talleres, las participantes tambi\u00e9n tienen actividades transversales como:<\/p>\n<ul style=\"text-align: justify;\">\n<li>Nivelaci\u00f3n de estudios.<\/li>\n<li>Alfabetizaci\u00f3n digital.<\/li>\n<li>Atenci\u00f3n de salud odontol\u00f3gica para mayores de 50 a\u00f1os, psicol\u00f3gica y general de la mujer.<\/li>\n<li>Otros apoyos para la autonom\u00eda econ\u00f3mica de mujeres dependientes e independientes. Por ejemplo: regularizaci\u00f3n de situaci\u00f3n migratoria, atenciones m\u00e9dicas, psicosociales y jur\u00eddicas, entre otras.<\/li>\n<\/ul>\n<p style=\"text-align: justify;\">Refiri\u00e9ndose a esto, la Seremi de Gobierno, \u00darsula Mix, agreg\u00f3: \u201cEste hermoso programa, entrega herramientas concretas a las mujeres para que se puedan desempe\u00f1ar en el mundo laboral, pero tambi\u00e9n entrega herramientas de otra \u00edndole como por ejemplo el tema dental o el tema de salud. Y esto tambi\u00e9n fortalece la autoestima y este es el primer programa que considera para la participaci\u00f3n de las mujeres, espacios de cuidados para los ni\u00f1os y ni\u00f1as, para que mientras ellas est\u00e9n estudiando o capacit\u00e1ndose, los chicos est\u00e9n en un espacio seguro\u201d.<\/p>\n<p style=\"text-align: justify;\">La Seremi de la Mujer y la Equidad de G\u00e9nero, Isidora Gacit\u00faa Goles, por su parte, destac\u00f3 las acciones que ha emprendido el Gobierno para fortalecer la autonom\u00eda de las mujeres: \u201cA nuestro gobierno nos toc\u00f3 la compleja misi\u00f3n de asumir esta administraci\u00f3n luego de la pandemia, lo que dej\u00f3 en consecuencia el retroceso en 10 a\u00f1os de la participaci\u00f3n laboral de mujeres, es por esto que el gobierno del Presidente Gabriel Boric Font, a trav\u00e9s del Plan Chile Apoya, ha fortalecido las acciones que fortalezcan la autonom\u00eda econ\u00f3mica, por ejemplo, el programa 4 a 7 que contempla ahora tambi\u00e9n su funcionamiento en \u00e9poca estival, porque sabemos que es en las vacaciones cuando m\u00e1s se necesita el apoyo de estos programas. El objetivo del programa Jefas de Hogar es entregar herramientas que permitan empoderar a las mujeres para lograr su autonom\u00eda econ\u00f3mica, lo que sin duda es muy relevante para prevenir la violencia de g\u00e9nero y entregar mejores oportunidades para el desarrollo de las mujeres de la regi\u00f3n. Hoy quiero felicitar a todas las 90 mujeres que participaron de esta convocatoria y recibieron sus certificaciones y le deseo todo el \u00e9xito a todas quienes se vienen integrando a esta experiencia que sin duda ser\u00e1 tremendamente significativa para sus vidas\u201d.<\/p>\n<p style=\"text-align: justify;\">Por su parte Luis Mu\u00f1oz, concejal de Ays\u00e9n, y en representaci\u00f3n del alcalde Luis Mart\u00ednez destac\u00f3 la labor del programa en la comuna y agreg\u00f3: \u201cLa verdad que como Municipio estamos muy contentos de ser parte de este programa desde hace ya bastantes a\u00f1os y esperamos que las mujeres se sigan sumando a estos programas que son relevantes para el bienestar de ellas d\u00eda a d\u00eda. Felicitar a todas las mujeres que hoy ingresan\u201d.<\/p>\n<p style=\"text-align: justify;\">Este programa tiene presencia en las 16 regiones de nuestro pa\u00eds, y en la regi\u00f3n de Ays\u00e9n, se ejecutar\u00e1 en 3 comunas durante este a\u00f1o, siendo beneficiadas las mujeres de Guaitecas, Tortel y Puerto Ays\u00e9n.<\/p>\n<\/div><\/section><\/div><div  style='height:50px' class='hr hr-invisible   avia-builder-el-6  el_after_av_one_full  el_before_av_social_share '><span class='hr-inner ' ><span class='hr-inner-style'><\/span><\/span><\/div><\/p>\n<div  class='av-social-sharing-box  avia-builder-el-7  el_after_av_hr  el_before_av_hr  '><div class='av-share-box'><h5 class='av-share-link-description av-no-toc '>Compartir esta noticia<\/h5><ul class='av-share-box-list noLightbox'><li class='av-share-link av-social-link-facebook' ><a target=\"_blank\" aria-label=\"Compartir en Facebook\" href='https:\/\/www.facebook.com\/sharer.php?u=https:\/\/radiorevelacionfm.cl\/?p=56068&#038;t=Lanzan%20versi%C3%B3n%202025%20del%20exitoso%20Programa%20Mujeres%20Jefas%20de%20Hogar%20en%20Puerto%20Ays%C3%A9n' aria-hidden='false' data-av_icon='\ue8f3' data-av_iconfont='entypo-fontello' title='' data-avia-related-tooltip='Compartir en Facebook' rel=\"noopener\"><span class='avia_hidden_link_text'>Compartir en Facebook<\/span><\/a><\/li><li class='av-share-link av-social-link-twitter' ><a target=\"_blank\" aria-label=\"Compartir en Twitter\" href='https:\/\/twitter.com\/share?text=Lanzan%20versi%C3%B3n%202025%20del%20exitoso%20Programa%20Mujeres%20Jefas%20de%20Hogar%20en%20Puerto%20Ays%C3%A9n&#038;url=https:\/\/radiorevelacionfm.cl\/?p=56068' aria-hidden='false' data-av_icon='\ue8f1' data-av_iconfont='entypo-fontello' title='' data-avia-related-tooltip='Compartir en Twitter' rel=\"noopener\"><span class='avia_hidden_link_text'>Compartir en Twitter<\/span><\/a><\/li><li class='av-share-link av-social-link-whatsapp' ><a target=\"_blank\" aria-label=\"Compartir en Whatsapp\" href='https:\/\/api.whatsapp.com\/send?text=https:\/\/radiorevelacionfm.cl\/?p=56068' aria-hidden='false' data-av_icon='\uf232' data-av_iconfont='entypo-fontello' title='' data-avia-related-tooltip='Compartir en Whatsapp' rel=\"noopener\"><span class='avia_hidden_link_text'>Compartir en Whatsapp<\/span><\/a><\/li><li class='av-share-link av-social-link-linkedin' ><a target=\"_blank\" aria-label=\"Compartir en LinkedIn\" href='https:\/\/linkedin.com\/shareArticle?mini=true&#038;title=Lanzan%20versi%C3%B3n%202025%20del%20exitoso%20Programa%20Mujeres%20Jefas%20de%20Hogar%20en%20Puerto%20Ays%C3%A9n&#038;url=https:\/\/radiorevelacionfm.cl\/?p=56068' aria-hidden='false' data-av_icon='\ue8fc' data-av_iconfont='entypo-fontello' title='' data-avia-related-tooltip='Compartir en LinkedIn' rel=\"noopener\"><span class='avia_hidden_link_text'>Compartir en LinkedIn<\/span><\/a><\/li><li class='av-share-link av-social-link-mail' ><a  aria-label=\"Compartir por correo\" href='mailto:?subject=Lanzan%20versi%C3%B3n%202025%20del%20exitoso%20Programa%20Mujeres%20Jefas%20de%20Hogar%20en%20Puerto%20Ays%C3%A9n&#038;body=https:\/\/radiorevelacionfm.cl\/?p=56068' aria-hidden='false' data-av_icon='\ue805' data-av_iconfont='entypo-fontello' title='' data-avia-related-tooltip='Compartir por correo'><span class='avia_hidden_link_text'>Compartir por correo<\/span><\/a><\/li><\/ul><\/div><\/div>\n<div  style='height:50px' class='hr hr-invisible   avia-builder-el-8  el_after_av_social_share  el_before_av_comments_list '><span class='hr-inner ' ><span class='hr-inner-style'><\/span><\/span><\/div>\n<div  class='av-buildercomment  av-blog-meta-html-info-disabled av-blog-meta-tag-disabled  '><\/div>\n","protected":false},"excerpt":{"rendered":"","protected":false},"author":1,"featured_media":56069,"comment_status":"closed","ping_status":"closed","sticky":false,"template":"","format":"standard","meta":{"footnotes":""},"categories":[38],"tags":[],"class_list":["post-56068","post","type-post","status-publish","format-standard","has-post-thumbnail","hentry","category-regional"],"jetpack_featured_media_url":"https:\/\/radiorevelacionfm.cl\/wp-content\/uploads\/2025\/07\/whatsapp-image-2025-07-03-at-14_optimized.21.49-1-1.jpeg","_links":{"self":[{"href":"https:\/\/radiorevelacionfm.cl\/index.php?rest_route=\/wp\/v2\/posts\/56068","targetHints":{"allow":["GET"]}}],"collection":[{"href":"https:\/\/radiorevelacionfm.cl\/index.php?rest_route=\/wp\/v2\/posts"}],"about":[{"href":"https:\/\/radiorevelacionfm.cl\/index.php?rest_route=\/wp\/v2\/types\/post"}],"author":[{"embeddable":true,"href":"https:\/\/radiorevelacionfm.cl\/index.php?rest_route=\/wp\/v2\/users\/1"}],"replies":[{"embeddable":true,"href":"https:\/\/radiorevelacionfm.cl\/index.php?rest_route=%2Fwp%2Fv2%2Fcomments&post=56068"}],"version-history":[{"count":2,"href":"https:\/\/radiorevelacionfm.cl\/index.php?rest_route=\/wp\/v2\/posts\/56068\/revisions"}],"predecessor-version":[{"id":56094,"href":"https:\/\/radiorevelacionfm.cl\/index.php?rest_route=\/wp\/v2\/posts\/56068\/revisions\/56094"}],"wp:featuredmedia":[{"embeddable":true,"href":"https:\/\/radiorevelacionfm.cl\/index.php?rest_route=\/wp\/v2\/media\/56069"}],"wp:attachment":[{"href":"https:\/\/radiorevelacionfm.cl\/index.php?rest_route=%2Fwp%2Fv2%2Fmedia&parent=56068"}],"wp:term":[{"taxonomy":"category","embeddable":true,"href":"https:\/\/radiorevelacionfm.cl\/index.php?rest_route=%2Fwp%2Fv2%2Fcategories&post=56068"},{"taxonomy":"post_tag","embeddable":true,"href":"https:\/\/radiorevelacionfm.cl\/index.php?rest_route=%2Fwp%2Fv2%2Ftags&post=56068"}],"curies":[{"name":"wp","href":"https:\/\/api.w.org\/{rel}","templated":true}]}}