{"id":56063,"date":"2025-07-04T10:04:47","date_gmt":"2025-07-04T13:04:47","guid":{"rendered":"https:\/\/radiorevelacionfm.cl\/?p=56063"},"modified":"2025-07-04T10:04:47","modified_gmt":"2025-07-04T13:04:47","slug":"senadora-ordenes-y-su-apoyo-a-la-politica-nacional-de-cuidados-aprobar-esta-iniciativa-es-un-paso-adelante","status":"publish","type":"post","link":"https:\/\/radiorevelacionfm.cl\/?p=56063","title":{"rendered":"Senadora \u00d3rdenes y su apoy\u00f3 a la pol\u00edtica nacional de cuidados: aprobar esta iniciativa es un paso adelante"},"content":{"rendered":"<div class=\"flex_column av_one_full  flex_column_div av-zero-column-padding first  avia-builder-el-0  el_before_av_one_full  avia-builder-el-first  \" style='border-radius:0px; '><div  class='avia-image-container  av-styling-    avia-builder-el-1  avia-builder-el-no-sibling  avia-align-center '  itemprop=\"image\" itemscope=\"itemscope\" itemtype=\"https:\/\/schema.org\/ImageObject\"  ><div class='avia-image-container-inner'><div class='avia-image-overlay-wrap'><img decoding=\"async\" class='wp-image-56064 avia-img-lazy-loading-not-56064 avia_image' src=\"https:\/\/radiorevelacionfm.cl\/wp-content\/uploads\/2025\/07\/FOTO-19-1-1.jpeg\" alt='' title='FOTO (19) (1) (1)' height=\"600\" width=\"813\"  itemprop=\"thumbnailUrl\" srcset=\"https:\/\/radiorevelacionfm.cl\/wp-content\/uploads\/2025\/07\/FOTO-19-1-1.jpeg 813w, https:\/\/radiorevelacionfm.cl\/wp-content\/uploads\/2025\/07\/FOTO-19-1-1-300x221.jpeg 300w, https:\/\/radiorevelacionfm.cl\/wp-content\/uploads\/2025\/07\/FOTO-19-1-1-768x567.jpeg 768w, https:\/\/radiorevelacionfm.cl\/wp-content\/uploads\/2025\/07\/FOTO-19-1-1-705x520.jpeg 705w, https:\/\/radiorevelacionfm.cl\/wp-content\/uploads\/2025\/07\/FOTO-19-1-1-450x332.jpeg 450w, https:\/\/radiorevelacionfm.cl\/wp-content\/uploads\/2025\/07\/FOTO-19-1-1-600x443.jpeg 600w\" sizes=\"(max-width: 813px) 100vw, 813px\" \/><\/div><\/div><\/div><\/div><div class=\"flex_column av_one_full  flex_column_div av-zero-column-padding first  avia-builder-el-2  el_after_av_one_full  el_before_av_one_full  column-top-margin\" style='border-radius:0px; '><section class=\"av_textblock_section \"  itemscope=\"itemscope\" itemtype=\"https:\/\/schema.org\/BlogPosting\" itemprop=\"blogPost\" ><div class='avia_textblock  '   itemprop=\"text\" ><p style=\"text-align: center;\"><strong><span style=\"font-size: 18pt;\">Senadora \u00d3rdenes y su apoy\u00f3 a la pol\u00edtica nacional de cuidados: aprobar esta iniciativa es un paso adelante<\/span><\/strong><\/p>\n<div id=\"gtx-trans\" style=\"position: absolute; left: -50px; top: 4.31534px;\">\n<div class=\"gtx-trans-icon\"><\/div>\n<\/div>\n<\/div><\/section><\/div><div class=\"flex_column av_one_full  flex_column_div av-zero-column-padding first  avia-builder-el-4  el_after_av_one_full  el_before_av_hr  column-top-margin\" style='border-radius:0px; '><section class=\"av_textblock_section \"  itemscope=\"itemscope\" itemtype=\"https:\/\/schema.org\/BlogPosting\" itemprop=\"blogPost\" ><div class='avia_textblock  '   itemprop=\"text\" ><p style=\"text-align: justify;\">La tarde de este mi\u00e9rcoles la Sala del Senado Aprob\u00f3 en general el proyecto que reconoce el derecho al cuidado y crea el Sistema Nacional de Apoyos y Cuidados. La representante Aysenina, Ximena \u00d3rdenes Neira, cerr\u00f3 su emotiva intervenci\u00f3n se\u00f1alando que \u201cAprobar esta iniciativa y abocarnos a su discusi\u00f3n en particular para asegurar aspectos claves como su financiamiento y sostenibilidad, es un paso adelante, de esos que marcan huella y nos permiten pensar en un futuro compartido, donde nunca m\u00e1s cuidar sea una labor que se realice en soledad\u201d.<\/p>\n<p style=\"text-align: justify;\">El proyecto busca reconocer el derecho al cuidado en tres dimensiones: cuidar, ser cuidado y autocuidarse, para lo cual, articula una oferta p\u00fablica y promueve la corresponsabilidad social -entre las familias, el Estado y el mercado). Del mismo modo, se hace cargo de la emergencia de los cuidados que vive Chile, donde cerca de un mill\u00f3n de personas ejercen labores de apoyo y cuidado hacia alguien con dependencia.<\/p>\n<p style=\"text-align: justify;\">La senadora \u00d3rdenes, a qui\u00e9n se le reconoce como parte de las y los parlamentarios que est\u00e1n impulsando el proyecto desde la regi\u00f3n de Ays\u00e9n, sostuvo que, \u201cNo es que no haya pol\u00edtica p\u00fablica actualmente que se haga cargo de alguna de las dimensiones que tiene el cuidado en Chile, pero claramente hay que articularlo, hay que generar una coordinaci\u00f3n para que a futuro tambi\u00e9n contemos con una pol\u00edtica de Estado y esto no dependa de la voluntad de un determinado gobierno, sino que demos garant\u00eda a futuro para las familias chilenas y especialmente para los cuidadores y cuidadoras\u201d.<\/p>\n<p style=\"text-align: justify;\">La legisladora destac\u00f3 que esta iniciativa es fruto de un proceso de di\u00e1logos coordinado por el Gobierno y ONU Mujeres, que congreg\u00f3 a casi 13.000 personas. Del mismo modo tambi\u00e9n relev\u00f3 el rol que cumplieron las organizaciones de cuidadoras, saludando a la tribuna donde se encontraban varios grupos de representantes. \u201cEsta iniciativa se hizo cargo de la emergencia de los cuidados que vive nuestro pa\u00eds, sentando las bases para un nuevo pacto social donde el cuidado sea reconocido como un pilar de desarrollo, porque sin los cuidados, el resto de las tareas de una sociedad no podr\u00edan funcionar\u201d<\/p>\n<p style=\"text-align: justify;\">\u201cLos datos son bien elocuentes\u201d, continu\u00f3 \u00d3rdenes. \u201cEl trabajo de cuidados no remunerados representa cerca de 1\/4 del PIB ampliado del pa\u00eds. Esto no es solo desigualdad de g\u00e9nero, presidente, es un problema estructural que limita la autonom\u00eda econ\u00f3mica, la salud mental y el desarrollo integral a nivel nacional. En ese contexto, el proyecto avanza en crear una institucionalidad robusta\u201d, recalc\u00f3.<\/p>\n<p style=\"text-align: justify;\">La representante de Ays\u00e9n en el Senado destac\u00f3 tambi\u00e9n que: \u201cSe reconocen los cuidados no remunerados como un trabajo que contribuye al desarrollo econ\u00f3mico y social del pa\u00eds, incluyendo un programa especial para el acompa\u00f1amiento y la atenci\u00f3n de las personas con dependencias o personas cuidadoras no remuneradas\u201d.<\/p>\n<p style=\"text-align: justify;\">Finalmente, \u00d3rdenes valor\u00f3 los avances que se han hecho a nivel pa\u00eds, poniendo como ejemplo el que en abril de este a\u00f1o se inaugur\u00f3 el primer Centro Comunitario de Cuidados de la Regi\u00f3n de Ays\u00e9n, en la comuna de Puerto Ays\u00e9n y valor\u00f3 la posibilidad que traer\u00e1 esta Ley Marco al resto de localidades.<\/p>\n<p style=\"text-align: justify;\">\u201cEste no es un proyecto solo para mujeres, ni solo para personas con dependencia, es una ley para todos, porque el cuidado es la base de una sociedad que valora la vida digna y m\u00e1s a\u00fan en un pa\u00eds como el nuestro, donde para el a\u00f1o 2050 se espera que casi 1\/3 de la poblaci\u00f3n sea mayor de 60 a\u00f1os\u201d cerr\u00f3 la parlamentaria.<\/p>\n<\/div><\/section><\/div><div  style='height:50px' class='hr hr-invisible   avia-builder-el-6  el_after_av_one_full  el_before_av_social_share '><span class='hr-inner ' ><span class='hr-inner-style'><\/span><\/span><\/div><\/p>\n<div  class='av-social-sharing-box  avia-builder-el-7  el_after_av_hr  el_before_av_hr  '><div class='av-share-box'><h5 class='av-share-link-description av-no-toc '>Compartir esta noticia<\/h5><ul class='av-share-box-list noLightbox'><li class='av-share-link av-social-link-facebook' ><a target=\"_blank\" aria-label=\"Compartir en Facebook\" href='https:\/\/www.facebook.com\/sharer.php?u=https:\/\/radiorevelacionfm.cl\/?p=56063&#038;t=Senadora%20%C3%93rdenes%20y%20su%20apoy%C3%B3%20a%20la%20pol%C3%ADtica%20nacional%20de%20cuidados%3A%20aprobar%20esta%20iniciativa%20es%20un%20paso%20adelante' aria-hidden='false' data-av_icon='\ue8f3' data-av_iconfont='entypo-fontello' title='' data-avia-related-tooltip='Compartir en Facebook' rel=\"noopener\"><span class='avia_hidden_link_text'>Compartir en Facebook<\/span><\/a><\/li><li class='av-share-link av-social-link-twitter' ><a target=\"_blank\" aria-label=\"Compartir en Twitter\" href='https:\/\/twitter.com\/share?text=Senadora%20%C3%93rdenes%20y%20su%20apoy%C3%B3%20a%20la%20pol%C3%ADtica%20nacional%20de%20cuidados%3A%20aprobar%20esta%20iniciativa%20es%20un%20paso%20adelante&#038;url=https:\/\/radiorevelacionfm.cl\/?p=56063' aria-hidden='false' data-av_icon='\ue8f1' data-av_iconfont='entypo-fontello' title='' data-avia-related-tooltip='Compartir en Twitter' rel=\"noopener\"><span class='avia_hidden_link_text'>Compartir en Twitter<\/span><\/a><\/li><li class='av-share-link av-social-link-whatsapp' ><a target=\"_blank\" aria-label=\"Compartir en Whatsapp\" href='https:\/\/api.whatsapp.com\/send?text=https:\/\/radiorevelacionfm.cl\/?p=56063' aria-hidden='false' data-av_icon='\uf232' data-av_iconfont='entypo-fontello' title='' data-avia-related-tooltip='Compartir en Whatsapp' rel=\"noopener\"><span class='avia_hidden_link_text'>Compartir en Whatsapp<\/span><\/a><\/li><li class='av-share-link av-social-link-linkedin' ><a target=\"_blank\" aria-label=\"Compartir en LinkedIn\" href='https:\/\/linkedin.com\/shareArticle?mini=true&#038;title=Senadora%20%C3%93rdenes%20y%20su%20apoy%C3%B3%20a%20la%20pol%C3%ADtica%20nacional%20de%20cuidados%3A%20aprobar%20esta%20iniciativa%20es%20un%20paso%20adelante&#038;url=https:\/\/radiorevelacionfm.cl\/?p=56063' aria-hidden='false' data-av_icon='\ue8fc' data-av_iconfont='entypo-fontello' title='' data-avia-related-tooltip='Compartir en LinkedIn' rel=\"noopener\"><span class='avia_hidden_link_text'>Compartir en LinkedIn<\/span><\/a><\/li><li class='av-share-link av-social-link-mail' ><a  aria-label=\"Compartir por correo\" href='mailto:?subject=Senadora%20%C3%93rdenes%20y%20su%20apoy%C3%B3%20a%20la%20pol%C3%ADtica%20nacional%20de%20cuidados%3A%20aprobar%20esta%20iniciativa%20es%20un%20paso%20adelante&#038;body=https:\/\/radiorevelacionfm.cl\/?p=56063' aria-hidden='false' data-av_icon='\ue805' data-av_iconfont='entypo-fontello' title='' data-avia-related-tooltip='Compartir por correo'><span class='avia_hidden_link_text'>Compartir por correo<\/span><\/a><\/li><\/ul><\/div><\/div>\n<div  style='height:50px' class='hr hr-invisible   avia-builder-el-8  el_after_av_social_share  el_before_av_comments_list '><span class='hr-inner ' ><span class='hr-inner-style'><\/span><\/span><\/div>\n<div  class='av-buildercomment  av-blog-meta-html-info-disabled av-blog-meta-tag-disabled  '><\/div>\n","protected":false},"excerpt":{"rendered":"","protected":false},"author":1,"featured_media":56064,"comment_status":"closed","ping_status":"closed","sticky":false,"template":"","format":"standard","meta":{"footnotes":""},"categories":[35],"tags":[],"class_list":["post-56063","post","type-post","status-publish","format-standard","has-post-thumbnail","hentry","category-politica"],"jetpack_featured_media_url":"https:\/\/radiorevelacionfm.cl\/wp-content\/uploads\/2025\/07\/FOTO-19-1-1.jpeg","_links":{"self":[{"href":"https:\/\/radiorevelacionfm.cl\/index.php?rest_route=\/wp\/v2\/posts\/56063","targetHints":{"allow":["GET"]}}],"collection":[{"href":"https:\/\/radiorevelacionfm.cl\/index.php?rest_route=\/wp\/v2\/posts"}],"about":[{"href":"https:\/\/radiorevelacionfm.cl\/index.php?rest_route=\/wp\/v2\/types\/post"}],"author":[{"embeddable":true,"href":"https:\/\/radiorevelacionfm.cl\/index.php?rest_route=\/wp\/v2\/users\/1"}],"replies":[{"embeddable":true,"href":"https:\/\/radiorevelacionfm.cl\/index.php?rest_route=%2Fwp%2Fv2%2Fcomments&post=56063"}],"version-history":[{"count":2,"href":"https:\/\/radiorevelacionfm.cl\/index.php?rest_route=\/wp\/v2\/posts\/56063\/revisions"}],"predecessor-version":[{"id":56097,"href":"https:\/\/radiorevelacionfm.cl\/index.php?rest_route=\/wp\/v2\/posts\/56063\/revisions\/56097"}],"wp:featuredmedia":[{"embeddable":true,"href":"https:\/\/radiorevelacionfm.cl\/index.php?rest_route=\/wp\/v2\/media\/56064"}],"wp:attachment":[{"href":"https:\/\/radiorevelacionfm.cl\/index.php?rest_route=%2Fwp%2Fv2%2Fmedia&parent=56063"}],"wp:term":[{"taxonomy":"category","embeddable":true,"href":"https:\/\/radiorevelacionfm.cl\/index.php?rest_route=%2Fwp%2Fv2%2Fcategories&post=56063"},{"taxonomy":"post_tag","embeddable":true,"href":"https:\/\/radiorevelacionfm.cl\/index.php?rest_route=%2Fwp%2Fv2%2Ftags&post=56063"}],"curies":[{"name":"wp","href":"https:\/\/api.w.org\/{rel}","templated":true}]}}