{"id":56056,"date":"2025-07-03T16:50:25","date_gmt":"2025-07-03T19:50:25","guid":{"rendered":"https:\/\/radiorevelacionfm.cl\/?p=56056"},"modified":"2025-07-03T16:50:58","modified_gmt":"2025-07-03T19:50:58","slug":"seremi-del-deporte-sobre-episodios-de-mala-calidad-ambiental-el-llamado-es-a-no-dejar-de-hacer-actividad-fisica-sino-que-a-bajar-la-intensidad-y-ejercitarse-en-un-espacio-o-recinto-cerrado","status":"publish","type":"post","link":"https:\/\/radiorevelacionfm.cl\/?p=56056","title":{"rendered":"Seremi del Deporte sobre episodios de mala calidad del aire: \u00abEl llamado es a no dejar de hacer actividad f\u00edsica sino que a bajar la intensidad y ejercitarse en un espacio o recinto cerrado\u00bb"},"content":{"rendered":"<div class=\"flex_column av_one_full  flex_column_div av-zero-column-padding first  avia-builder-el-0  el_before_av_one_full  avia-builder-el-first  \" style='border-radius:0px; '><div  class='avia-image-container  av-styling-    avia-builder-el-1  avia-builder-el-no-sibling  avia-align-center '  itemprop=\"image\" itemscope=\"itemscope\" itemtype=\"https:\/\/schema.org\/ImageObject\"  ><div class='avia-image-container-inner'><div class='avia-image-overlay-wrap'><img decoding=\"async\" class='wp-image-56057 avia-img-lazy-loading-not-56057 avia_image' src=\"https:\/\/radiorevelacionfm.cl\/wp-content\/uploads\/2025\/07\/canchas1-2-1_optimized-1.jpg\" alt='' title='canchas1-(2)-(1)_optimized (1)' height=\"600\" width=\"800\"  itemprop=\"thumbnailUrl\" srcset=\"https:\/\/radiorevelacionfm.cl\/wp-content\/uploads\/2025\/07\/canchas1-2-1_optimized-1.jpg 800w, https:\/\/radiorevelacionfm.cl\/wp-content\/uploads\/2025\/07\/canchas1-2-1_optimized-1-300x225.jpg 300w, https:\/\/radiorevelacionfm.cl\/wp-content\/uploads\/2025\/07\/canchas1-2-1_optimized-1-768x576.jpg 768w, https:\/\/radiorevelacionfm.cl\/wp-content\/uploads\/2025\/07\/canchas1-2-1_optimized-1-705x529.jpg 705w, https:\/\/radiorevelacionfm.cl\/wp-content\/uploads\/2025\/07\/canchas1-2-1_optimized-1-450x338.jpg 450w, https:\/\/radiorevelacionfm.cl\/wp-content\/uploads\/2025\/07\/canchas1-2-1_optimized-1-600x450.jpg 600w\" sizes=\"(max-width: 800px) 100vw, 800px\" \/><\/div><\/div><\/div><\/div>\n<div class=\"flex_column av_one_full  flex_column_div av-zero-column-padding first  avia-builder-el-2  el_after_av_one_full  el_before_av_one_full  column-top-margin\" style='border-radius:0px; '><section class=\"av_textblock_section \"  itemscope=\"itemscope\" itemtype=\"https:\/\/schema.org\/BlogPosting\" itemprop=\"blogPost\" ><div class='avia_textblock  '   itemprop=\"text\" ><p style=\"text-align: center;\"><strong><span style=\"font-size: 18pt;\">Seremi del Deporte sobre episodios de mala calidad del aire: \u00abEl llamado es a no dejar de hacer actividad f\u00edsica sino que a bajar la intensidad y ejercitarse en un espacio o recinto cerrado\u00bb<\/span><\/strong><\/p>\n<div id=\"gtx-trans\" style=\"position: absolute; left: -50px; top: 4.31534px;\">\n<div class=\"gtx-trans-icon\"><\/div>\n<\/div>\n<\/div><\/section><\/div><div class=\"flex_column av_one_full  flex_column_div av-zero-column-padding first  avia-builder-el-4  el_after_av_one_full  el_before_av_hr  column-top-margin\" style='border-radius:0px; '><section class=\"av_textblock_section \"  itemscope=\"itemscope\" itemtype=\"https:\/\/schema.org\/BlogPosting\" itemprop=\"blogPost\" ><div class='avia_textblock  '   itemprop=\"text\" ><p style=\"text-align: justify;\">La institucionalidad deportiva compuesta por Mindep e IND, suscriben a las recomendaciones del Ministerio de Salud, que se\u00f1ala\u00a0en caso de Preemergencia y Emergencia ambiental\u00a0la realizaci\u00f3n de actividad f\u00edsica sea de intensidad ligera, evitando\u00a0esfuerzos f\u00edsicos prolongados o muy intensos. Por ello, tanto la\u00a0<em>pista atl\u00e9tica como las canchas de f\u00fatbol del Estadio Regional IND de Coyhaique permanecer\u00e1n cerradas al p\u00fablico.<\/em><\/p>\n<p style=\"text-align: justify;\">En los d\u00edas con Preemergencia y Emergencia Ambiental,\u00a0respirar aire contaminado por el humo de la le\u00f1a, afecta la salud de las personas y realizar actividad f\u00edsica intensa al aire libre puede agravar enfermedades respiratorias en adultos mayores, ni\u00f1os y ni\u00f1os, embarazadas y pacientes cr\u00f3nicos.<\/p>\n<p style=\"text-align: justify;\">Es as\u00ed, como en el contexto de GEC (Plan de Gesti\u00f3n de Episodios Cr\u00edticos de Contaminaci\u00f3n Atmosf\u00e9rica) que se implementa durante el periodo comprendido entre el 1\u00ba de abril y 30 de septiembre de cada a\u00f1o, se refuerzan medidas de prevenci\u00f3n y mitigaci\u00f3n con la participaci\u00f3n de distintos organismos y servicios p\u00fablicos competentes.<\/p>\n<p style=\"text-align: justify;\">Al respecto, Mar\u00eda Eugenia Dur\u00e1n Jara, Seremi del Deporte, se\u00f1al\u00f3:\u00a0<em>\u00abEn d\u00edas, donde la contaminaci\u00f3n del aire resulta en\u00a0Preemergencia o Emergencia Ambiental, queremos reforzar las recomendaciones del Ministerio de Salud: Bajar la intensidad en espacios cerrados y evitar su pr\u00e1ctica al aire libre, ya que realizar actividad f\u00edsica intensa, sobre todo en espacios abiertos, puede afectar negativamente el sistema respiratorio\u00bb.<\/em><\/p>\n<p style=\"text-align: justify;\">La autoridad del deporte adem\u00e1s puntualiz\u00f3 que:<em>\u00a0\u00abEstas recomendaciones, no son nuevas, sin embargo, nos han llegado muchas consultas y tambi\u00e9n nos hemos percatado que un porcentaje de nuestros usuarios del Estadio Regional de IND de Coyhaique, siguen realizando sus entrenamientos al aire libre, sin tomar estos resguardos. Por ello, hemos decidido ir un poco m\u00e1s all\u00e1 y tomar acci\u00f3n sobre el recinto,\u00a0cerrando aquellas zonas deportivas donde se practica actividad f\u00edsica al aire libre, pista atl\u00e9tica y cancha de f\u00fatbol, en d\u00edas de preemergencia y emergencia ambiental.\u00a0<\/em>Respecto de los talleres que imparte IND en espacios cerrados, todos los a\u00f1os, se refuerza que en d\u00edas donde la calidad del aire no es buena, la actividad debe adaptarse bajando la intensidad del ejercicio, si esto no es posible, la actividad debe programarse para otra fecha y\/o lugar.\u00a0Si bien, no tenemos potestad sobre todos los recintos deportivos ni sobre las decisiones de cada persona, con estas medidas, buscamos reforzar el llamado al autocuidado en la comunidad\u00bb.\u00a0Concluy\u00f3.<\/p>\n<p style=\"text-align: justify;\">Asimismo, el Seremi de Medioambiente: Yoal D\u00edaz Reyes, se\u00f1al\u00f3:\u00a0<em>\u00abDesde el primero de abril al 30 de septiembre en Coyhaique activamos la Gesti\u00f3n de Episodios Cr\u00edticos GEC, para prevenir y accionar respecto de los episodios de contaminaci\u00f3n atmosf\u00e9rica y para el resguardo del medio ambiente y la salud de nuestras familias. En ese sentido, la recomendaci\u00f3n para los episodios de Alerta, Preemergencia y Emergencia es realizar actividad f\u00edsica de baja intensidad en espacios cerrados. Invitamos a la comunidad a no exponerse y a revisar diariamente el pron\u00f3stico de la calidad del aire en las redes sociales de nuestra Seremi y en la p\u00e1gina web\u00a0<a href=\"http:\/\/airecoyhaique.mma.gob.cl\/\">airecoyhaique.mma.gob.cl<\/a>\u00ab.<\/em><\/p>\n<p style=\"text-align: justify;\">Es importante se\u00f1alar que el\u00a0pron\u00f3stico de calidad del aire\u00a0se publica diariamente, a partir del 30 de abril, en\u00a0redes sociales de la Seremi del Medio Ambiente Ays\u00e9n\u00a0y en\u00a0<a href=\"http:\/\/sinca.mma.gob.cl\/\">sinca.mma.gob.cl<\/a><\/p>\n<\/div><\/section><\/div><\/p>\n<div  style='height:50px' class='hr hr-invisible   avia-builder-el-6  el_after_av_one_full  el_before_av_social_share '><span class='hr-inner ' ><span class='hr-inner-style'><\/span><\/span><\/div>\n<div  class='av-social-sharing-box  avia-builder-el-7  el_after_av_hr  el_before_av_hr  '><div class='av-share-box'><h5 class='av-share-link-description av-no-toc '>Compartir esta noticia<\/h5><ul class='av-share-box-list noLightbox'><li class='av-share-link av-social-link-facebook' ><a target=\"_blank\" aria-label=\"Compartir en Facebook\" href='https:\/\/www.facebook.com\/sharer.php?u=https:\/\/radiorevelacionfm.cl\/?p=56056&#038;t=Seremi%20del%20Deporte%20sobre%20episodios%20de%20mala%20calidad%20del%20aire%3A%20%C2%ABEl%20llamado%20es%20a%20no%20dejar%20de%20hacer%20actividad%20f%C3%ADsica%20sino%20que%20a%20bajar%20la%20intensidad%20y%20ejercitarse%20en%20un%20espacio%20o%20recinto%20cerrado%C2%BB' aria-hidden='false' data-av_icon='\ue8f3' data-av_iconfont='entypo-fontello' title='' data-avia-related-tooltip='Compartir en Facebook' rel=\"noopener\"><span class='avia_hidden_link_text'>Compartir en Facebook<\/span><\/a><\/li><li class='av-share-link av-social-link-twitter' ><a target=\"_blank\" aria-label=\"Compartir en Twitter\" href='https:\/\/twitter.com\/share?text=Seremi%20del%20Deporte%20sobre%20episodios%20de%20mala%20calidad%20del%20aire%3A%20%C2%ABEl%20llamado%20es%20a%20no%20dejar%20de%20hacer%20actividad%20f%C3%ADsica%20sino%20que%20a%20bajar%20la%20intensidad%20y%20ejercitarse%20en%20un%20espacio%20o%20recinto%20cerrado%C2%BB&#038;url=https:\/\/radiorevelacionfm.cl\/?p=56056' aria-hidden='false' data-av_icon='\ue8f1' data-av_iconfont='entypo-fontello' title='' data-avia-related-tooltip='Compartir en Twitter' rel=\"noopener\"><span class='avia_hidden_link_text'>Compartir en Twitter<\/span><\/a><\/li><li class='av-share-link av-social-link-whatsapp' ><a target=\"_blank\" aria-label=\"Compartir en Whatsapp\" href='https:\/\/api.whatsapp.com\/send?text=https:\/\/radiorevelacionfm.cl\/?p=56056' aria-hidden='false' data-av_icon='\uf232' data-av_iconfont='entypo-fontello' title='' data-avia-related-tooltip='Compartir en Whatsapp' rel=\"noopener\"><span class='avia_hidden_link_text'>Compartir en Whatsapp<\/span><\/a><\/li><li class='av-share-link av-social-link-linkedin' ><a target=\"_blank\" aria-label=\"Compartir en LinkedIn\" href='https:\/\/linkedin.com\/shareArticle?mini=true&#038;title=Seremi%20del%20Deporte%20sobre%20episodios%20de%20mala%20calidad%20del%20aire%3A%20%C2%ABEl%20llamado%20es%20a%20no%20dejar%20de%20hacer%20actividad%20f%C3%ADsica%20sino%20que%20a%20bajar%20la%20intensidad%20y%20ejercitarse%20en%20un%20espacio%20o%20recinto%20cerrado%C2%BB&#038;url=https:\/\/radiorevelacionfm.cl\/?p=56056' aria-hidden='false' data-av_icon='\ue8fc' data-av_iconfont='entypo-fontello' title='' data-avia-related-tooltip='Compartir en LinkedIn' rel=\"noopener\"><span class='avia_hidden_link_text'>Compartir en LinkedIn<\/span><\/a><\/li><li class='av-share-link av-social-link-mail' ><a  aria-label=\"Compartir por correo\" href='mailto:?subject=Seremi%20del%20Deporte%20sobre%20episodios%20de%20mala%20calidad%20del%20aire%3A%20%C2%ABEl%20llamado%20es%20a%20no%20dejar%20de%20hacer%20actividad%20f%C3%ADsica%20sino%20que%20a%20bajar%20la%20intensidad%20y%20ejercitarse%20en%20un%20espacio%20o%20recinto%20cerrado%C2%BB&#038;body=https:\/\/radiorevelacionfm.cl\/?p=56056' aria-hidden='false' data-av_icon='\ue805' data-av_iconfont='entypo-fontello' title='' data-avia-related-tooltip='Compartir por correo'><span class='avia_hidden_link_text'>Compartir por correo<\/span><\/a><\/li><\/ul><\/div><\/div>\n<div  style='height:50px' class='hr hr-invisible   avia-builder-el-8  el_after_av_social_share  el_before_av_comments_list '><span class='hr-inner ' ><span class='hr-inner-style'><\/span><\/span><\/div>\n<div  class='av-buildercomment  av-blog-meta-html-info-disabled av-blog-meta-tag-disabled  '><\/div>\n","protected":false},"excerpt":{"rendered":"","protected":false},"author":1,"featured_media":56057,"comment_status":"closed","ping_status":"closed","sticky":false,"template":"","format":"standard","meta":{"footnotes":""},"categories":[40],"tags":[],"class_list":["post-56056","post","type-post","status-publish","format-standard","has-post-thumbnail","hentry","category-deportes"],"jetpack_featured_media_url":"https:\/\/radiorevelacionfm.cl\/wp-content\/uploads\/2025\/07\/canchas1-2-1_optimized-1.jpg","_links":{"self":[{"href":"https:\/\/radiorevelacionfm.cl\/index.php?rest_route=\/wp\/v2\/posts\/56056","targetHints":{"allow":["GET"]}}],"collection":[{"href":"https:\/\/radiorevelacionfm.cl\/index.php?rest_route=\/wp\/v2\/posts"}],"about":[{"href":"https:\/\/radiorevelacionfm.cl\/index.php?rest_route=\/wp\/v2\/types\/post"}],"author":[{"embeddable":true,"href":"https:\/\/radiorevelacionfm.cl\/index.php?rest_route=\/wp\/v2\/users\/1"}],"replies":[{"embeddable":true,"href":"https:\/\/radiorevelacionfm.cl\/index.php?rest_route=%2Fwp%2Fv2%2Fcomments&post=56056"}],"version-history":[{"count":3,"href":"https:\/\/radiorevelacionfm.cl\/index.php?rest_route=\/wp\/v2\/posts\/56056\/revisions"}],"predecessor-version":[{"id":56072,"href":"https:\/\/radiorevelacionfm.cl\/index.php?rest_route=\/wp\/v2\/posts\/56056\/revisions\/56072"}],"wp:featuredmedia":[{"embeddable":true,"href":"https:\/\/radiorevelacionfm.cl\/index.php?rest_route=\/wp\/v2\/media\/56057"}],"wp:attachment":[{"href":"https:\/\/radiorevelacionfm.cl\/index.php?rest_route=%2Fwp%2Fv2%2Fmedia&parent=56056"}],"wp:term":[{"taxonomy":"category","embeddable":true,"href":"https:\/\/radiorevelacionfm.cl\/index.php?rest_route=%2Fwp%2Fv2%2Fcategories&post=56056"},{"taxonomy":"post_tag","embeddable":true,"href":"https:\/\/radiorevelacionfm.cl\/index.php?rest_route=%2Fwp%2Fv2%2Ftags&post=56056"}],"curies":[{"name":"wp","href":"https:\/\/api.w.org\/{rel}","templated":true}]}}