{"id":56051,"date":"2025-07-03T14:58:24","date_gmt":"2025-07-03T17:58:24","guid":{"rendered":"https:\/\/radiorevelacionfm.cl\/?p=56051"},"modified":"2025-07-03T14:58:24","modified_gmt":"2025-07-03T17:58:24","slug":"escuela-gabriela-mistral-de-puerto-rio-tranquilo-se-suma-a-la-campana-patagonia-ponte-las-pilas","status":"publish","type":"post","link":"https:\/\/radiorevelacionfm.cl\/?p=56051","title":{"rendered":"Escuela Gabriela Mistral de Puerto R\u00edo Tranquilo se suma a la campa\u00f1a \u201cPatagonia ponte las pilas\u201d"},"content":{"rendered":"<div class=\"flex_column av_one_full  flex_column_div av-zero-column-padding first  avia-builder-el-0  el_before_av_one_full  avia-builder-el-first  \" style='border-radius:0px; '><div  class='avia-image-container  av-styling-    avia-builder-el-1  avia-builder-el-no-sibling  avia-align-center '  itemprop=\"image\" itemscope=\"itemscope\" itemtype=\"https:\/\/schema.org\/ImageObject\"  ><div class='avia-image-container-inner'><div class='avia-image-overlay-wrap'><img decoding=\"async\" class='wp-image-56052 avia-img-lazy-loading-not-56052 avia_image' src=\"https:\/\/radiorevelacionfm.cl\/wp-content\/uploads\/2025\/07\/pilas-pto-tranquilo0-1_optimized.jpeg\" alt='' title='pilas-pto-tranquilo0-(1)_optimized' height=\"600\" width=\"800\"  itemprop=\"thumbnailUrl\" srcset=\"https:\/\/radiorevelacionfm.cl\/wp-content\/uploads\/2025\/07\/pilas-pto-tranquilo0-1_optimized.jpeg 800w, https:\/\/radiorevelacionfm.cl\/wp-content\/uploads\/2025\/07\/pilas-pto-tranquilo0-1_optimized-300x225.jpeg 300w, https:\/\/radiorevelacionfm.cl\/wp-content\/uploads\/2025\/07\/pilas-pto-tranquilo0-1_optimized-768x576.jpeg 768w, https:\/\/radiorevelacionfm.cl\/wp-content\/uploads\/2025\/07\/pilas-pto-tranquilo0-1_optimized-705x529.jpeg 705w, https:\/\/radiorevelacionfm.cl\/wp-content\/uploads\/2025\/07\/pilas-pto-tranquilo0-1_optimized-450x338.jpeg 450w, https:\/\/radiorevelacionfm.cl\/wp-content\/uploads\/2025\/07\/pilas-pto-tranquilo0-1_optimized-600x450.jpeg 600w\" sizes=\"(max-width: 800px) 100vw, 800px\" \/><\/div><\/div><\/div><\/div><div class=\"flex_column av_one_full  flex_column_div av-zero-column-padding first  avia-builder-el-2  el_after_av_one_full  el_before_av_one_full  column-top-margin\" style='border-radius:0px; '><section class=\"av_textblock_section \"  itemscope=\"itemscope\" itemtype=\"https:\/\/schema.org\/BlogPosting\" itemprop=\"blogPost\" ><div class='avia_textblock  '   itemprop=\"text\" ><p style=\"text-align: center;\"><strong><span style=\"font-size: 18pt;\">Escuela Gabriela Mistral de Puerto R\u00edo Tranquilo se suma a la campa\u00f1a \u201cPatagonia ponte las pilas\u201d <\/span><\/strong><\/p>\n<div id=\"gtx-trans\" style=\"position: absolute; left: -50px; top: 4.31534px;\">\n<div class=\"gtx-trans-icon\"><\/div>\n<\/div>\n<\/div><\/section><\/div><div class=\"flex_column av_one_full  flex_column_div av-zero-column-padding first  avia-builder-el-4  el_after_av_one_full  el_before_av_hr  column-top-margin\" style='border-radius:0px; '><section class=\"av_textblock_section \"  itemscope=\"itemscope\" itemtype=\"https:\/\/schema.org\/BlogPosting\" itemprop=\"blogPost\" ><div class='avia_textblock  '   itemprop=\"text\" ><p style=\"text-align: justify;\"><em>El establecimiento reforz\u00f3 su compromiso con el cuidado del medio ambiente, sum\u00e1ndose a la iniciativa que tiene por objetivo la promoci\u00f3n del almacenaje seguro de pilas en desuso.<\/em><\/p>\n<p style=\"text-align: justify;\">La escuela Gabriela Mistral de Puerto R\u00edo Tranquilo, localidad de R\u00edo Ib\u00e1\u00f1ez, es parte de la campa\u00f1a \u201cPatagonia ponte las pilas\u201d de Edelaysen, que cada vez suma m\u00e1s adherentes en esta cruzada por fomentar la recolecci\u00f3n y disposici\u00f3n responsable de pilas en desuso.<\/p>\n<p style=\"text-align: justify;\">Gracias a la instalaci\u00f3n de un punto de recolecci\u00f3n en el establecimiento, la comunidad escolar podr\u00e1 depositar pilas en desuso en un lugar seguro, evitando que estos residuos lleguen a vertederos o al entorno natural.<\/p>\n<p style=\"text-align: justify;\">Yasna Vera, ejecutiva de relacionamiento de Edelaysen coment\u00f3: \u201cEstamos muy contentos de que la Escuela Gabriela Mistral se haya sumado a esta iniciativa. Cada punto de recolecci\u00f3n que instalamos es una oportunidad para generar conciencia sobre la correcta disposici\u00f3n de estos residuos y el cuidado y protecci\u00f3n de nuestro entorno. Desde luego que agradecemos el compromiso de la Escuela de Puerto R\u00edo Tranquilo, porque con su participaci\u00f3n est\u00e1n contribuyendo a este desaf\u00edo que tenemos como regi\u00f3n que es mantener y cuidar nuestra Patagonia\u201d.<\/p>\n<p style=\"text-align: justify;\">Por su parte, M\u00f3nica Arellano, profesora encargada del establecimiento destac\u00f3: \u201cVamos a extender esta invitaci\u00f3n tanto a nuestros estudiantes, nuestros apoderados y la comunidad en general, para que podamos recolectar estas pilas, se puedan almacenar para evitar de que se produzca la contaminaci\u00f3n del medio ambiente. Como escuela, vivimos en un contexto tur\u00edstico y natural, que valoramos mucho y ese es el mensaje que le entregamos a nuestros estudiantes de Puerto R\u00edo Tranquilo, en una zona tur\u00edstica de bellezas naturales y somos responsables nosotros de cuidarla, as\u00ed es que la invitaci\u00f3n est\u00e1 hecha para toda la comunidad de poder motivarnos para tomar esa pila y llevarla a un contenedor\u201d.<\/p>\n<p style=\"text-align: justify;\">Este nuevo punto de almacenaje de pilas se suma al ya habilitado en las dependencias de la delegaci\u00f3n municipal de la localidad, fortaleciendo de esta manera, la red de almacenamiento seguro de estos nocivos elementos en una campa\u00f1a que estar\u00e1 activa hasta el 30 de noviembre en toda la regi\u00f3n.<\/p>\n<\/div><\/section><\/div><div  style='height:50px' class='hr hr-invisible   avia-builder-el-6  el_after_av_one_full  el_before_av_social_share '><span class='hr-inner ' ><span class='hr-inner-style'><\/span><\/span><\/div><\/p>\n<div  class='av-social-sharing-box  avia-builder-el-7  el_after_av_hr  el_before_av_hr  '><div class='av-share-box'><h5 class='av-share-link-description av-no-toc '>Compartir esta noticia<\/h5><ul class='av-share-box-list noLightbox'><li class='av-share-link av-social-link-facebook' ><a target=\"_blank\" aria-label=\"Compartir en Facebook\" href='https:\/\/www.facebook.com\/sharer.php?u=https:\/\/radiorevelacionfm.cl\/?p=56051&#038;t=Escuela%20Gabriela%20Mistral%20de%20Puerto%20R%C3%ADo%20Tranquilo%20se%20suma%20a%20la%20campa%C3%B1a%20%E2%80%9CPatagonia%20ponte%20las%20pilas%E2%80%9D' aria-hidden='false' data-av_icon='\ue8f3' data-av_iconfont='entypo-fontello' title='' data-avia-related-tooltip='Compartir en Facebook' rel=\"noopener\"><span class='avia_hidden_link_text'>Compartir en Facebook<\/span><\/a><\/li><li class='av-share-link av-social-link-twitter' ><a target=\"_blank\" aria-label=\"Compartir en Twitter\" href='https:\/\/twitter.com\/share?text=Escuela%20Gabriela%20Mistral%20de%20Puerto%20R%C3%ADo%20Tranquilo%20se%20suma%20a%20la%20campa%C3%B1a%20%E2%80%9CPatagonia%20ponte%20las%20pilas%E2%80%9D&#038;url=https:\/\/radiorevelacionfm.cl\/?p=56051' aria-hidden='false' data-av_icon='\ue8f1' data-av_iconfont='entypo-fontello' title='' data-avia-related-tooltip='Compartir en Twitter' rel=\"noopener\"><span class='avia_hidden_link_text'>Compartir en Twitter<\/span><\/a><\/li><li class='av-share-link av-social-link-whatsapp' ><a target=\"_blank\" aria-label=\"Compartir en Whatsapp\" href='https:\/\/api.whatsapp.com\/send?text=https:\/\/radiorevelacionfm.cl\/?p=56051' aria-hidden='false' data-av_icon='\uf232' data-av_iconfont='entypo-fontello' title='' data-avia-related-tooltip='Compartir en Whatsapp' rel=\"noopener\"><span class='avia_hidden_link_text'>Compartir en Whatsapp<\/span><\/a><\/li><li class='av-share-link av-social-link-linkedin' ><a target=\"_blank\" aria-label=\"Compartir en LinkedIn\" href='https:\/\/linkedin.com\/shareArticle?mini=true&#038;title=Escuela%20Gabriela%20Mistral%20de%20Puerto%20R%C3%ADo%20Tranquilo%20se%20suma%20a%20la%20campa%C3%B1a%20%E2%80%9CPatagonia%20ponte%20las%20pilas%E2%80%9D&#038;url=https:\/\/radiorevelacionfm.cl\/?p=56051' aria-hidden='false' data-av_icon='\ue8fc' data-av_iconfont='entypo-fontello' title='' data-avia-related-tooltip='Compartir en LinkedIn' rel=\"noopener\"><span class='avia_hidden_link_text'>Compartir en LinkedIn<\/span><\/a><\/li><li class='av-share-link av-social-link-mail' ><a  aria-label=\"Compartir por correo\" href='mailto:?subject=Escuela%20Gabriela%20Mistral%20de%20Puerto%20R%C3%ADo%20Tranquilo%20se%20suma%20a%20la%20campa%C3%B1a%20%E2%80%9CPatagonia%20ponte%20las%20pilas%E2%80%9D&#038;body=https:\/\/radiorevelacionfm.cl\/?p=56051' aria-hidden='false' data-av_icon='\ue805' data-av_iconfont='entypo-fontello' title='' data-avia-related-tooltip='Compartir por correo'><span class='avia_hidden_link_text'>Compartir por correo<\/span><\/a><\/li><\/ul><\/div><\/div>\n<div  style='height:50px' class='hr hr-invisible   avia-builder-el-8  el_after_av_social_share  el_before_av_comments_list '><span class='hr-inner ' ><span class='hr-inner-style'><\/span><\/span><\/div>\n<div  class='av-buildercomment  av-blog-meta-html-info-disabled av-blog-meta-tag-disabled  '><\/div>\n","protected":false},"excerpt":{"rendered":"","protected":false},"author":1,"featured_media":56052,"comment_status":"closed","ping_status":"closed","sticky":false,"template":"","format":"standard","meta":{"footnotes":""},"categories":[38],"tags":[],"class_list":["post-56051","post","type-post","status-publish","format-standard","has-post-thumbnail","hentry","category-regional"],"jetpack_featured_media_url":"https:\/\/radiorevelacionfm.cl\/wp-content\/uploads\/2025\/07\/pilas-pto-tranquilo0-1_optimized.jpeg","_links":{"self":[{"href":"https:\/\/radiorevelacionfm.cl\/index.php?rest_route=\/wp\/v2\/posts\/56051","targetHints":{"allow":["GET"]}}],"collection":[{"href":"https:\/\/radiorevelacionfm.cl\/index.php?rest_route=\/wp\/v2\/posts"}],"about":[{"href":"https:\/\/radiorevelacionfm.cl\/index.php?rest_route=\/wp\/v2\/types\/post"}],"author":[{"embeddable":true,"href":"https:\/\/radiorevelacionfm.cl\/index.php?rest_route=\/wp\/v2\/users\/1"}],"replies":[{"embeddable":true,"href":"https:\/\/radiorevelacionfm.cl\/index.php?rest_route=%2Fwp%2Fv2%2Fcomments&post=56051"}],"version-history":[{"count":2,"href":"https:\/\/radiorevelacionfm.cl\/index.php?rest_route=\/wp\/v2\/posts\/56051\/revisions"}],"predecessor-version":[{"id":56066,"href":"https:\/\/radiorevelacionfm.cl\/index.php?rest_route=\/wp\/v2\/posts\/56051\/revisions\/56066"}],"wp:featuredmedia":[{"embeddable":true,"href":"https:\/\/radiorevelacionfm.cl\/index.php?rest_route=\/wp\/v2\/media\/56052"}],"wp:attachment":[{"href":"https:\/\/radiorevelacionfm.cl\/index.php?rest_route=%2Fwp%2Fv2%2Fmedia&parent=56051"}],"wp:term":[{"taxonomy":"category","embeddable":true,"href":"https:\/\/radiorevelacionfm.cl\/index.php?rest_route=%2Fwp%2Fv2%2Fcategories&post=56051"},{"taxonomy":"post_tag","embeddable":true,"href":"https:\/\/radiorevelacionfm.cl\/index.php?rest_route=%2Fwp%2Fv2%2Ftags&post=56051"}],"curies":[{"name":"wp","href":"https:\/\/api.w.org\/{rel}","templated":true}]}}