{"id":56047,"date":"2025-07-03T11:59:20","date_gmt":"2025-07-03T14:59:20","guid":{"rendered":"https:\/\/radiorevelacionfm.cl\/?p=56047"},"modified":"2025-07-03T11:59:20","modified_gmt":"2025-07-03T14:59:20","slug":"capacitan-a-mas-de-70-profesionales-en-estrategias-para-el-trabajo-con-ninez-con-trastorno-del-espectro-autista","status":"publish","type":"post","link":"https:\/\/radiorevelacionfm.cl\/?p=56047","title":{"rendered":"Capacitan a m\u00e1s de 70 profesionales en estrategias para el trabajo con ni\u00f1ez con Trastorno del Espectro Autista"},"content":{"rendered":"<div class=\"flex_column av_one_full  flex_column_div av-zero-column-padding first  avia-builder-el-0  el_before_av_one_full  avia-builder-el-first  \" style='border-radius:0px; '><div  class='avia-image-container  av-styling-    avia-builder-el-1  avia-builder-el-no-sibling  avia-align-center '  itemprop=\"image\" itemscope=\"itemscope\" itemtype=\"https:\/\/schema.org\/ImageObject\"  ><div class='avia-image-container-inner'><div class='avia-image-overlay-wrap'><img decoding=\"async\" class='wp-image-56048 avia-img-lazy-loading-not-56048 avia_image' src=\"https:\/\/radiorevelacionfm.cl\/wp-content\/uploads\/2025\/07\/DSC05392-1-1.jpg\" alt='' title='DSC05392 (1) (1)' height=\"600\" width=\"900\"  itemprop=\"thumbnailUrl\" srcset=\"https:\/\/radiorevelacionfm.cl\/wp-content\/uploads\/2025\/07\/DSC05392-1-1.jpg 900w, https:\/\/radiorevelacionfm.cl\/wp-content\/uploads\/2025\/07\/DSC05392-1-1-300x200.jpg 300w, https:\/\/radiorevelacionfm.cl\/wp-content\/uploads\/2025\/07\/DSC05392-1-1-768x512.jpg 768w, https:\/\/radiorevelacionfm.cl\/wp-content\/uploads\/2025\/07\/DSC05392-1-1-705x470.jpg 705w, https:\/\/radiorevelacionfm.cl\/wp-content\/uploads\/2025\/07\/DSC05392-1-1-450x300.jpg 450w, https:\/\/radiorevelacionfm.cl\/wp-content\/uploads\/2025\/07\/DSC05392-1-1-600x400.jpg 600w\" sizes=\"(max-width: 900px) 100vw, 900px\" \/><\/div><\/div><\/div><\/div><div class=\"flex_column av_one_full  flex_column_div av-zero-column-padding first  avia-builder-el-2  el_after_av_one_full  el_before_av_one_full  column-top-margin\" style='border-radius:0px; '><section class=\"av_textblock_section \"  itemscope=\"itemscope\" itemtype=\"https:\/\/schema.org\/BlogPosting\" itemprop=\"blogPost\" ><div class='avia_textblock  '   itemprop=\"text\" ><p style=\"text-align: center;\"><strong><span style=\"font-size: 18pt;\">Capacitan a m\u00e1s de 70 profesionales en estrategias para el trabajo con ni\u00f1ez con Trastorno del Espectro Autista<\/span><\/strong><\/p>\n<div id=\"gtx-trans\" style=\"position: absolute; left: -50px; top: 4.31534px;\">\n<div class=\"gtx-trans-icon\"><\/div>\n<\/div>\n<\/div><\/section><\/div><div class=\"flex_column av_one_full  flex_column_div av-zero-column-padding first  avia-builder-el-4  el_after_av_one_full  el_before_av_hr  column-top-margin\" style='border-radius:0px; '><section class=\"av_textblock_section \"  itemscope=\"itemscope\" itemtype=\"https:\/\/schema.org\/BlogPosting\" itemprop=\"blogPost\" ><div class='avia_textblock  '   itemprop=\"text\" ><ul>\n<li dir=\"ltr\">\n<p dir=\"ltr\" style=\"text-align: justify;\"><em>La jornada reuni\u00f3 a equipos de programas de alimentaci\u00f3n y salud escolar en una actividad formativa organizada por la carrera de Terapia Ocupacional de la UAys\u00e9n y la Direcci\u00f3n Regional de JUNAEB.<\/em><\/p>\n<\/li>\n<\/ul>\n<p dir=\"ltr\" style=\"text-align: justify;\">M\u00e1s de 70 personas de la red colaboradora de JUNAEB participaron en la jornada \u00abEstrategias de atenci\u00f3n en Programas de Servicios M\u00e9dicos y de Alimentaci\u00f3n en ni\u00f1os\/as con TEA\u00bb, actividad organizada por la carrera de Terapia Ocupacional de la Universidad de Ays\u00e9n en conjunto con la Direcci\u00f3n Regional de JUNAEB.<\/p>\n<p dir=\"ltr\" style=\"text-align: justify;\">La instancia reuni\u00f3 a profesionales vinculados a los programas de alimentaci\u00f3n (PAE) y de servicios m\u00e9dicos de JUNAEB, particularmente a las contrapartes de establecimientos educacionales de la regi\u00f3n, quienes cumplen un rol clave en asegurar que estas iniciativas lleguen efectivamente a las y los estudiantes, gestionando las coordinaciones institucionales, la implementaci\u00f3n interna y el mejoramiento continuo de los procesos.<\/p>\n<p dir=\"ltr\" style=\"text-align: justify;\">En ese contexto, el director regional de JUNAEB, Manuel Vivar, valor\u00f3 la instancia y enfatiz\u00f3 la relevancia de seguir fortaleciendo las capacidades de la red. \u00abResulta fundamental fortalecer las capacidades de la red para realizar una mejor gesti\u00f3n en la implementaci\u00f3n de la oferta program\u00e1tica de JUNAEB, donde uno de los m\u00e1s requeridos en este \u00faltimo tiempo ha sido disponer de estrategias para un trabajo m\u00e1s integral con la ni\u00f1ez con Trastorno del Espectro Autista. Valoramos mucho la posibilidad de generar este tipo de instancias junto a la Universidad de Ays\u00e9n, con quienes esperamos generar un trabajo de largo plazo en estas materias\u00bb.<\/p>\n<p dir=\"ltr\" style=\"text-align: justify;\">La jornada, realizada en el Hotel Diego de Almagro de Coyhaique, combin\u00f3 talleres psicoeducativos, exposiciones sobre nutrici\u00f3n e inclusi\u00f3n y espacios internos de trabajo entre los equipos, fortaleciendo el v\u00ednculo interinstitucional y el trabajo colaborativo.<\/p>\n<p dir=\"ltr\" style=\"text-align: justify;\">Las ponencias estuvieron a cargo de destacadas profesionales como Jessica Aguilar Jara, de la Universidad de Ays\u00e9n y experta en neurodesarrollo infantil y TEA; Macarena N\u00fa\u00f1ez Reyes, nutricionista con enfoque en inclusi\u00f3n y salud escolar; y Elizabeth Montecinos Tranchino, especialista en inocuidad alimentaria y pol\u00edticas p\u00fablicas para la infancia.<\/p>\n<p dir=\"ltr\" style=\"text-align: justify;\">Desde la Universidad de Ays\u00e9n, el jefe de carrera de Terapia Ocupacional, Diego Ferrada, destac\u00f3 el aporte disciplinar y formativo que representa esta colaboraci\u00f3n. \u00abBueno, esta actividad se organiz\u00f3 en un convenio que se estableci\u00f3 entre Junaeb y la UAys\u00e9n, en particular con la carrera de Terapia Ocupacional, para elaborar, planificar, dise\u00f1ar y ejecutar una jornada de capacitaci\u00f3n para la red colaboradora de Junaeb, los equipos PAE y los equipos de salud que trabajan asistiendo a ni\u00f1os, ni\u00f1as y j\u00f3venes en las becas y apoyos que la Junaeb entrega. Para nosotros es tremendamente relevante como carrera poder participar y ser art\u00edfices de estas instancias porque de alguna u otra forma tenemos una tarea importante estos primeros a\u00f1os, que es insertar a la disciplina y a la carrera en distintos espacios y para nosotros es relevante estar en espacios en educaci\u00f3n y salud. La Terapia Ocupacional aporta a estas instancias porque le da una mirada integral, nos permite expresar y dise\u00f1ar una propuesta de trabajo, de capacitaci\u00f3n que integra otras perspectivas y reconoce la importancia del derecho del ni\u00f1o, ni\u00f1a y adolescente a poder ser tratados dignamente y que sus procesos de intervenci\u00f3n sean considerados como integrales\u00bb.<\/p>\n<p dir=\"ltr\" style=\"text-align: justify;\">Entre las y los participantes, Daisy Gonz\u00e1lez, del Colegio Cristina Sembradores, valor\u00f3 la actividad desde su experiencia pr\u00e1ctica. \u00abSoy encargada PAE del \u00e1rea de salud tambi\u00e9n y de registro del colegio. En cuanto a la experiencia, es s\u00faper enriquecedora. El poder adquirir nuevos conocimientos en c\u00f3mo el tema del \u00e1rea de salud y el programa de alimentaci\u00f3n se est\u00e1n adecuando a este tema de las necesidades educativas especiales. Sobre todo lo que es el TEA y de c\u00f3mo la inclusi\u00f3n ha logrado abarcar muchas m\u00e1s \u00e1reas y poder llegar a todos los estudiantes sin discriminaci\u00f3n en realidad. Yo creo que no es dif\u00edcil porque en realidad cuando el colegio quiere y puede, las herramientas siempre van a estar. Lo \u00fanico que hay que hacer es acomodarse tambi\u00e9n a los apoderados. A veces los apoderados son los que tienen un poco m\u00e1s de temores de poder acomodarse tambi\u00e9n a lo que el colegio les est\u00e1 ofreciendo. Pero por eso es como un trabajo en conjunto en realidad\u00bb.<\/p>\n<p dir=\"ltr\" style=\"text-align: justify;\">Desde el Servicio Local de Educaci\u00f3n P\u00fablica Ays\u00e9n, Beatriz Cabezas, profesional de apoyo e inclusi\u00f3n, tambi\u00e9n destac\u00f3 el enfoque colaborativo. \u00abEs una instancia maravillosa poder participar junto a otras instituciones y hacernos cargo de algo tan importante como es atender a la diversidad de nuestros ni\u00f1os y ni\u00f1as. Sin duda, todos los esfuerzos que podamos realizar de manera conjunta ir\u00e1n en beneficio para asegurar su participaci\u00f3n, progreso y trayectoria educativa\u00bb.<\/p>\n<p dir=\"ltr\" style=\"text-align: justify;\">La exitosa convocatoria y el enfoque multidisciplinario reflejan el compromiso conjunto de JUNAEB y la Universidad de Ays\u00e9n con la mejora continua de los programas que impactan directamente en la calidad de vida de ni\u00f1os y ni\u00f1as de la regi\u00f3n, especialmente aquellos con necesidades educativas especiales.<\/p>\n<\/div><\/section><\/div><div  style='height:50px' class='hr hr-invisible   avia-builder-el-6  el_after_av_one_full  el_before_av_social_share '><span class='hr-inner ' ><span class='hr-inner-style'><\/span><\/span><\/div><\/p>\n<div  class='av-social-sharing-box  avia-builder-el-7  el_after_av_hr  el_before_av_hr  '><div class='av-share-box'><h5 class='av-share-link-description av-no-toc '>Compartir esta noticia<\/h5><ul class='av-share-box-list noLightbox'><li class='av-share-link av-social-link-facebook' ><a target=\"_blank\" aria-label=\"Compartir en Facebook\" href='https:\/\/www.facebook.com\/sharer.php?u=https:\/\/radiorevelacionfm.cl\/?p=56047&#038;t=Capacitan%20a%20m%C3%A1s%20de%2070%20profesionales%20en%20estrategias%20para%20el%20trabajo%20con%20ni%C3%B1ez%20con%20Trastorno%20del%20Espectro%20Autista' aria-hidden='false' data-av_icon='\ue8f3' data-av_iconfont='entypo-fontello' title='' data-avia-related-tooltip='Compartir en Facebook' rel=\"noopener\"><span class='avia_hidden_link_text'>Compartir en Facebook<\/span><\/a><\/li><li class='av-share-link av-social-link-twitter' ><a target=\"_blank\" aria-label=\"Compartir en Twitter\" href='https:\/\/twitter.com\/share?text=Capacitan%20a%20m%C3%A1s%20de%2070%20profesionales%20en%20estrategias%20para%20el%20trabajo%20con%20ni%C3%B1ez%20con%20Trastorno%20del%20Espectro%20Autista&#038;url=https:\/\/radiorevelacionfm.cl\/?p=56047' aria-hidden='false' data-av_icon='\ue8f1' data-av_iconfont='entypo-fontello' title='' data-avia-related-tooltip='Compartir en Twitter' rel=\"noopener\"><span class='avia_hidden_link_text'>Compartir en Twitter<\/span><\/a><\/li><li class='av-share-link av-social-link-whatsapp' ><a target=\"_blank\" aria-label=\"Compartir en Whatsapp\" href='https:\/\/api.whatsapp.com\/send?text=https:\/\/radiorevelacionfm.cl\/?p=56047' aria-hidden='false' data-av_icon='\uf232' data-av_iconfont='entypo-fontello' title='' data-avia-related-tooltip='Compartir en Whatsapp' rel=\"noopener\"><span class='avia_hidden_link_text'>Compartir en Whatsapp<\/span><\/a><\/li><li class='av-share-link av-social-link-linkedin' ><a target=\"_blank\" aria-label=\"Compartir en LinkedIn\" href='https:\/\/linkedin.com\/shareArticle?mini=true&#038;title=Capacitan%20a%20m%C3%A1s%20de%2070%20profesionales%20en%20estrategias%20para%20el%20trabajo%20con%20ni%C3%B1ez%20con%20Trastorno%20del%20Espectro%20Autista&#038;url=https:\/\/radiorevelacionfm.cl\/?p=56047' aria-hidden='false' data-av_icon='\ue8fc' data-av_iconfont='entypo-fontello' title='' data-avia-related-tooltip='Compartir en LinkedIn' rel=\"noopener\"><span class='avia_hidden_link_text'>Compartir en LinkedIn<\/span><\/a><\/li><li class='av-share-link av-social-link-mail' ><a  aria-label=\"Compartir por correo\" href='mailto:?subject=Capacitan%20a%20m%C3%A1s%20de%2070%20profesionales%20en%20estrategias%20para%20el%20trabajo%20con%20ni%C3%B1ez%20con%20Trastorno%20del%20Espectro%20Autista&#038;body=https:\/\/radiorevelacionfm.cl\/?p=56047' aria-hidden='false' data-av_icon='\ue805' data-av_iconfont='entypo-fontello' title='' data-avia-related-tooltip='Compartir por correo'><span class='avia_hidden_link_text'>Compartir por correo<\/span><\/a><\/li><\/ul><\/div><\/div>\n<div  style='height:50px' class='hr hr-invisible   avia-builder-el-8  el_after_av_social_share  el_before_av_comments_list '><span class='hr-inner ' ><span class='hr-inner-style'><\/span><\/span><\/div>\n<div  class='av-buildercomment  av-blog-meta-html-info-disabled av-blog-meta-tag-disabled  '><\/div>\n","protected":false},"excerpt":{"rendered":"","protected":false},"author":1,"featured_media":56048,"comment_status":"closed","ping_status":"closed","sticky":false,"template":"","format":"standard","meta":{"footnotes":""},"categories":[49],"tags":[],"class_list":["post-56047","post","type-post","status-publish","format-standard","has-post-thumbnail","hentry","category-educacion"],"jetpack_featured_media_url":"https:\/\/radiorevelacionfm.cl\/wp-content\/uploads\/2025\/07\/DSC05392-1-1.jpg","_links":{"self":[{"href":"https:\/\/radiorevelacionfm.cl\/index.php?rest_route=\/wp\/v2\/posts\/56047","targetHints":{"allow":["GET"]}}],"collection":[{"href":"https:\/\/radiorevelacionfm.cl\/index.php?rest_route=\/wp\/v2\/posts"}],"about":[{"href":"https:\/\/radiorevelacionfm.cl\/index.php?rest_route=\/wp\/v2\/types\/post"}],"author":[{"embeddable":true,"href":"https:\/\/radiorevelacionfm.cl\/index.php?rest_route=\/wp\/v2\/users\/1"}],"replies":[{"embeddable":true,"href":"https:\/\/radiorevelacionfm.cl\/index.php?rest_route=%2Fwp%2Fv2%2Fcomments&post=56047"}],"version-history":[{"count":2,"href":"https:\/\/radiorevelacionfm.cl\/index.php?rest_route=\/wp\/v2\/posts\/56047\/revisions"}],"predecessor-version":[{"id":56062,"href":"https:\/\/radiorevelacionfm.cl\/index.php?rest_route=\/wp\/v2\/posts\/56047\/revisions\/56062"}],"wp:featuredmedia":[{"embeddable":true,"href":"https:\/\/radiorevelacionfm.cl\/index.php?rest_route=\/wp\/v2\/media\/56048"}],"wp:attachment":[{"href":"https:\/\/radiorevelacionfm.cl\/index.php?rest_route=%2Fwp%2Fv2%2Fmedia&parent=56047"}],"wp:term":[{"taxonomy":"category","embeddable":true,"href":"https:\/\/radiorevelacionfm.cl\/index.php?rest_route=%2Fwp%2Fv2%2Fcategories&post=56047"},{"taxonomy":"post_tag","embeddable":true,"href":"https:\/\/radiorevelacionfm.cl\/index.php?rest_route=%2Fwp%2Fv2%2Ftags&post=56047"}],"curies":[{"name":"wp","href":"https:\/\/api.w.org\/{rel}","templated":true}]}}