{"id":56044,"date":"2025-07-03T20:35:01","date_gmt":"2025-07-03T23:35:01","guid":{"rendered":"https:\/\/radiorevelacionfm.cl\/?p=56044"},"modified":"2025-07-03T20:35:01","modified_gmt":"2025-07-03T23:35:01","slug":"minera-pacifico-del-sur-el-trabajo-conjunto-con-la-junta-de-vecinos-de-alto-manihuales-es-una-de-nuestras-prioridades-como-empresa","status":"publish","type":"post","link":"https:\/\/radiorevelacionfm.cl\/?p=56044","title":{"rendered":"Minera Pac\u00edfico del Sur: \u00abEl trabajo conjunto con la junta de vecinos de Alto Ma\u00f1ihuales es una de nuestras prioridades como empresa\u00bb"},"content":{"rendered":"<div class=\"flex_column av_one_full  flex_column_div av-zero-column-padding first  avia-builder-el-0  el_before_av_one_full  avia-builder-el-first  \" style='border-radius:0px; '><div  class='avia-image-container  av-styling-    avia-builder-el-1  avia-builder-el-no-sibling  avia-align-center '  itemprop=\"image\" itemscope=\"itemscope\" itemtype=\"https:\/\/schema.org\/ImageObject\"  ><div class='avia-image-container-inner'><div class='avia-image-overlay-wrap'><img decoding=\"async\" class='wp-image-56045 avia-img-lazy-loading-not-56045 avia_image' src=\"https:\/\/radiorevelacionfm.cl\/wp-content\/uploads\/2025\/07\/NUEVADIRECTIVA1-1-1.jpeg\" alt='' title='NUEVADIRECTIVA1 (1) (1)' height=\"600\" width=\"1771\"  itemprop=\"thumbnailUrl\" srcset=\"https:\/\/radiorevelacionfm.cl\/wp-content\/uploads\/2025\/07\/NUEVADIRECTIVA1-1-1.jpeg 1771w, https:\/\/radiorevelacionfm.cl\/wp-content\/uploads\/2025\/07\/NUEVADIRECTIVA1-1-1-300x102.jpeg 300w, https:\/\/radiorevelacionfm.cl\/wp-content\/uploads\/2025\/07\/NUEVADIRECTIVA1-1-1-1030x349.jpeg 1030w, https:\/\/radiorevelacionfm.cl\/wp-content\/uploads\/2025\/07\/NUEVADIRECTIVA1-1-1-768x260.jpeg 768w, https:\/\/radiorevelacionfm.cl\/wp-content\/uploads\/2025\/07\/NUEVADIRECTIVA1-1-1-1536x520.jpeg 1536w, https:\/\/radiorevelacionfm.cl\/wp-content\/uploads\/2025\/07\/NUEVADIRECTIVA1-1-1-1500x508.jpeg 1500w, https:\/\/radiorevelacionfm.cl\/wp-content\/uploads\/2025\/07\/NUEVADIRECTIVA1-1-1-705x239.jpeg 705w, https:\/\/radiorevelacionfm.cl\/wp-content\/uploads\/2025\/07\/NUEVADIRECTIVA1-1-1-450x152.jpeg 450w, https:\/\/radiorevelacionfm.cl\/wp-content\/uploads\/2025\/07\/NUEVADIRECTIVA1-1-1-600x203.jpeg 600w\" sizes=\"(max-width: 1771px) 100vw, 1771px\" \/><\/div><\/div><\/div><\/div><div class=\"flex_column av_one_full  flex_column_div av-zero-column-padding first  avia-builder-el-2  el_after_av_one_full  el_before_av_one_full  column-top-margin\" style='border-radius:0px; '><section class=\"av_textblock_section \"  itemscope=\"itemscope\" itemtype=\"https:\/\/schema.org\/BlogPosting\" itemprop=\"blogPost\" ><div class='avia_textblock  '   itemprop=\"text\" ><p style=\"text-align: center;\"><strong><span style=\"font-size: 18pt;\">Minera Pac\u00edfico del Sur: \u00abEl trabajo conjunto con la junta de vecinos de Alto Ma\u00f1ihuales es una de nuestras prioridades como empresa\u00bb<\/span><\/strong><\/p>\n<div id=\"gtx-trans\" style=\"position: absolute; left: -50px; top: 4.31534px;\">\n<div class=\"gtx-trans-icon\"><\/div>\n<\/div>\n<\/div><\/section><\/div><div class=\"flex_column av_one_full  flex_column_div av-zero-column-padding first  avia-builder-el-4  el_after_av_one_full  el_before_av_hr  column-top-margin\" style='border-radius:0px; '><section class=\"av_textblock_section \"  itemscope=\"itemscope\" itemtype=\"https:\/\/schema.org\/BlogPosting\" itemprop=\"blogPost\" ><div class='avia_textblock  '   itemprop=\"text\" ><div>\n<p class=\"v1MsoNormal\" style=\"text-align: justify;\" align=\"center\"><span lang=\"ES-CL\">En dependencias de la minera la nueva directiva se reuni\u00f3 con el equipo de gerencia y se trabaj\u00f3 un plan de trabajo de apoyo a la organizaci\u00f3n.<\/span><\/p>\n<p class=\"v1MsoNormal\" style=\"text-align: justify;\"><span lang=\"ES-CL\">Una importante reuni\u00f3n de trabajo fue la que sostuvo la gerencia de la Empresa Minera Pac\u00edfico del Sur, junto a la recientemente electa junta de vecinos de Alto Ma\u00f1ihuales marcando un hito importante para la relaci\u00f3n entre la empresa y la comunidad del sector.<\/span><\/p>\n<p class=\"v1MsoNormal\" style=\"text-align: justify;\"><span lang=\"ES-CL\">El encuentro, que tuvo lugar en la sala de reuniones de la compa\u00f1\u00eda, congreg\u00f3 a los l\u00edderes de Minera Pac\u00edfico del Sur, representados por su Gerente General, don Jos\u00e9 Quiroga, y al Encargado de Comunidades, don Sebasti\u00e1n Barrios, junto a la reci\u00e9n asumida directiva de la Junta de Vecinos, encabezada por su nueva presidenta, la Sra. Mar\u00eda Ram\u00edrez, la sra Lastenia Ram\u00edrez, Secretaria, y la Sra. Ang\u00e9lica Mercado, tesorera; junto a destacados pobladores como don Jos\u00e9 Barr\u00eda y don Humberto Ram\u00edrez.\u00a0<\/span><\/p>\n<p class=\"v1MsoNormal\" style=\"text-align: justify;\"><strong><span lang=\"ES-CL\">Un Nuevo Cap\u00edtulo en la Colaboraci\u00f3n Comunitaria<\/span><\/strong><\/p>\n<p class=\"v1MsoNormal\" style=\"text-align: justify;\"><span lang=\"ES-CL\">La nueva directiva de la Junta de Vecinos expuso sus lineamientos de trabajo para la segunda mitad del a\u00f1o 2025, enfocados principalmente en la gesti\u00f3n de proyectos comunitarios.<\/span><\/p>\n<p class=\"v1MsoNormal\" style=\"text-align: justify;\"><span lang=\"ES-CL\">Consecuente con el compromiso adquirido desde su llegada en 2019, la empresa manifest\u00f3 su plena disposici\u00f3n a trabajar en conjunto y a integrar las necesidades e inquietudes de la comunidad en sus procesos, para lo cual el Gerente General de la Empresa Jos\u00e9 Quiroga se\u00f1al\u00f3: \u00abEl trabajo conjunto con la junta de vecinos de alto Ma\u00f1ihuales es una de nuestras prioridades como empresa, es por esto que nos hemos reunido con ellos en una primera de muchas reuniones de trabajo que tendremos, con el objetivo de hacer nuestras sus necesidades y lograr que los vecinos del sector cuenten con nuestro apoyo permanente y podamos colaborar en sus objetivos como organizaci\u00f3n\u00bb.<\/span><\/p>\n<p class=\"v1MsoNormal\" style=\"text-align: justify;\"><span lang=\"ES-CL\">As\u00ed tambi\u00e9n la empresa agradeci\u00f3 la gesti\u00f3n de la anterior directiva con la cual se realiz\u00f3 un trabajo permanente y fruct\u00edfero y que fue mencionada y destacada en la reuni\u00f3n. \u00a0<\/span><\/p>\n<p class=\"v1MsoNormal\" style=\"text-align: justify;\"><span lang=\"ES-CL\">La reuni\u00f3n concluy\u00f3 con el reafirmado compromiso de colaboraci\u00f3n, evidenciando que la relaci\u00f3n entre Minera Pac\u00edfico del Sur y la comunidad de Alto Ma\u00f1ihuales sigue construy\u00e9ndose sobre bases s\u00f3lidas de confianza y trabajo conjunto.<\/span><\/p>\n<\/div>\n<\/div><\/section><\/div><div  style='height:50px' class='hr hr-invisible   avia-builder-el-6  el_after_av_one_full  el_before_av_social_share '><span class='hr-inner ' ><span class='hr-inner-style'><\/span><\/span><\/div><\/p>\n<div  class='av-social-sharing-box  avia-builder-el-7  el_after_av_hr  el_before_av_hr  '><div class='av-share-box'><h5 class='av-share-link-description av-no-toc '>Compartir esta noticia<\/h5><ul class='av-share-box-list noLightbox'><li class='av-share-link av-social-link-facebook' ><a target=\"_blank\" aria-label=\"Compartir en Facebook\" href='https:\/\/www.facebook.com\/sharer.php?u=https:\/\/radiorevelacionfm.cl\/?p=56044&#038;t=Minera%20Pac%C3%ADfico%20del%20Sur%3A%20%C2%ABEl%20trabajo%20conjunto%20con%20la%20junta%20de%20vecinos%20de%20Alto%20Ma%C3%B1ihuales%20es%20una%20de%20nuestras%20prioridades%20como%20empresa%C2%BB' aria-hidden='false' data-av_icon='\ue8f3' data-av_iconfont='entypo-fontello' title='' data-avia-related-tooltip='Compartir en Facebook' rel=\"noopener\"><span class='avia_hidden_link_text'>Compartir en Facebook<\/span><\/a><\/li><li class='av-share-link av-social-link-twitter' ><a target=\"_blank\" aria-label=\"Compartir en Twitter\" href='https:\/\/twitter.com\/share?text=Minera%20Pac%C3%ADfico%20del%20Sur%3A%20%C2%ABEl%20trabajo%20conjunto%20con%20la%20junta%20de%20vecinos%20de%20Alto%20Ma%C3%B1ihuales%20es%20una%20de%20nuestras%20prioridades%20como%20empresa%C2%BB&#038;url=https:\/\/radiorevelacionfm.cl\/?p=56044' aria-hidden='false' data-av_icon='\ue8f1' data-av_iconfont='entypo-fontello' title='' data-avia-related-tooltip='Compartir en Twitter' rel=\"noopener\"><span class='avia_hidden_link_text'>Compartir en Twitter<\/span><\/a><\/li><li class='av-share-link av-social-link-whatsapp' ><a target=\"_blank\" aria-label=\"Compartir en Whatsapp\" href='https:\/\/api.whatsapp.com\/send?text=https:\/\/radiorevelacionfm.cl\/?p=56044' aria-hidden='false' data-av_icon='\uf232' data-av_iconfont='entypo-fontello' title='' data-avia-related-tooltip='Compartir en Whatsapp' rel=\"noopener\"><span class='avia_hidden_link_text'>Compartir en Whatsapp<\/span><\/a><\/li><li class='av-share-link av-social-link-linkedin' ><a target=\"_blank\" aria-label=\"Compartir en LinkedIn\" href='https:\/\/linkedin.com\/shareArticle?mini=true&#038;title=Minera%20Pac%C3%ADfico%20del%20Sur%3A%20%C2%ABEl%20trabajo%20conjunto%20con%20la%20junta%20de%20vecinos%20de%20Alto%20Ma%C3%B1ihuales%20es%20una%20de%20nuestras%20prioridades%20como%20empresa%C2%BB&#038;url=https:\/\/radiorevelacionfm.cl\/?p=56044' aria-hidden='false' data-av_icon='\ue8fc' data-av_iconfont='entypo-fontello' title='' data-avia-related-tooltip='Compartir en LinkedIn' rel=\"noopener\"><span class='avia_hidden_link_text'>Compartir en LinkedIn<\/span><\/a><\/li><li class='av-share-link av-social-link-mail' ><a  aria-label=\"Compartir por correo\" href='mailto:?subject=Minera%20Pac%C3%ADfico%20del%20Sur%3A%20%C2%ABEl%20trabajo%20conjunto%20con%20la%20junta%20de%20vecinos%20de%20Alto%20Ma%C3%B1ihuales%20es%20una%20de%20nuestras%20prioridades%20como%20empresa%C2%BB&#038;body=https:\/\/radiorevelacionfm.cl\/?p=56044' aria-hidden='false' data-av_icon='\ue805' data-av_iconfont='entypo-fontello' title='' data-avia-related-tooltip='Compartir por correo'><span class='avia_hidden_link_text'>Compartir por correo<\/span><\/a><\/li><\/ul><\/div><\/div>\n<div  style='height:50px' class='hr hr-invisible   avia-builder-el-8  el_after_av_social_share  el_before_av_comments_list '><span class='hr-inner ' ><span class='hr-inner-style'><\/span><\/span><\/div>\n<div  class='av-buildercomment  av-blog-meta-html-info-disabled av-blog-meta-tag-disabled  '><\/div>\n","protected":false},"excerpt":{"rendered":"","protected":false},"author":1,"featured_media":56045,"comment_status":"closed","ping_status":"closed","sticky":false,"template":"","format":"standard","meta":{"footnotes":""},"categories":[38],"tags":[],"class_list":["post-56044","post","type-post","status-publish","format-standard","has-post-thumbnail","hentry","category-regional"],"jetpack_featured_media_url":"https:\/\/radiorevelacionfm.cl\/wp-content\/uploads\/2025\/07\/NUEVADIRECTIVA1-1-1.jpeg","_links":{"self":[{"href":"https:\/\/radiorevelacionfm.cl\/index.php?rest_route=\/wp\/v2\/posts\/56044","targetHints":{"allow":["GET"]}}],"collection":[{"href":"https:\/\/radiorevelacionfm.cl\/index.php?rest_route=\/wp\/v2\/posts"}],"about":[{"href":"https:\/\/radiorevelacionfm.cl\/index.php?rest_route=\/wp\/v2\/types\/post"}],"author":[{"embeddable":true,"href":"https:\/\/radiorevelacionfm.cl\/index.php?rest_route=\/wp\/v2\/users\/1"}],"replies":[{"embeddable":true,"href":"https:\/\/radiorevelacionfm.cl\/index.php?rest_route=%2Fwp%2Fv2%2Fcomments&post=56044"}],"version-history":[{"count":2,"href":"https:\/\/radiorevelacionfm.cl\/index.php?rest_route=\/wp\/v2\/posts\/56044\/revisions"}],"predecessor-version":[{"id":56095,"href":"https:\/\/radiorevelacionfm.cl\/index.php?rest_route=\/wp\/v2\/posts\/56044\/revisions\/56095"}],"wp:featuredmedia":[{"embeddable":true,"href":"https:\/\/radiorevelacionfm.cl\/index.php?rest_route=\/wp\/v2\/media\/56045"}],"wp:attachment":[{"href":"https:\/\/radiorevelacionfm.cl\/index.php?rest_route=%2Fwp%2Fv2%2Fmedia&parent=56044"}],"wp:term":[{"taxonomy":"category","embeddable":true,"href":"https:\/\/radiorevelacionfm.cl\/index.php?rest_route=%2Fwp%2Fv2%2Fcategories&post=56044"},{"taxonomy":"post_tag","embeddable":true,"href":"https:\/\/radiorevelacionfm.cl\/index.php?rest_route=%2Fwp%2Fv2%2Ftags&post=56044"}],"curies":[{"name":"wp","href":"https:\/\/api.w.org\/{rel}","templated":true}]}}