{"id":56034,"date":"2025-07-03T09:51:36","date_gmt":"2025-07-03T12:51:36","guid":{"rendered":"https:\/\/radiorevelacionfm.cl\/?p=56034"},"modified":"2025-07-03T09:51:36","modified_gmt":"2025-07-03T12:51:36","slug":"entrega-de-equipos-medicos-en-la-red-asistencial-aysen-reducira-tiempos-de-espera-en-salud","status":"publish","type":"post","link":"https:\/\/radiorevelacionfm.cl\/?p=56034","title":{"rendered":"Entrega de equipos m\u00e9dicos en la Red Asistencial Ays\u00e9n reducir\u00e1 tiempos de espera en salud"},"content":{"rendered":"<div class=\"flex_column av_one_full  flex_column_div av-zero-column-padding first  avia-builder-el-0  el_before_av_one_full  avia-builder-el-first  \" style='border-radius:0px; '><div  class='avia-image-container  av-styling-    avia-builder-el-1  avia-builder-el-no-sibling  avia-align-center '  itemprop=\"image\" itemscope=\"itemscope\" itemtype=\"https:\/\/schema.org\/ImageObject\"  ><div class='avia-image-container-inner'><div class='avia-image-overlay-wrap'><img decoding=\"async\" class='wp-image-56037 avia-img-lazy-loading-not-56037 avia_image' src=\"https:\/\/radiorevelacionfm.cl\/wp-content\/uploads\/2025\/07\/dsc06037-1_optimized.jpg\" alt='' title='dsc06037-(1)_optimized' height=\"600\" width=\"1055\"  itemprop=\"thumbnailUrl\" srcset=\"https:\/\/radiorevelacionfm.cl\/wp-content\/uploads\/2025\/07\/dsc06037-1_optimized.jpg 1055w, https:\/\/radiorevelacionfm.cl\/wp-content\/uploads\/2025\/07\/dsc06037-1_optimized-300x171.jpg 300w, https:\/\/radiorevelacionfm.cl\/wp-content\/uploads\/2025\/07\/dsc06037-1_optimized-1030x586.jpg 1030w, https:\/\/radiorevelacionfm.cl\/wp-content\/uploads\/2025\/07\/dsc06037-1_optimized-768x437.jpg 768w, https:\/\/radiorevelacionfm.cl\/wp-content\/uploads\/2025\/07\/dsc06037-1_optimized-705x401.jpg 705w, https:\/\/radiorevelacionfm.cl\/wp-content\/uploads\/2025\/07\/dsc06037-1_optimized-450x256.jpg 450w, https:\/\/radiorevelacionfm.cl\/wp-content\/uploads\/2025\/07\/dsc06037-1_optimized-600x341.jpg 600w\" sizes=\"(max-width: 1055px) 100vw, 1055px\" \/><\/div><\/div><\/div><\/div><div class=\"flex_column av_one_full  flex_column_div av-zero-column-padding first  avia-builder-el-2  el_after_av_one_full  el_before_av_one_full  column-top-margin\" style='border-radius:0px; '><section class=\"av_textblock_section \"  itemscope=\"itemscope\" itemtype=\"https:\/\/schema.org\/BlogPosting\" itemprop=\"blogPost\" ><div class='avia_textblock  '   itemprop=\"text\" ><p style=\"text-align: center;\"><strong><span style=\"font-size: 18pt;\">Entrega de equipos m\u00e9dicos en la Red Asistencial Ays\u00e9n reducir\u00e1 tiempos de espera en salud\u00a0<\/span><\/strong><\/p>\n<div id=\"gtx-trans\" style=\"position: absolute; left: -50px; top: 4.31534px;\">\n<div class=\"gtx-trans-icon\"><\/div>\n<\/div>\n<\/div><\/section><\/div><\/p>\n<div class=\"flex_column av_one_full  flex_column_div av-zero-column-padding first  avia-builder-el-4  el_after_av_one_full  el_before_av_hr  column-top-margin\" style='border-radius:0px; '><section class=\"av_textblock_section \"  itemscope=\"itemscope\" itemtype=\"https:\/\/schema.org\/BlogPosting\" itemprop=\"blogPost\" ><div class='avia_textblock  '   itemprop=\"text\" ><ul>\n<li dir=\"ltr\">\n<p dir=\"ltr\" style=\"text-align: justify;\" role=\"presentation\"><em>Los equipos m\u00e9dicos son m\u00f3viles y cuentan con tecnolog\u00eda de punta lo que permitir\u00e1 agilizar los procesos en terreno de la Unidad Atenci\u00f3n Primaria Oftalmol\u00f3gica (UAPO) y de la Unidad Atenci\u00f3n Primaria Otorrinolaringolog\u00eda (UAPORRINO) de la Red del Servicio de Salud Ays\u00e9n.<\/em><\/p>\n<\/li>\n<\/ul>\n<p dir=\"ltr\" style=\"text-align: justify;\">Con el objetivo de reducir los tiempos de espera y mejorar la atenci\u00f3n en las especialidades de otorrinolaringolog\u00eda y oftalmolog\u00eda en la regi\u00f3n de Ays\u00e9n, se entregaron 13 equipos m\u00e9dicos a la Red Asistencial del Servicio de Salud. Una iniciativa que fue posible gracias al trabajo colaborativo entre la Iglesia de Jesucristo de los Santos de los \u00daltimos D\u00edas, Desaf\u00edo Levantemos Chile y la Red.<\/p>\n<p dir=\"ltr\" style=\"text-align: justify;\">\u201cEsta donaci\u00f3n de equipos m\u00e9dicos es un gran aporte para nuestra Red Asistencial, ya que nos permitir\u00e1 fortalecer la atenci\u00f3n en oftalmolog\u00eda y otorrinolaringolog\u00eda, reduciendo los tiempos de espera para nuestros pacientes. Adem\u00e1s, acerca a\u00fan m\u00e1s a la salud, lo que es clave en una regi\u00f3n como la nuestra, donde muchos dispositivos est\u00e1n a grandes distancias en kil\u00f3metros. Con estos equipos, podremos resolver m\u00e1s atenciones en los propios establecimientos de la red, evitando que muchos pacientes tengan que trasladarse hasta el Hospital Regional de Coyhaique para recibir este tipo de atenci\u00f3n.\u201d coment\u00f3 Juan Pablo Bravo, director del Servicio de Salud Ays\u00e9n<\/p>\n<p>Los equipos entregados son de \u00faltima generaci\u00f3n y est\u00e1n dise\u00f1ados para facilitar su traslado en terreno, permitiendo ofrecer atenciones m\u00e1s resolutivas en distintos puntos de la red asistencial.<\/p>\n<p dir=\"ltr\" style=\"text-align: justify;\">Respecto a la importancia de la donaci\u00f3n, Luis Vega, presidente del Distrito de Coyhaique, en representaci\u00f3n de la Iglesia de Jesucristo de los Santos de los \u00daltimos D\u00edas, coment\u00f3 que \u201cel que tiene m\u00e1s amor es el que sirve. Yo se que a trav\u00e9s de estos instrumentos, muchos profesionales van a poder llegar a m\u00e1s pacientes\u201d\u00a0y agreg\u00f3 que \u201cvan a poder entregar su conocimiento y dedicar tiempo de su vida para mejorar la calidad de vida de las personas. Para nosotros en este momento entregar lo mejor, es entregar lo que necesitan\u201d.<\/p>\n<p dir=\"ltr\" style=\"text-align: justify;\">Durante la ceremonia, y como muestra de agradecimiento por el apoyo y colaboraci\u00f3n en el fortalecimiento de la salud en la regi\u00f3n, el director del Servicio de Salud Ays\u00e9n entreg\u00f3 al presidente del Distrito de Coyhaique y al primer consejero, Alfredo P\u00e9rez, una representaci\u00f3n de un Cherc\u00e1n. Esta ave, t\u00edpica de la regi\u00f3n,\u00a0simboliza la resiliencia y adaptabilidad de sus habitantes, adem\u00e1s de la profunda conexi\u00f3n con la naturaleza y la vida cotidiana.<\/p>\n<p dir=\"ltr\" style=\"text-align: justify;\">\u201cLa salud tambi\u00e9n es una emergencia de la que debemos hacernos cargo, y esta entrega demuestra una vez m\u00e1s que, cuando la colaboraci\u00f3n p\u00fablico-privada se gestiona de manera eficiente, podemos llegar a quienes m\u00e1s lo necesitan. Hoy, nos emociona poder ser un aporte en\u00a0 Hospital Regional Coyhaique, donde la lista de espera en otorrinolaringolog\u00eda es la segunda m\u00e1s grande de la regi\u00f3n\u201d,\u00a0coment\u00f3 Nicol\u00e1s Canales , director de Proyectos y \u00c1reas de Acci\u00f3n de Desaf\u00edo Levantemos Chile.<\/p>\n<p>Cabe mencionar, que durante el a\u00f1o 2025 se proyecta la realizaci\u00f3n de cerca de 1.000 prestaciones de tecn\u00f3logo m\u00e9dico en otorrinolaringolog\u00eda en toda la Red Asistencial de Ays\u00e9n, fortaleciendo la capacidad de atenci\u00f3n en esta especialidad.<\/p>\n<p dir=\"ltr\" style=\"text-align: justify;\">Adem\u00e1s, con la dotaci\u00f3n de los equipos para la UAPO m\u00f3vil permitir\u00e1 llevar a cabo m\u00e1s de 2.000 atenciones oftalmol\u00f3gicas en las localidades m\u00e1s alejadas de la regi\u00f3n, acercando el acceso a diagn\u00f3stico y tratamiento a comunidades que enfrentan mayores barreras geogr\u00e1ficas.<\/p>\n<p dir=\"ltr\" style=\"text-align: justify;\">Durante el 2025, se proyecta la realizaci\u00f3n de m\u00e1s de 3.000 prestaciones en oftalmolog\u00eda y otorrinolaringolog\u00eda, fortaleciendo as\u00ed la capacidad resolutiva de la red. Con la implementaci\u00f3n de estos equipos m\u00f3viles, se espera evitar el traslado de m\u00e1s de 2.000 usuarias y usuarios hacia centros de mayor complejidad, permitiendo que accedan a diagn\u00f3stico y tratamiento directamente en sus localidades. Esto no solo mejora la oportunidad de atenci\u00f3n, sino que tambi\u00e9n representa un alivio econ\u00f3mico y log\u00edstico para las familias de la regi\u00f3n.<\/p>\n<\/div><\/section><\/div>\n<div  style='height:50px' class='hr hr-invisible   avia-builder-el-6  el_after_av_one_full  el_before_av_social_share '><span class='hr-inner ' ><span class='hr-inner-style'><\/span><\/span><\/div>\n<div  class='av-social-sharing-box  avia-builder-el-7  el_after_av_hr  el_before_av_hr  '><div class='av-share-box'><h5 class='av-share-link-description av-no-toc '>Compartir esta noticia<\/h5><ul class='av-share-box-list noLightbox'><li class='av-share-link av-social-link-facebook' ><a target=\"_blank\" aria-label=\"Compartir en Facebook\" href='https:\/\/www.facebook.com\/sharer.php?u=https:\/\/radiorevelacionfm.cl\/?p=56034&#038;t=Entrega%20de%20equipos%20m%C3%A9dicos%20en%20la%20Red%20Asistencial%20Ays%C3%A9n%20reducir%C3%A1%20tiempos%20de%20espera%20en%20salud' aria-hidden='false' data-av_icon='\ue8f3' data-av_iconfont='entypo-fontello' title='' data-avia-related-tooltip='Compartir en Facebook' rel=\"noopener\"><span class='avia_hidden_link_text'>Compartir en Facebook<\/span><\/a><\/li><li class='av-share-link av-social-link-twitter' ><a target=\"_blank\" aria-label=\"Compartir en Twitter\" href='https:\/\/twitter.com\/share?text=Entrega%20de%20equipos%20m%C3%A9dicos%20en%20la%20Red%20Asistencial%20Ays%C3%A9n%20reducir%C3%A1%20tiempos%20de%20espera%20en%20salud&#038;url=https:\/\/radiorevelacionfm.cl\/?p=56034' aria-hidden='false' data-av_icon='\ue8f1' data-av_iconfont='entypo-fontello' title='' data-avia-related-tooltip='Compartir en Twitter' rel=\"noopener\"><span class='avia_hidden_link_text'>Compartir en Twitter<\/span><\/a><\/li><li class='av-share-link av-social-link-whatsapp' ><a target=\"_blank\" aria-label=\"Compartir en Whatsapp\" href='https:\/\/api.whatsapp.com\/send?text=https:\/\/radiorevelacionfm.cl\/?p=56034' aria-hidden='false' data-av_icon='\uf232' data-av_iconfont='entypo-fontello' title='' data-avia-related-tooltip='Compartir en Whatsapp' rel=\"noopener\"><span class='avia_hidden_link_text'>Compartir en Whatsapp<\/span><\/a><\/li><li class='av-share-link av-social-link-linkedin' ><a target=\"_blank\" aria-label=\"Compartir en LinkedIn\" href='https:\/\/linkedin.com\/shareArticle?mini=true&#038;title=Entrega%20de%20equipos%20m%C3%A9dicos%20en%20la%20Red%20Asistencial%20Ays%C3%A9n%20reducir%C3%A1%20tiempos%20de%20espera%20en%20salud&#038;url=https:\/\/radiorevelacionfm.cl\/?p=56034' aria-hidden='false' data-av_icon='\ue8fc' data-av_iconfont='entypo-fontello' title='' data-avia-related-tooltip='Compartir en LinkedIn' rel=\"noopener\"><span class='avia_hidden_link_text'>Compartir en LinkedIn<\/span><\/a><\/li><li class='av-share-link av-social-link-mail' ><a  aria-label=\"Compartir por correo\" href='mailto:?subject=Entrega%20de%20equipos%20m%C3%A9dicos%20en%20la%20Red%20Asistencial%20Ays%C3%A9n%20reducir%C3%A1%20tiempos%20de%20espera%20en%20salud&#038;body=https:\/\/radiorevelacionfm.cl\/?p=56034' aria-hidden='false' data-av_icon='\ue805' data-av_iconfont='entypo-fontello' title='' data-avia-related-tooltip='Compartir por correo'><span class='avia_hidden_link_text'>Compartir por correo<\/span><\/a><\/li><\/ul><\/div><\/div>\n<div  style='height:50px' class='hr hr-invisible   avia-builder-el-8  el_after_av_social_share  el_before_av_comments_list '><span class='hr-inner ' ><span class='hr-inner-style'><\/span><\/span><\/div>\n<div  class='av-buildercomment  av-blog-meta-html-info-disabled av-blog-meta-tag-disabled  '><\/div>\n","protected":false},"excerpt":{"rendered":"","protected":false},"author":1,"featured_media":56037,"comment_status":"closed","ping_status":"closed","sticky":false,"template":"","format":"standard","meta":{"footnotes":""},"categories":[46],"tags":[],"class_list":["post-56034","post","type-post","status-publish","format-standard","has-post-thumbnail","hentry","category-salud"],"jetpack_featured_media_url":"https:\/\/radiorevelacionfm.cl\/wp-content\/uploads\/2025\/07\/dsc06037-1_optimized.jpg","_links":{"self":[{"href":"https:\/\/radiorevelacionfm.cl\/index.php?rest_route=\/wp\/v2\/posts\/56034","targetHints":{"allow":["GET"]}}],"collection":[{"href":"https:\/\/radiorevelacionfm.cl\/index.php?rest_route=\/wp\/v2\/posts"}],"about":[{"href":"https:\/\/radiorevelacionfm.cl\/index.php?rest_route=\/wp\/v2\/types\/post"}],"author":[{"embeddable":true,"href":"https:\/\/radiorevelacionfm.cl\/index.php?rest_route=\/wp\/v2\/users\/1"}],"replies":[{"embeddable":true,"href":"https:\/\/radiorevelacionfm.cl\/index.php?rest_route=%2Fwp%2Fv2%2Fcomments&post=56034"}],"version-history":[{"count":3,"href":"https:\/\/radiorevelacionfm.cl\/index.php?rest_route=\/wp\/v2\/posts\/56034\/revisions"}],"predecessor-version":[{"id":56054,"href":"https:\/\/radiorevelacionfm.cl\/index.php?rest_route=\/wp\/v2\/posts\/56034\/revisions\/56054"}],"wp:featuredmedia":[{"embeddable":true,"href":"https:\/\/radiorevelacionfm.cl\/index.php?rest_route=\/wp\/v2\/media\/56037"}],"wp:attachment":[{"href":"https:\/\/radiorevelacionfm.cl\/index.php?rest_route=%2Fwp%2Fv2%2Fmedia&parent=56034"}],"wp:term":[{"taxonomy":"category","embeddable":true,"href":"https:\/\/radiorevelacionfm.cl\/index.php?rest_route=%2Fwp%2Fv2%2Fcategories&post=56034"},{"taxonomy":"post_tag","embeddable":true,"href":"https:\/\/radiorevelacionfm.cl\/index.php?rest_route=%2Fwp%2Fv2%2Ftags&post=56034"}],"curies":[{"name":"wp","href":"https:\/\/api.w.org\/{rel}","templated":true}]}}