{"id":56031,"date":"2025-07-03T10:38:22","date_gmt":"2025-07-03T13:38:22","guid":{"rendered":"https:\/\/radiorevelacionfm.cl\/?p=56031"},"modified":"2025-07-03T10:38:22","modified_gmt":"2025-07-03T13:38:22","slug":"municipio-de-rio-ibanez-logro-destacada-aprobacion-de-proyectos-del-fondo-8-fndr-del-gore-2025","status":"publish","type":"post","link":"https:\/\/radiorevelacionfm.cl\/?p=56031","title":{"rendered":"Municipio de R\u00edo Iba\u00f1ez logr\u00f3 destacada aprobaci\u00f3n de proyectos del Fondo 8% FNDR del GORE 2025"},"content":{"rendered":"<div class=\"flex_column av_one_full  flex_column_div av-zero-column-padding first  avia-builder-el-0  el_before_av_one_full  avia-builder-el-first  \" style='border-radius:0px; '><div  class='avia-image-container  av-styling-    avia-builder-el-1  avia-builder-el-no-sibling  avia-align-center '  itemprop=\"image\" itemscope=\"itemscope\" itemtype=\"https:\/\/schema.org\/ImageObject\"  ><div class='avia-image-container-inner'><div class='avia-image-overlay-wrap'><img decoding=\"async\" class='wp-image-56032 avia-img-lazy-loading-not-56032 avia_image' src=\"https:\/\/radiorevelacionfm.cl\/wp-content\/uploads\/2025\/07\/dsc03181-1_optimized-1.jpg\" alt='' title='dsc03181-(1)_optimized (1)' height=\"600\" width=\"1066\"  itemprop=\"thumbnailUrl\" srcset=\"https:\/\/radiorevelacionfm.cl\/wp-content\/uploads\/2025\/07\/dsc03181-1_optimized-1.jpg 1066w, https:\/\/radiorevelacionfm.cl\/wp-content\/uploads\/2025\/07\/dsc03181-1_optimized-1-300x169.jpg 300w, https:\/\/radiorevelacionfm.cl\/wp-content\/uploads\/2025\/07\/dsc03181-1_optimized-1-1030x580.jpg 1030w, https:\/\/radiorevelacionfm.cl\/wp-content\/uploads\/2025\/07\/dsc03181-1_optimized-1-768x432.jpg 768w, https:\/\/radiorevelacionfm.cl\/wp-content\/uploads\/2025\/07\/dsc03181-1_optimized-1-705x397.jpg 705w, https:\/\/radiorevelacionfm.cl\/wp-content\/uploads\/2025\/07\/dsc03181-1_optimized-1-450x253.jpg 450w, https:\/\/radiorevelacionfm.cl\/wp-content\/uploads\/2025\/07\/dsc03181-1_optimized-1-600x338.jpg 600w\" sizes=\"(max-width: 1066px) 100vw, 1066px\" \/><\/div><\/div><\/div><\/div>\n<div class=\"flex_column av_one_full  flex_column_div av-zero-column-padding first  avia-builder-el-2  el_after_av_one_full  el_before_av_one_full  column-top-margin\" style='border-radius:0px; '><section class=\"av_textblock_section \"  itemscope=\"itemscope\" itemtype=\"https:\/\/schema.org\/BlogPosting\" itemprop=\"blogPost\" ><div class='avia_textblock  '   itemprop=\"text\" ><p style=\"text-align: center;\"><strong><span style=\"font-size: 18pt;\">Municipio de R\u00edo Iba\u00f1ez logr\u00f3 destacada aprobaci\u00f3n de proyectos del Fondo 8% FNDR del GORE 2025<\/span><\/strong><\/p>\n<div id=\"gtx-trans\" style=\"position: absolute; left: -50px; top: 4.31534px;\">\n<div class=\"gtx-trans-icon\"><\/div>\n<\/div>\n<\/div><\/section><\/div>\n<div class=\"flex_column av_one_full  flex_column_div av-zero-column-padding first  avia-builder-el-4  el_after_av_one_full  el_before_av_hr  column-top-margin\" style='border-radius:0px; '><section class=\"av_textblock_section \"  itemscope=\"itemscope\" itemtype=\"https:\/\/schema.org\/BlogPosting\" itemprop=\"blogPost\" ><div class='avia_textblock  '   itemprop=\"text\" ><ul>\n<li style=\"text-align: justify;\"><em>En total son $181 millones de pesos destinados a 15 iniciativas que beneficiar\u00e1n a distintas organizaciones sociales, deportivas y clubes de adultos mayores de la comuna. <\/em><\/li>\n<\/ul>\n<p style=\"text-align: justify;\">Esta semana se conocieron a nivel regional los resultados a los Fondos Concursables del 8% FNDR del Gobierno Regional de Ays\u00e9n 2025. En este escenario, la comuna de R\u00edo Ib\u00e1\u00f1ez concret\u00f3 un destacado rendimiento de aprobaciones, asegurando la aceptaci\u00f3n de un total de 15 iniciativas por un monto que alcanza los $181 millones de pesos de inversi\u00f3n, que beneficiar\u00e1n directamente a vecinas y vecinos en sus distintas comunidades.<\/p>\n<p style=\"text-align: justify;\">Para lograr este relevante hito, el trabajo de la Municipalidad de R\u00edo Ib\u00e1\u00f1ez, liderada por el alcalde Marcelo J\u00e9lvez C\u00e1rdenas, ha sido fundamental. Uno de los pilares de esta exitosa gesti\u00f3n se basa en un compromiso constante de la instituci\u00f3n y sus profesionales para convertirse en un aliado estrat\u00e9gico de las organizaciones sociales, deportivas y clubes de adultos mayores, con el objetivo de fortalecer el tejido social y comunitario, a trav\u00e9s de un acompa\u00f1amiento para el desarrollo de sus principales iniciativas.<\/p>\n<p style=\"text-align: justify;\">J\u00e9lvez, primera autoridad comunal, destac\u00f3 esta gran labor de sus equipos municipales y funcionarios se\u00f1alando que \u201ces un respaldo que se traduce en un apoyo real y sostenido para la formulaci\u00f3n de proyectos, la participaci\u00f3n en actividades y la atenci\u00f3n de las necesidades m\u00e1s sentidas de nuestras comunidades, con especial \u00e9nfasis en requerimientos t\u00e9cnicos y de salud para nuestras personas mayores\u201d.<\/p>\n<p style=\"text-align: justify;\">Como complemento, dentro de las iniciativas aprobadas se consider\u00f3 una oferta program\u00e1tica para la realizaci\u00f3n de eventos deportivos invernales y para la temporada estival que se aproxima. El director de la Direcci\u00f3n de Desarrollo Comunitario (Dideco), Fernando Gallardo Pillancari, argument\u00f3 que \u201cqueremos seguir rompiendo con la estacionalidad y promover el deporte, la vida saludable y la recreaci\u00f3n, de la mano con las organizaciones de la comuna, aumentando los espacios de encuentro y aprendizaje para ni\u00f1as, ni\u00f1os, j\u00f3venes, adultos y personas mayores, as\u00ed como tambi\u00e9n para deportistas y clubes deportivos\u201d.<\/p>\n<p style=\"text-align: justify;\">Por \u00faltimo, el alcalde J\u00e9lvez, indic\u00f3 que \u201cnuestro foco es mantener una relaci\u00f3n cercana y proactiva con las organizaciones presentes en nuestra comuna. Creemos que esta es la forma m\u00e1s concreta y eficaz para alcanzar ese prop\u00f3sito que nos mueve diariamente: un R\u00edo Ib\u00e1\u00f1ez con m\u00e1s comunidad y m\u00e1s desarrollo para todos\u201d.<\/p>\n<table width=\"585\">\n<tbody>\n<tr>\n<td width=\"272\"><strong>Organizaci\u00f3n<\/strong><\/td>\n<td width=\"313\"><strong>Nombre de proyecto<\/strong><\/td>\n<\/tr>\n<tr>\n<td width=\"272\">1.\u00a0\u00a0\u00a0\u00a0 UCAM R\u00edo Ib\u00e1\u00f1ez<\/td>\n<td width=\"313\">XX Versi\u00f3n de encuentro de personas mayores de R\u00edo Ib\u00e1\u00f1ez.<\/td>\n<\/tr>\n<tr>\n<td width=\"272\">2.\u00a0\u00a0\u00a0\u00a0 Club Adultos Mayores Las Rosas de Villa Cerro Castillo<\/td>\n<td width=\"313\">Conociendo las termas de Ensenada P\u00e9rez y alrededores.<\/td>\n<\/tr>\n<tr>\n<td width=\"272\">3.\u00a0\u00a0\u00a0\u00a0 Club de Pensionados de Puerto Ib\u00e1\u00f1ez Corazones J\u00f3venes<\/td>\n<td width=\"313\">Corazones j\u00f3venes caminando con bienestar.<\/td>\n<\/tr>\n<tr>\n<td width=\"272\">4.\u00a0\u00a0\u00a0\u00a0 Club de Pensionados de Puerto Ib\u00e1\u00f1ez Corazones J\u00f3venes<\/td>\n<td width=\"313\">Los corazones conocen Arica y Tacna.<\/td>\n<\/tr>\n<tr>\n<td width=\"272\">5.\u00a0\u00a0\u00a0\u00a0 Comit\u00e9 de Adultos Mayores Nueva Esperanza<\/td>\n<td width=\"313\">Conociendo la ciudad de las rosas y alrededores.<\/td>\n<\/tr>\n<tr>\n<td width=\"272\">6.\u00a0\u00a0\u00a0\u00a0 Club de Adultos Mayores La Amistad de Bah\u00eda Murta<\/td>\n<td width=\"313\">Murta en movimiento.<\/td>\n<\/tr>\n<tr>\n<td width=\"272\">7.\u00a0\u00a0\u00a0\u00a0 Club de Adultos Mayores La Amistad de Bah\u00eda Murta<\/td>\n<td width=\"313\">Pasos vitales el cuidado de tus pies.<\/td>\n<\/tr>\n<tr>\n<td width=\"272\">8.\u00a0\u00a0\u00a0\u00a0 Club de Adultos Mayores Los A\u00f1os Dorados<\/td>\n<td width=\"313\">Pies saludables para una vida activa y plena.<\/td>\n<\/tr>\n<tr>\n<td width=\"272\">9.\u00a0\u00a0\u00a0\u00a0 Municipalidad de R\u00edo Ib\u00e1\u00f1ez<\/td>\n<td width=\"313\">Kinesi\u00f3logo y Fonoaudi\u00f3logo para R\u00edo Ib\u00e1\u00f1ez.<\/td>\n<\/tr>\n<tr>\n<td width=\"272\">10.\u00a0\u00a0 Asociaci\u00f3n de Personas con Discapacidad y Enfermedades Raras<\/td>\n<td width=\"313\">Huellas inclusivas (Pod\u00f3logo).<\/td>\n<\/tr>\n<tr>\n<td width=\"272\">11.\u00a0\u00a0 Club Deportivo Ingeniero Ib\u00e1\u00f1ez<\/td>\n<td width=\"313\">Participaci\u00f3n FENFUR temporada 25-26.<\/td>\n<\/tr>\n<tr>\n<td width=\"272\">12.\u00a0\u00a0 Club Deportivo San Valent\u00edn<\/td>\n<td width=\"313\">Participaci\u00f3n en liga de b\u00e1squetbol en Coyhaique.<\/td>\n<\/tr>\n<tr>\n<td width=\"272\">13.\u00a0\u00a0 Club Deportivo Ventisqueros<\/td>\n<td width=\"313\">Participaci\u00f3n en campeonato de f\u00fatbol femenino en Cochrane.<\/td>\n<\/tr>\n<tr>\n<td width=\"272\">14.\u00a0\u00a0 Municipalidad de R\u00edo Ib\u00e1\u00f1ez<\/td>\n<td width=\"313\">Olimpiadas comunales invernales.<\/td>\n<\/tr>\n<tr>\n<td width=\"272\">15.\u00a0\u00a0 Quinta Compa\u00f1\u00eda de Bomberos Puerto Ib\u00e1\u00f1ez<\/td>\n<td width=\"313\">Mejor respuesta en rescate agreste por bomberos de Ib\u00e1\u00f1ez (Gore 8%).<\/td>\n<\/tr>\n<\/tbody>\n<\/table>\n<\/div><\/section><\/div><div  style='height:50px' class='hr hr-invisible   avia-builder-el-6  el_after_av_one_full  el_before_av_social_share '><span class='hr-inner ' ><span class='hr-inner-style'><\/span><\/span><\/div><\/p>\n<div  class='av-social-sharing-box  avia-builder-el-7  el_after_av_hr  el_before_av_hr  '><div class='av-share-box'><h5 class='av-share-link-description av-no-toc '>Compartir esta noticia<\/h5><ul class='av-share-box-list noLightbox'><li class='av-share-link av-social-link-facebook' ><a target=\"_blank\" aria-label=\"Compartir en Facebook\" href='https:\/\/www.facebook.com\/sharer.php?u=https:\/\/radiorevelacionfm.cl\/?p=56031&#038;t=Municipio%20de%20R%C3%ADo%20Iba%C3%B1ez%20logr%C3%B3%20destacada%20aprobaci%C3%B3n%20de%20proyectos%20del%20Fondo%208%25%20FNDR%20del%20GORE%202025' aria-hidden='false' data-av_icon='\ue8f3' data-av_iconfont='entypo-fontello' title='' data-avia-related-tooltip='Compartir en Facebook' rel=\"noopener\"><span class='avia_hidden_link_text'>Compartir en Facebook<\/span><\/a><\/li><li class='av-share-link av-social-link-twitter' ><a target=\"_blank\" aria-label=\"Compartir en Twitter\" href='https:\/\/twitter.com\/share?text=Municipio%20de%20R%C3%ADo%20Iba%C3%B1ez%20logr%C3%B3%20destacada%20aprobaci%C3%B3n%20de%20proyectos%20del%20Fondo%208%25%20FNDR%20del%20GORE%202025&#038;url=https:\/\/radiorevelacionfm.cl\/?p=56031' aria-hidden='false' data-av_icon='\ue8f1' data-av_iconfont='entypo-fontello' title='' data-avia-related-tooltip='Compartir en Twitter' rel=\"noopener\"><span class='avia_hidden_link_text'>Compartir en Twitter<\/span><\/a><\/li><li class='av-share-link av-social-link-whatsapp' ><a target=\"_blank\" aria-label=\"Compartir en Whatsapp\" href='https:\/\/api.whatsapp.com\/send?text=https:\/\/radiorevelacionfm.cl\/?p=56031' aria-hidden='false' data-av_icon='\uf232' data-av_iconfont='entypo-fontello' title='' data-avia-related-tooltip='Compartir en Whatsapp' rel=\"noopener\"><span class='avia_hidden_link_text'>Compartir en Whatsapp<\/span><\/a><\/li><li class='av-share-link av-social-link-linkedin' ><a target=\"_blank\" aria-label=\"Compartir en LinkedIn\" href='https:\/\/linkedin.com\/shareArticle?mini=true&#038;title=Municipio%20de%20R%C3%ADo%20Iba%C3%B1ez%20logr%C3%B3%20destacada%20aprobaci%C3%B3n%20de%20proyectos%20del%20Fondo%208%25%20FNDR%20del%20GORE%202025&#038;url=https:\/\/radiorevelacionfm.cl\/?p=56031' aria-hidden='false' data-av_icon='\ue8fc' data-av_iconfont='entypo-fontello' title='' data-avia-related-tooltip='Compartir en LinkedIn' rel=\"noopener\"><span class='avia_hidden_link_text'>Compartir en LinkedIn<\/span><\/a><\/li><li class='av-share-link av-social-link-mail' ><a  aria-label=\"Compartir por correo\" href='mailto:?subject=Municipio%20de%20R%C3%ADo%20Iba%C3%B1ez%20logr%C3%B3%20destacada%20aprobaci%C3%B3n%20de%20proyectos%20del%20Fondo%208%25%20FNDR%20del%20GORE%202025&#038;body=https:\/\/radiorevelacionfm.cl\/?p=56031' aria-hidden='false' data-av_icon='\ue805' data-av_iconfont='entypo-fontello' title='' data-avia-related-tooltip='Compartir por correo'><span class='avia_hidden_link_text'>Compartir por correo<\/span><\/a><\/li><\/ul><\/div><\/div>\n<div  style='height:50px' class='hr hr-invisible   avia-builder-el-8  el_after_av_social_share  el_before_av_comments_list '><span class='hr-inner ' ><span class='hr-inner-style'><\/span><\/span><\/div>\n<div  class='av-buildercomment  av-blog-meta-html-info-disabled av-blog-meta-tag-disabled  '><\/div>\n","protected":false},"excerpt":{"rendered":"","protected":false},"author":1,"featured_media":56032,"comment_status":"closed","ping_status":"closed","sticky":false,"template":"","format":"standard","meta":{"footnotes":""},"categories":[38],"tags":[],"class_list":["post-56031","post","type-post","status-publish","format-standard","has-post-thumbnail","hentry","category-regional"],"jetpack_featured_media_url":"https:\/\/radiorevelacionfm.cl\/wp-content\/uploads\/2025\/07\/dsc03181-1_optimized-1.jpg","_links":{"self":[{"href":"https:\/\/radiorevelacionfm.cl\/index.php?rest_route=\/wp\/v2\/posts\/56031","targetHints":{"allow":["GET"]}}],"collection":[{"href":"https:\/\/radiorevelacionfm.cl\/index.php?rest_route=\/wp\/v2\/posts"}],"about":[{"href":"https:\/\/radiorevelacionfm.cl\/index.php?rest_route=\/wp\/v2\/types\/post"}],"author":[{"embeddable":true,"href":"https:\/\/radiorevelacionfm.cl\/index.php?rest_route=\/wp\/v2\/users\/1"}],"replies":[{"embeddable":true,"href":"https:\/\/radiorevelacionfm.cl\/index.php?rest_route=%2Fwp%2Fv2%2Fcomments&post=56031"}],"version-history":[{"count":3,"href":"https:\/\/radiorevelacionfm.cl\/index.php?rest_route=\/wp\/v2\/posts\/56031\/revisions"}],"predecessor-version":[{"id":56061,"href":"https:\/\/radiorevelacionfm.cl\/index.php?rest_route=\/wp\/v2\/posts\/56031\/revisions\/56061"}],"wp:featuredmedia":[{"embeddable":true,"href":"https:\/\/radiorevelacionfm.cl\/index.php?rest_route=\/wp\/v2\/media\/56032"}],"wp:attachment":[{"href":"https:\/\/radiorevelacionfm.cl\/index.php?rest_route=%2Fwp%2Fv2%2Fmedia&parent=56031"}],"wp:term":[{"taxonomy":"category","embeddable":true,"href":"https:\/\/radiorevelacionfm.cl\/index.php?rest_route=%2Fwp%2Fv2%2Fcategories&post=56031"},{"taxonomy":"post_tag","embeddable":true,"href":"https:\/\/radiorevelacionfm.cl\/index.php?rest_route=%2Fwp%2Fv2%2Ftags&post=56031"}],"curies":[{"name":"wp","href":"https:\/\/api.w.org\/{rel}","templated":true}]}}