{"id":56027,"date":"2025-07-03T15:09:21","date_gmt":"2025-07-03T18:09:21","guid":{"rendered":"https:\/\/radiorevelacionfm.cl\/?p=56027"},"modified":"2025-07-03T15:09:21","modified_gmt":"2025-07-03T18:09:21","slug":"seremi-de-justicia-y-ddhh-destaca-despacho-a-ley-que-permitira-reformar-el-sistema-notarial-y-registral","status":"publish","type":"post","link":"https:\/\/radiorevelacionfm.cl\/?p=56027","title":{"rendered":"Seremi de Justicia y DDHH destaca despacho a ley que permitir\u00e1 reformar el Sistema Notarial y Registral"},"content":{"rendered":"<div class=\"flex_column av_one_full  flex_column_div av-zero-column-padding first  avia-builder-el-0  el_before_av_one_full  avia-builder-el-first  \" style='border-radius:0px; '><div  class='avia-image-container  av-styling-    avia-builder-el-1  avia-builder-el-no-sibling  avia-align-center '  itemprop=\"image\" itemscope=\"itemscope\" itemtype=\"https:\/\/schema.org\/ImageObject\"  ><div class='avia-image-container-inner'><div class='avia-image-overlay-wrap'><img decoding=\"async\" class='wp-image-56028 avia-img-lazy-loading-not-56028 avia_image' src=\"https:\/\/radiorevelacionfm.cl\/wp-content\/uploads\/2025\/07\/notarios_ig-001-1_optimized.jpg\" alt='' title='notarios_ig-001-(1)_optimized' height=\"615\" width=\"804\"  itemprop=\"thumbnailUrl\" srcset=\"https:\/\/radiorevelacionfm.cl\/wp-content\/uploads\/2025\/07\/notarios_ig-001-1_optimized.jpg 804w, https:\/\/radiorevelacionfm.cl\/wp-content\/uploads\/2025\/07\/notarios_ig-001-1_optimized-300x229.jpg 300w, https:\/\/radiorevelacionfm.cl\/wp-content\/uploads\/2025\/07\/notarios_ig-001-1_optimized-768x587.jpg 768w, https:\/\/radiorevelacionfm.cl\/wp-content\/uploads\/2025\/07\/notarios_ig-001-1_optimized-705x539.jpg 705w, https:\/\/radiorevelacionfm.cl\/wp-content\/uploads\/2025\/07\/notarios_ig-001-1_optimized-450x344.jpg 450w, https:\/\/radiorevelacionfm.cl\/wp-content\/uploads\/2025\/07\/notarios_ig-001-1_optimized-600x459.jpg 600w\" sizes=\"(max-width: 804px) 100vw, 804px\" \/><\/div><\/div><\/div><\/div><div class=\"flex_column av_one_full  flex_column_div av-zero-column-padding first  avia-builder-el-2  el_after_av_one_full  el_before_av_one_full  column-top-margin\" style='border-radius:0px; '><section class=\"av_textblock_section \"  itemscope=\"itemscope\" itemtype=\"https:\/\/schema.org\/BlogPosting\" itemprop=\"blogPost\" ><div class='avia_textblock  '   itemprop=\"text\" ><p style=\"text-align: center;\"><span style=\"font-size: 18pt;\"><strong>Seremi de Justicia y DDHH destaca despacho a ley que permitir\u00e1 reformar el Sistema Notarial y Registral<\/strong><\/span><\/p>\n<div id=\"gtx-trans\" style=\"position: absolute; left: -50px; top: 4.31534px;\">\n<div class=\"gtx-trans-icon\"><\/div>\n<\/div>\n<\/div><\/section><\/div><div class=\"flex_column av_one_full  flex_column_div av-zero-column-padding first  avia-builder-el-4  el_after_av_one_full  el_before_av_hr  column-top-margin\" style='border-radius:0px; '><section class=\"av_textblock_section \"  itemscope=\"itemscope\" itemtype=\"https:\/\/schema.org\/BlogPosting\" itemprop=\"blogPost\" ><div class='avia_textblock  '   itemprop=\"text\" ><p style=\"text-align: justify;\"><em>Dicha iniciativa tiene un fuerte foco en transparencia, fiscalizaci\u00f3n y en la calidad del servicio que se entrega a la ciudadan\u00eda.<\/em><\/p>\n<p style=\"text-align: justify;\">Tras m\u00e1s de seis a\u00f1os de tramitaci\u00f3n legislativa, este martes la Sala del Senado aprob\u00f3 y despach\u00f3 a ley la ansiada reforma al Sistema Notarial y Registral, iniciativa que permitir\u00e1 actualizar el sistema en sus aspectos org\u00e1nicos y funcionales, formando parte de la agenda de modernizaci\u00f3n del Estado y fortalecimiento institucional, permitiendo, entre otros avances, proporcionar est\u00e1ndares claros de transparencia; establecer procesos de selecci\u00f3n mediante Sistema de Alta Direcci\u00f3n P\u00fablica; limitar el tiempo de ejercicio en el cargo a los 75 a\u00f1os; fijar tarifas m\u00e1ximas para los tr\u00e1mites notariales; entre otras.<\/p>\n<p style=\"text-align: justify;\">El seremi de Justicia y DDHH Samuel Navarro Castro se refiri\u00f3 a esta iniciativa se\u00f1alando que \u201ccomo Gobierno creemos que esto es un gran avance despu\u00e9s de 6 a\u00f1os de tramitaci\u00f3n y fundamentalmente lo que se busca es actualizar, transparentar y hacer m\u00e1s accesible a la ciudadan\u00eda este procedimiento, creemos que todo lo que tiene que ver con la mejora de atenci\u00f3n de p\u00fablico, con el establecimiento de horarios obligatorios de funcionamiento, requisitos m\u00ednimos de infraestructura y equipamiento tecnol\u00f3gico van en directa relaci\u00f3n con mejorar la calidad del servicio que se est\u00e1 prestando\u201d.<\/p>\n<p style=\"text-align: justify;\">Mencionar que dentro de las caracter\u00edsticas de esta ley est\u00e1n:<\/p>\n<p style=\"text-align: justify;\"><strong>&#8211; Concursos p\u00fablicos<\/strong>\u00a0para los nombramientos de notarios, conservadores y archiveros, a trav\u00e9s del Sistema de Alta Direcci\u00f3n P\u00fablica.<\/p>\n<p style=\"text-align: justify;\"><strong>&#8211; Fin a los cargos vitalicios<\/strong>, estableciendo un l\u00edmite de edad de 75 a\u00f1os para ejercer el cargo, y prohibici\u00f3n para que familiares de determinadas autoridades puedan ser incluidos en las n\u00f3minas de selecci\u00f3n y\/o nombramientos.<\/p>\n<p style=\"text-align: justify;\"><strong>&#8211; Fiscalizaci\u00f3n:<\/strong>\u00a0Se incorpora al Sernac como organismo con facultades para supervisar la calidad del servicio y permitir a las personas usuarias puedan reclamar a trav\u00e9s de sus plataformas respecto a los problemas de atenci\u00f3n, servicios y cobros irregulares.<\/p>\n<p style=\"text-align: justify;\"><strong>&#8211; Modernizaci\u00f3n y digitalizaci\u00f3n del servicio<\/strong>, garantizando acceso remoto y gratuito a los registros, sitios web informativos, canales de reclamos y mejoras en infraestructura.<\/p>\n<p style=\"text-align: justify;\"><strong>&#8211; Transparencia en tarifas<\/strong>, fijando precios m\u00e1ximos mediante un procedimiento t\u00e9cnico a cargo de los Ministerios de Justicia y Derechos Humanos, Hacienda y Econom\u00eda.<\/p>\n<p style=\"text-align: justify;\"><strong>&#8211; Mejora en la atenci\u00f3n al p\u00fablico<\/strong>, con horarios obligatorios de funcionamiento y requisitos m\u00ednimos de infraestructura y equipamiento tecnol\u00f3gico.<\/p>\n<p style=\"text-align: justify;\">Finalmente, cabe mencionar que, tras su aprobaci\u00f3n en el Congreso, la reforma ser\u00e1 remitida al Tribunal Constitucional para su control preventivo de constitucionalidad, conforme al procedimiento legislativo vigente.<\/p>\n<\/div><\/section><\/div><div  style='height:50px' class='hr hr-invisible   avia-builder-el-6  el_after_av_one_full  el_before_av_social_share '><span class='hr-inner ' ><span class='hr-inner-style'><\/span><\/span><\/div><\/p>\n<div  class='av-social-sharing-box  avia-builder-el-7  el_after_av_hr  el_before_av_hr  '><div class='av-share-box'><h5 class='av-share-link-description av-no-toc '>Compartir esta noticia<\/h5><ul class='av-share-box-list noLightbox'><li class='av-share-link av-social-link-facebook' ><a target=\"_blank\" aria-label=\"Compartir en Facebook\" href='https:\/\/www.facebook.com\/sharer.php?u=https:\/\/radiorevelacionfm.cl\/?p=56027&#038;t=Seremi%20de%20Justicia%20y%20DDHH%20destaca%20despacho%20a%20ley%20que%20permitir%C3%A1%20reformar%20el%20Sistema%20Notarial%20y%20Registral' aria-hidden='false' data-av_icon='\ue8f3' data-av_iconfont='entypo-fontello' title='' data-avia-related-tooltip='Compartir en Facebook' rel=\"noopener\"><span class='avia_hidden_link_text'>Compartir en Facebook<\/span><\/a><\/li><li class='av-share-link av-social-link-twitter' ><a target=\"_blank\" aria-label=\"Compartir en Twitter\" href='https:\/\/twitter.com\/share?text=Seremi%20de%20Justicia%20y%20DDHH%20destaca%20despacho%20a%20ley%20que%20permitir%C3%A1%20reformar%20el%20Sistema%20Notarial%20y%20Registral&#038;url=https:\/\/radiorevelacionfm.cl\/?p=56027' aria-hidden='false' data-av_icon='\ue8f1' data-av_iconfont='entypo-fontello' title='' data-avia-related-tooltip='Compartir en Twitter' rel=\"noopener\"><span class='avia_hidden_link_text'>Compartir en Twitter<\/span><\/a><\/li><li class='av-share-link av-social-link-whatsapp' ><a target=\"_blank\" aria-label=\"Compartir en Whatsapp\" href='https:\/\/api.whatsapp.com\/send?text=https:\/\/radiorevelacionfm.cl\/?p=56027' aria-hidden='false' data-av_icon='\uf232' data-av_iconfont='entypo-fontello' title='' data-avia-related-tooltip='Compartir en Whatsapp' rel=\"noopener\"><span class='avia_hidden_link_text'>Compartir en Whatsapp<\/span><\/a><\/li><li class='av-share-link av-social-link-linkedin' ><a target=\"_blank\" aria-label=\"Compartir en LinkedIn\" href='https:\/\/linkedin.com\/shareArticle?mini=true&#038;title=Seremi%20de%20Justicia%20y%20DDHH%20destaca%20despacho%20a%20ley%20que%20permitir%C3%A1%20reformar%20el%20Sistema%20Notarial%20y%20Registral&#038;url=https:\/\/radiorevelacionfm.cl\/?p=56027' aria-hidden='false' data-av_icon='\ue8fc' data-av_iconfont='entypo-fontello' title='' data-avia-related-tooltip='Compartir en LinkedIn' rel=\"noopener\"><span class='avia_hidden_link_text'>Compartir en LinkedIn<\/span><\/a><\/li><li class='av-share-link av-social-link-mail' ><a  aria-label=\"Compartir por correo\" href='mailto:?subject=Seremi%20de%20Justicia%20y%20DDHH%20destaca%20despacho%20a%20ley%20que%20permitir%C3%A1%20reformar%20el%20Sistema%20Notarial%20y%20Registral&#038;body=https:\/\/radiorevelacionfm.cl\/?p=56027' aria-hidden='false' data-av_icon='\ue805' data-av_iconfont='entypo-fontello' title='' data-avia-related-tooltip='Compartir por correo'><span class='avia_hidden_link_text'>Compartir por correo<\/span><\/a><\/li><\/ul><\/div><\/div>\n<div  style='height:50px' class='hr hr-invisible   avia-builder-el-8  el_after_av_social_share  el_before_av_comments_list '><span class='hr-inner ' ><span class='hr-inner-style'><\/span><\/span><\/div>\n<div  class='av-buildercomment  av-blog-meta-html-info-disabled av-blog-meta-tag-disabled  '><\/div>\n","protected":false},"excerpt":{"rendered":"","protected":false},"author":1,"featured_media":56028,"comment_status":"closed","ping_status":"closed","sticky":false,"template":"","format":"standard","meta":{"footnotes":""},"categories":[55],"tags":[],"class_list":["post-56027","post","type-post","status-publish","format-standard","has-post-thumbnail","hentry","category-justicia"],"jetpack_featured_media_url":"https:\/\/radiorevelacionfm.cl\/wp-content\/uploads\/2025\/07\/notarios_ig-001-1_optimized.jpg","_links":{"self":[{"href":"https:\/\/radiorevelacionfm.cl\/index.php?rest_route=\/wp\/v2\/posts\/56027","targetHints":{"allow":["GET"]}}],"collection":[{"href":"https:\/\/radiorevelacionfm.cl\/index.php?rest_route=\/wp\/v2\/posts"}],"about":[{"href":"https:\/\/radiorevelacionfm.cl\/index.php?rest_route=\/wp\/v2\/types\/post"}],"author":[{"embeddable":true,"href":"https:\/\/radiorevelacionfm.cl\/index.php?rest_route=\/wp\/v2\/users\/1"}],"replies":[{"embeddable":true,"href":"https:\/\/radiorevelacionfm.cl\/index.php?rest_route=%2Fwp%2Fv2%2Fcomments&post=56027"}],"version-history":[{"count":2,"href":"https:\/\/radiorevelacionfm.cl\/index.php?rest_route=\/wp\/v2\/posts\/56027\/revisions"}],"predecessor-version":[{"id":56067,"href":"https:\/\/radiorevelacionfm.cl\/index.php?rest_route=\/wp\/v2\/posts\/56027\/revisions\/56067"}],"wp:featuredmedia":[{"embeddable":true,"href":"https:\/\/radiorevelacionfm.cl\/index.php?rest_route=\/wp\/v2\/media\/56028"}],"wp:attachment":[{"href":"https:\/\/radiorevelacionfm.cl\/index.php?rest_route=%2Fwp%2Fv2%2Fmedia&parent=56027"}],"wp:term":[{"taxonomy":"category","embeddable":true,"href":"https:\/\/radiorevelacionfm.cl\/index.php?rest_route=%2Fwp%2Fv2%2Fcategories&post=56027"},{"taxonomy":"post_tag","embeddable":true,"href":"https:\/\/radiorevelacionfm.cl\/index.php?rest_route=%2Fwp%2Fv2%2Ftags&post=56027"}],"curies":[{"name":"wp","href":"https:\/\/api.w.org\/{rel}","templated":true}]}}