{"id":56024,"date":"2025-07-03T10:20:50","date_gmt":"2025-07-03T13:20:50","guid":{"rendered":"https:\/\/radiorevelacionfm.cl\/?p=56024"},"modified":"2025-07-03T10:23:46","modified_gmt":"2025-07-03T13:23:46","slug":"cuenta-publica-seremi-destaco-historico-inicio-de-obras-en-chacra-g-y-avance-del-981-en-meta-del-plan-de-emergencia-habitacional","status":"publish","type":"post","link":"https:\/\/radiorevelacionfm.cl\/?p=56024","title":{"rendered":"Seremi destac\u00f3 en Cuenta P\u00fablica hist\u00f3rico inicio de obras en Chacra G y avance del 98,1% en meta del Plan de Emergencia Habitacional"},"content":{"rendered":"<div class=\"flex_column av_one_full  flex_column_div av-zero-column-padding first  avia-builder-el-0  el_before_av_one_full  avia-builder-el-first  \" style='border-radius:0px; '><div  class='avia-image-container  av-styling-    avia-builder-el-1  avia-builder-el-no-sibling  avia-align-center '  itemprop=\"image\" itemscope=\"itemscope\" itemtype=\"https:\/\/schema.org\/ImageObject\"  ><div class='avia-image-container-inner'><div class='avia-image-overlay-wrap'><img decoding=\"async\" class='wp-image-56025 avia-img-lazy-loading-not-56025 avia_image' src=\"https:\/\/radiorevelacionfm.cl\/wp-content\/uploads\/2025\/07\/alta-convocatoria-de-dirigentes-y-autoridades-en-cuenta-publica-del-minvu-regional-1_optimized.jpeg\" alt='' title='alta-convocatoria-de-dirigentes-y-autoridades-en-cuenta-p\u00fablica-del-minvu-regional-(1)_optimized' height=\"600\" width=\"900\"  itemprop=\"thumbnailUrl\" srcset=\"https:\/\/radiorevelacionfm.cl\/wp-content\/uploads\/2025\/07\/alta-convocatoria-de-dirigentes-y-autoridades-en-cuenta-publica-del-minvu-regional-1_optimized.jpeg 900w, https:\/\/radiorevelacionfm.cl\/wp-content\/uploads\/2025\/07\/alta-convocatoria-de-dirigentes-y-autoridades-en-cuenta-publica-del-minvu-regional-1_optimized-300x200.jpeg 300w, https:\/\/radiorevelacionfm.cl\/wp-content\/uploads\/2025\/07\/alta-convocatoria-de-dirigentes-y-autoridades-en-cuenta-publica-del-minvu-regional-1_optimized-768x512.jpeg 768w, https:\/\/radiorevelacionfm.cl\/wp-content\/uploads\/2025\/07\/alta-convocatoria-de-dirigentes-y-autoridades-en-cuenta-publica-del-minvu-regional-1_optimized-705x470.jpeg 705w, https:\/\/radiorevelacionfm.cl\/wp-content\/uploads\/2025\/07\/alta-convocatoria-de-dirigentes-y-autoridades-en-cuenta-publica-del-minvu-regional-1_optimized-450x300.jpeg 450w, https:\/\/radiorevelacionfm.cl\/wp-content\/uploads\/2025\/07\/alta-convocatoria-de-dirigentes-y-autoridades-en-cuenta-publica-del-minvu-regional-1_optimized-600x400.jpeg 600w\" sizes=\"(max-width: 900px) 100vw, 900px\" \/><\/div><\/div><\/div><\/div>\n<div class=\"flex_column av_one_full  flex_column_div av-zero-column-padding first  avia-builder-el-2  el_after_av_one_full  el_before_av_one_full  column-top-margin\" style='border-radius:0px; '><section class=\"av_textblock_section \"  itemscope=\"itemscope\" itemtype=\"https:\/\/schema.org\/BlogPosting\" itemprop=\"blogPost\" ><div class='avia_textblock  '   itemprop=\"text\" ><p style=\"text-align: center;\"><span style=\"font-size: 18pt;\"><strong>Seremi destac\u00f3 en Cuenta P\u00fablica hist\u00f3rico inicio de obras en Chacra G y avance del 98,1% en meta del Plan de Emergencia Habitacional<\/strong><\/span><\/p>\n<div id=\"gtx-trans\" style=\"position: absolute; left: -50px; top: 4.31534px;\">\n<div class=\"gtx-trans-icon\"><\/div>\n<\/div>\n<\/div><\/section><\/div><div class=\"flex_column av_one_full  flex_column_div av-zero-column-padding first  avia-builder-el-4  el_after_av_one_full  el_before_av_hr  column-top-margin\" style='border-radius:0px; '><section class=\"av_textblock_section \"  itemscope=\"itemscope\" itemtype=\"https:\/\/schema.org\/BlogPosting\" itemprop=\"blogPost\" ><div class='avia_textblock  '   itemprop=\"text\" ><p style=\"text-align: justify;\">Con una gran participaci\u00f3n de autoridades, dirigentes y vecinos de diferentes comunas de la regi\u00f3n, se desarroll\u00f3 el pasado lunes en Coyhaique la ceremonia en que el sector Vivienda dio cuenta p\u00fablica de la gesti\u00f3n realizada durante el a\u00f1o 2024 y las proyecciones para este 2025. La actividad contempl\u00f3 un espacio de participaci\u00f3n ciudadana, con mesas de trabajo que permitieron recopilar informaci\u00f3n relevante respecto de las necesidades, prioridades, ideas y opiniones del mundo p\u00fablico, privado y de la comunidad.<\/p>\n<p style=\"text-align: justify;\">Junto con agradecer la gran convocatoria, la Seremi de Vivienda, Paulina Ruz, detall\u00f3 los principales avances del a\u00f1o pasado, con un gasto que alcanz\u00f3 los 69 mil millones de pesos. \u201cDentro de las obras m\u00e1s importantes destacamos la construcci\u00f3n del Centro de Cuidados de Puerto Ays\u00e9n, ubicado en el barrio La Balsa, trabajo desarrollado con el Ministerio de Desarrollo Social y con el municipio de Ays\u00e9n a trav\u00e9s del programa Quiero Mi Barrio. \u00a0En segundo lugar, relevamos la hoja de ruta que hemos trazado desde hace tres a\u00f1os con los comit\u00e9s de vivienda, lo que nos permite entregar, ejecutar e iniciar obras no solo en Coyhaique, sino tambi\u00e9n en otros lugares, como Puerto Chacabuco, donde desde los a\u00f1os 90 que no se constru\u00eda un proyecto habitacional. Tambi\u00e9n tenemos casas en La Junta, Balmaceda, Villa Frei y pr\u00f3ximamente tambi\u00e9n en Puyuhuapi y Villa Ma\u00f1ihuales, lo que da cuenta del compromiso por cumplir con nuestra meta del Plan de Emergencia Habitacional, donde ya alcanzamos un avance del 98,1%\u201d, precis\u00f3.<\/p>\n<p style=\"text-align: justify;\">Otro punto destacado por la Seremi fue el inicio del proceso de construcci\u00f3n de soluciones habitacionales para casi mil familias de Coyhaique, esto gracias al hist\u00f3rico proyecto de la Chacra G1, que muchos cre\u00edan que no se iba a concretar. \u201cHoy los comit\u00e9s Ventisqueros, Adonay, Caminando por Coyhaique y Chilcos de la Patagonia, ya est\u00e1n viendo c\u00f3mo sus viviendas se est\u00e1n ejecutando, dando paso tambi\u00e9n para otros proyectos de lo que llamamos un nuevo Coyhaique. Son cuentas alegres, ya que dan cuenta tambi\u00e9n del compromiso que han asumido los funcionarios y funcionarias tanto de Serviu como de la Seremi, lo que tambi\u00e9n nos presenta el desaf\u00edo de seguir abarcando todas las comunas de la regi\u00f3n\u201d, manifest\u00f3.<\/p>\n<p style=\"text-align: justify;\">Durante la ceremonia, el Ministerio de Vivienda entreg\u00f3 un reconocimiento a las empresas Dalco y Bellavista, las que incorporaron voluntariamente mirillas en sus proyectos de vivienda, innovaci\u00f3n que permite mirar desde el interior al exterior de la vivienda, aportando a la seguridad que las familias tanto piden y necesitan.<\/p>\n<p style=\"text-align: justify;\">Tras la entrega de los presentes, la representante de la empresa Dalco, Jessica Smoje, relev\u00f3 la importancia de trabajar en conjunto. \u201cS\u00faper bien, muy felices de que ya est\u00e9n a punto de alcanzar la meta del Plan de Emergencia Habitacional en la regi\u00f3n. Yo me sumo al trabajo que ha hecho el Minvu y el Serviu, por eso me incluyo y me siento feliz de que se est\u00e9n logrando los objetivos, ya que como dec\u00eda, es un trabajo que tiene que hacerse conjunto, las familias, nosotros como entidades patrocinantes, el Servicio y el Minvu. Es s\u00faper importante que todos podamos aportar para que las cosas se logren y se logren r\u00e1pido\u201d, afirm\u00f3.<\/p>\n<p style=\"text-align: justify;\">Tambi\u00e9n la Presidenta del comit\u00e9 de Vivienda Amuyen 3 de Puerto Ays\u00e9n, Jimena Santana, opin\u00f3 sobre el trabajo que se ha desarrollado para avanzar con las metas propuestas. \u201cCreo que ya las han cumplido en su mayor\u00eda, no su totalidad, pero s\u00ed en su mayor\u00eda. Y referente a nuestro comit\u00e9, ya estamos en construcci\u00f3n de nuestras viviendas, que si Dios quiere ya deber\u00edan estar listas en julio del pr\u00f3ximo a\u00f1o. Sobre el trabajo que ha hecho la Seremi no tenemos palabras para agradecerle las gestiones, porque igual tuvimos altos y bajos, con problemas entremedio, pero aun as\u00ed la Seremi sac\u00f3 adelante este proyecto\u201d, precis\u00f3.<\/p>\n<p style=\"text-align: justify;\">Finalmente, el Delegado Presidencial Regional, Jorge D\u00edaz, destac\u00f3 tambi\u00e9n el trabajo desarrollado por un Gobierno comprometido con su comunidad. \u201cEstos logros son producto no solo del \u00edmpetu, del entusiasmo, de la dedicaci\u00f3n de los comit\u00e9s de vivienda que naturalmente ponen toda su fuerza para que sus proyectos salgan adelante, sino que tambi\u00e9n porque hay un conjunto de funcionarios, profesionales, t\u00e9cnicos que se dedican a ir salvando todos los obst\u00e1culos para que el sue\u00f1o de la vivienda propia llegue a todas las comunidades de nuestra regi\u00f3n\u201d, acot\u00f3.<\/p>\n<p style=\"text-align: justify;\">El 2024 se entregaron en la regi\u00f3n de Ays\u00e9n 317 viviendas y mil 690 certificados de subsidios en los diferentes programas del Minvu; se construyeron casi 2 kil\u00f3metros de nuevos pavimentos y se hicieron realidad anhelados proyectos de espacios p\u00fablicos como la plaza de \u00d1irehuao, esto sin considerar las numerosas obras de los programas Quiero mi Barrio y Peque\u00f1as Localidades, que se basan principalmente en la participaci\u00f3n ciudadana.<\/p>\n<p style=\"text-align: justify;\">Para este 2025, en tanto, se espera entregar m\u00e1s de 3 mil 500 subsidios y pasar muy pronto la meta regional del Plan de Emergencia Habitacional, donde ya se han entregado mil 269 viviendas, hay 784 viviendas en construcci\u00f3n y 692 por iniciar. De igual forma Ays\u00e9n ser\u00e1 la primera regi\u00f3n en cumplir la meta de entregar 7 mil subsidios t\u00e9rmicos durante la vigencia del Plan de Descontaminaci\u00f3n Atmosf\u00e9rica de Coyhaique y se espera invertir m\u00e1s de 5 mil millones de pesos en obras urbanas para intervenir y mejorar las plazas Baquedano de Coyhaique, las plazas de Villa Ortega, Mall\u00edn Grande, Ma\u00f1ihuales, Caleta Tortel y R\u00edo Tranquilo, adem\u00e1s de los parques Costanera R\u00edo Simpson de Coyhaique y Los Artesanos de Puerto Chacabuco, entre otras.<\/p>\n<\/div><\/section><\/div><\/p>\n<div  style='height:50px' class='hr hr-invisible   avia-builder-el-6  el_after_av_one_full  el_before_av_social_share '><span class='hr-inner ' ><span class='hr-inner-style'><\/span><\/span><\/div>\n<div  class='av-social-sharing-box  avia-builder-el-7  el_after_av_hr  el_before_av_hr  '><div class='av-share-box'><h5 class='av-share-link-description av-no-toc '>Compartir esta noticia<\/h5><ul class='av-share-box-list noLightbox'><li class='av-share-link av-social-link-facebook' ><a target=\"_blank\" aria-label=\"Compartir en Facebook\" href='https:\/\/www.facebook.com\/sharer.php?u=https:\/\/radiorevelacionfm.cl\/?p=56024&#038;t=Seremi%20destac%C3%B3%20en%20Cuenta%20P%C3%BAblica%20hist%C3%B3rico%20inicio%20de%20obras%20en%20Chacra%20G%20y%20avance%20del%2098%2C1%25%20en%20meta%20del%20Plan%20de%20Emergencia%20Habitacional' aria-hidden='false' data-av_icon='\ue8f3' data-av_iconfont='entypo-fontello' title='' data-avia-related-tooltip='Compartir en Facebook' rel=\"noopener\"><span class='avia_hidden_link_text'>Compartir en Facebook<\/span><\/a><\/li><li class='av-share-link av-social-link-twitter' ><a target=\"_blank\" aria-label=\"Compartir en Twitter\" href='https:\/\/twitter.com\/share?text=Seremi%20destac%C3%B3%20en%20Cuenta%20P%C3%BAblica%20hist%C3%B3rico%20inicio%20de%20obras%20en%20Chacra%20G%20y%20avance%20del%2098%2C1%25%20en%20meta%20del%20Plan%20de%20Emergencia%20Habitacional&#038;url=https:\/\/radiorevelacionfm.cl\/?p=56024' aria-hidden='false' data-av_icon='\ue8f1' data-av_iconfont='entypo-fontello' title='' data-avia-related-tooltip='Compartir en Twitter' rel=\"noopener\"><span class='avia_hidden_link_text'>Compartir en Twitter<\/span><\/a><\/li><li class='av-share-link av-social-link-whatsapp' ><a target=\"_blank\" aria-label=\"Compartir en Whatsapp\" href='https:\/\/api.whatsapp.com\/send?text=https:\/\/radiorevelacionfm.cl\/?p=56024' aria-hidden='false' data-av_icon='\uf232' data-av_iconfont='entypo-fontello' title='' data-avia-related-tooltip='Compartir en Whatsapp' rel=\"noopener\"><span class='avia_hidden_link_text'>Compartir en Whatsapp<\/span><\/a><\/li><li class='av-share-link av-social-link-linkedin' ><a target=\"_blank\" aria-label=\"Compartir en LinkedIn\" href='https:\/\/linkedin.com\/shareArticle?mini=true&#038;title=Seremi%20destac%C3%B3%20en%20Cuenta%20P%C3%BAblica%20hist%C3%B3rico%20inicio%20de%20obras%20en%20Chacra%20G%20y%20avance%20del%2098%2C1%25%20en%20meta%20del%20Plan%20de%20Emergencia%20Habitacional&#038;url=https:\/\/radiorevelacionfm.cl\/?p=56024' aria-hidden='false' data-av_icon='\ue8fc' data-av_iconfont='entypo-fontello' title='' data-avia-related-tooltip='Compartir en LinkedIn' rel=\"noopener\"><span class='avia_hidden_link_text'>Compartir en LinkedIn<\/span><\/a><\/li><li class='av-share-link av-social-link-mail' ><a  aria-label=\"Compartir por correo\" href='mailto:?subject=Seremi%20destac%C3%B3%20en%20Cuenta%20P%C3%BAblica%20hist%C3%B3rico%20inicio%20de%20obras%20en%20Chacra%20G%20y%20avance%20del%2098%2C1%25%20en%20meta%20del%20Plan%20de%20Emergencia%20Habitacional&#038;body=https:\/\/radiorevelacionfm.cl\/?p=56024' aria-hidden='false' data-av_icon='\ue805' data-av_iconfont='entypo-fontello' title='' data-avia-related-tooltip='Compartir por correo'><span class='avia_hidden_link_text'>Compartir por correo<\/span><\/a><\/li><\/ul><\/div><\/div>\n<div  style='height:50px' class='hr hr-invisible   avia-builder-el-8  el_after_av_social_share  el_before_av_comments_list '><span class='hr-inner ' ><span class='hr-inner-style'><\/span><\/span><\/div>\n<div  class='av-buildercomment  av-blog-meta-html-info-disabled av-blog-meta-tag-disabled  '><\/div>\n","protected":false},"excerpt":{"rendered":"","protected":false},"author":1,"featured_media":56025,"comment_status":"closed","ping_status":"closed","sticky":false,"template":"","format":"standard","meta":{"footnotes":""},"categories":[57],"tags":[],"class_list":["post-56024","post","type-post","status-publish","format-standard","has-post-thumbnail","hentry","category-vivienda"],"jetpack_featured_media_url":"https:\/\/radiorevelacionfm.cl\/wp-content\/uploads\/2025\/07\/alta-convocatoria-de-dirigentes-y-autoridades-en-cuenta-publica-del-minvu-regional-1_optimized.jpeg","_links":{"self":[{"href":"https:\/\/radiorevelacionfm.cl\/index.php?rest_route=\/wp\/v2\/posts\/56024","targetHints":{"allow":["GET"]}}],"collection":[{"href":"https:\/\/radiorevelacionfm.cl\/index.php?rest_route=\/wp\/v2\/posts"}],"about":[{"href":"https:\/\/radiorevelacionfm.cl\/index.php?rest_route=\/wp\/v2\/types\/post"}],"author":[{"embeddable":true,"href":"https:\/\/radiorevelacionfm.cl\/index.php?rest_route=\/wp\/v2\/users\/1"}],"replies":[{"embeddable":true,"href":"https:\/\/radiorevelacionfm.cl\/index.php?rest_route=%2Fwp%2Fv2%2Fcomments&post=56024"}],"version-history":[{"count":3,"href":"https:\/\/radiorevelacionfm.cl\/index.php?rest_route=\/wp\/v2\/posts\/56024\/revisions"}],"predecessor-version":[{"id":56059,"href":"https:\/\/radiorevelacionfm.cl\/index.php?rest_route=\/wp\/v2\/posts\/56024\/revisions\/56059"}],"wp:featuredmedia":[{"embeddable":true,"href":"https:\/\/radiorevelacionfm.cl\/index.php?rest_route=\/wp\/v2\/media\/56025"}],"wp:attachment":[{"href":"https:\/\/radiorevelacionfm.cl\/index.php?rest_route=%2Fwp%2Fv2%2Fmedia&parent=56024"}],"wp:term":[{"taxonomy":"category","embeddable":true,"href":"https:\/\/radiorevelacionfm.cl\/index.php?rest_route=%2Fwp%2Fv2%2Fcategories&post=56024"},{"taxonomy":"post_tag","embeddable":true,"href":"https:\/\/radiorevelacionfm.cl\/index.php?rest_route=%2Fwp%2Fv2%2Ftags&post=56024"}],"curies":[{"name":"wp","href":"https:\/\/api.w.org\/{rel}","templated":true}]}}