{"id":56022,"date":"2025-07-02T18:53:15","date_gmt":"2025-07-02T21:53:15","guid":{"rendered":"https:\/\/radiorevelacionfm.cl\/?p=56022"},"modified":"2025-07-02T18:53:15","modified_gmt":"2025-07-02T21:53:15","slug":"demandas-millonarias-y-posibles-desalojos-preocupacion-por-demanda-de-indemnizacion-a-pobladores-historicos-del-borde-costero-de-melinka","status":"publish","type":"post","link":"https:\/\/radiorevelacionfm.cl\/?p=56022","title":{"rendered":"Demandas millonarias y posibles desalojos: Preocupaci\u00f3n por demanda de indemnizaci\u00f3n a pobladores hist\u00f3ricos del borde costero de Melinka"},"content":{"rendered":"<div class=\"flex_column av_one_full  flex_column_div av-zero-column-padding first  avia-builder-el-0  el_before_av_one_full  avia-builder-el-first  \" style='border-radius:0px; '><div  class='avia-image-container  av-styling-    avia-builder-el-1  avia-builder-el-no-sibling  avia-align-center '  itemprop=\"image\" itemscope=\"itemscope\" itemtype=\"https:\/\/schema.org\/ImageObject\"  ><div class='avia-image-container-inner'><div class='avia-image-overlay-wrap'><img decoding=\"async\" class='wp-image-27687 avia-img-lazy-loading-not-27687 avia_image' src=\"https:\/\/radiorevelacionfm.cl\/wp-content\/uploads\/2023\/02\/melinka-guaitecas_optimized.jpg\" alt='' title='melinka-guaitecas_optimized' height=\"600\" width=\"800\"  itemprop=\"thumbnailUrl\" srcset=\"https:\/\/radiorevelacionfm.cl\/wp-content\/uploads\/2023\/02\/melinka-guaitecas_optimized.jpg 800w, https:\/\/radiorevelacionfm.cl\/wp-content\/uploads\/2023\/02\/melinka-guaitecas_optimized-300x225.jpg 300w, https:\/\/radiorevelacionfm.cl\/wp-content\/uploads\/2023\/02\/melinka-guaitecas_optimized-768x576.jpg 768w, https:\/\/radiorevelacionfm.cl\/wp-content\/uploads\/2023\/02\/melinka-guaitecas_optimized-705x529.jpg 705w, https:\/\/radiorevelacionfm.cl\/wp-content\/uploads\/2023\/02\/melinka-guaitecas_optimized-600x450.jpg 600w\" sizes=\"(max-width: 800px) 100vw, 800px\" \/><\/div><\/div><\/div><\/div><div class=\"flex_column av_one_full  flex_column_div av-zero-column-padding first  avia-builder-el-2  el_after_av_one_full  el_before_av_one_full  column-top-margin\" style='border-radius:0px; '><section class=\"av_textblock_section \"  itemscope=\"itemscope\" itemtype=\"https:\/\/schema.org\/BlogPosting\" itemprop=\"blogPost\" ><div class='avia_textblock  '   itemprop=\"text\" ><p style=\"text-align: center;\"><strong><span style=\"font-size: 18pt;\">Demandas millonarias y posibles desalojos: Preocupaci\u00f3n por demanda de indemnizaci\u00f3n a pobladores hist\u00f3ricos del borde costero de Melinka<\/span><\/strong><\/p>\n<div id=\"gtx-trans\" style=\"position: absolute; left: -50px; top: 4.31534px;\">\n<div class=\"gtx-trans-icon\"><\/div>\n<\/div>\n<\/div><\/section><\/div><div class=\"flex_column av_one_full  flex_column_div av-zero-column-padding first  avia-builder-el-4  el_after_av_one_full  el_before_av_hr  column-top-margin\" style='border-radius:0px; '><section class=\"av_textblock_section \"  itemscope=\"itemscope\" itemtype=\"https:\/\/schema.org\/BlogPosting\" itemprop=\"blogPost\" ><div class='avia_textblock  '   itemprop=\"text\" ><p style=\"text-align: justify;\">El Alcalde de la comuna de Guaitecas,\u00a0 Bans Puinao Carimoney\u00a0 junto al Honorable Concejo Municipal, expresa su profunda preocupaci\u00f3n ante las recientes acciones legales notificadas por el Consejo de Defensa del Estado (CDE) a 18 familias de Melinka, quienes habitan hace d\u00e9cadas \u2014algunos por m\u00e1s de 50 a\u00f1os\u2014 en terrenos ubicados en el borde costero de la isla.<\/p>\n<p style=\"text-align: justify;\">Melinka, fundada en 1860 y considerada la localidad m\u00e1s antigua de la regi\u00f3n de Ays\u00e9n, naci\u00f3 como una caleta de pescadores cuyos primeros habitantes se asentaron naturalmente en el borde costero. Hoy, estas mismas familias \u2014descendientes en muchos casos de los fundadores de la isla\u2014 enfrentan demandas por ocupaci\u00f3n ilegal que podr\u00edan traducirse en multas que superan los 70 millones de pesos en algunos casos.<\/p>\n<p style=\"text-align: justify;\">\u201cLa situaci\u00f3n es cr\u00edtica, especialmente cuando se trata de adultos mayores que han vivido toda su vida en esta tierra y que s\u00f3lo buscan tranquilidad. Hoy enfrentan procesos judiciales que afectan profundamente su estabilidad emocional y calidad de vida. Como Alcalde, no puedo quedarme de brazos cruzados\u201d, se\u00f1al\u00f3 el jefe comunal.<\/p>\n<p style=\"text-align: justify;\">Desde el municipio, se est\u00e1n llevando a cabo todas las gestiones posibles para brindar asesor\u00eda y apoyo a las familias afectadas. \u201cNuestros vecinos acuden primero al municipio, y ah\u00ed estamos, trabajando con ellos para enfrentar esta dif\u00edcil situaci\u00f3n. Lo que ocurre hoy es inaceptable: en pleno siglo XXI, en lugar de ofrecer soluciones y regularizaciones, el Estado opta por asfixiar a los ciudadanos que han forjado esta isla\u201d, agreg\u00f3 la autoridad.<\/p>\n<p style=\"text-align: justify;\">El llamado del Alcalde es claro: \u201cExigimos cordura y voluntad pol\u00edtica para encontrar soluciones concretas. Se debe avanzar en la regularizaci\u00f3n y en la entrega de t\u00edtulos de dominio a nuestros vecinos, especialmente a los adultos mayores, para que puedan vivir en paz, con la dignidad que merecen. Ellos son los verdaderos forjadores de Melinka\u201d.<\/p>\n<p style=\"text-align: justify;\">Por todo esto, \u201chacemos un llamado\u00a0 imperioso al Gobierno, que es quien tiene en sus manos entregar una soluci\u00f3n definitiva que haga justicia con los pobladores que pertenecen a una comuna que siempre ha sido postergada. Esta es una oportunidad para demostrar que el Estado puede actuar con humanidad, justicia y sentido hist\u00f3rico\u201d, concluyo finalmente el Edil Comunal.<\/p>\n<\/div><\/section><\/div><div  style='height:50px' class='hr hr-invisible   avia-builder-el-6  el_after_av_one_full  el_before_av_social_share '><span class='hr-inner ' ><span class='hr-inner-style'><\/span><\/span><\/div><\/p>\n<div  class='av-social-sharing-box  avia-builder-el-7  el_after_av_hr  el_before_av_hr  '><div class='av-share-box'><h5 class='av-share-link-description av-no-toc '>Compartir esta noticia<\/h5><ul class='av-share-box-list noLightbox'><li class='av-share-link av-social-link-facebook' ><a target=\"_blank\" aria-label=\"Compartir en Facebook\" href='https:\/\/www.facebook.com\/sharer.php?u=https:\/\/radiorevelacionfm.cl\/?p=56022&#038;t=Demandas%20millonarias%20y%20posibles%20desalojos%3A%20Preocupaci%C3%B3n%20por%20demanda%20de%20indemnizaci%C3%B3n%20a%20pobladores%20hist%C3%B3ricos%20del%20borde%20costero%20de%20Melinka' aria-hidden='false' data-av_icon='\ue8f3' data-av_iconfont='entypo-fontello' title='' data-avia-related-tooltip='Compartir en Facebook' rel=\"noopener\"><span class='avia_hidden_link_text'>Compartir en Facebook<\/span><\/a><\/li><li class='av-share-link av-social-link-twitter' ><a target=\"_blank\" aria-label=\"Compartir en Twitter\" href='https:\/\/twitter.com\/share?text=Demandas%20millonarias%20y%20posibles%20desalojos%3A%20Preocupaci%C3%B3n%20por%20demanda%20de%20indemnizaci%C3%B3n%20a%20pobladores%20hist%C3%B3ricos%20del%20borde%20costero%20de%20Melinka&#038;url=https:\/\/radiorevelacionfm.cl\/?p=56022' aria-hidden='false' data-av_icon='\ue8f1' data-av_iconfont='entypo-fontello' title='' data-avia-related-tooltip='Compartir en Twitter' rel=\"noopener\"><span class='avia_hidden_link_text'>Compartir en Twitter<\/span><\/a><\/li><li class='av-share-link av-social-link-whatsapp' ><a target=\"_blank\" aria-label=\"Compartir en Whatsapp\" href='https:\/\/api.whatsapp.com\/send?text=https:\/\/radiorevelacionfm.cl\/?p=56022' aria-hidden='false' data-av_icon='\uf232' data-av_iconfont='entypo-fontello' title='' data-avia-related-tooltip='Compartir en Whatsapp' rel=\"noopener\"><span class='avia_hidden_link_text'>Compartir en Whatsapp<\/span><\/a><\/li><li class='av-share-link av-social-link-linkedin' ><a target=\"_blank\" aria-label=\"Compartir en LinkedIn\" href='https:\/\/linkedin.com\/shareArticle?mini=true&#038;title=Demandas%20millonarias%20y%20posibles%20desalojos%3A%20Preocupaci%C3%B3n%20por%20demanda%20de%20indemnizaci%C3%B3n%20a%20pobladores%20hist%C3%B3ricos%20del%20borde%20costero%20de%20Melinka&#038;url=https:\/\/radiorevelacionfm.cl\/?p=56022' aria-hidden='false' data-av_icon='\ue8fc' data-av_iconfont='entypo-fontello' title='' data-avia-related-tooltip='Compartir en LinkedIn' rel=\"noopener\"><span class='avia_hidden_link_text'>Compartir en LinkedIn<\/span><\/a><\/li><li class='av-share-link av-social-link-mail' ><a  aria-label=\"Compartir por correo\" href='mailto:?subject=Demandas%20millonarias%20y%20posibles%20desalojos%3A%20Preocupaci%C3%B3n%20por%20demanda%20de%20indemnizaci%C3%B3n%20a%20pobladores%20hist%C3%B3ricos%20del%20borde%20costero%20de%20Melinka&#038;body=https:\/\/radiorevelacionfm.cl\/?p=56022' aria-hidden='false' data-av_icon='\ue805' data-av_iconfont='entypo-fontello' title='' data-avia-related-tooltip='Compartir por correo'><span class='avia_hidden_link_text'>Compartir por correo<\/span><\/a><\/li><\/ul><\/div><\/div>\n<div  style='height:50px' class='hr hr-invisible   avia-builder-el-8  el_after_av_social_share  el_before_av_comments_list '><span class='hr-inner ' ><span class='hr-inner-style'><\/span><\/span><\/div>\n<div  class='av-buildercomment  av-blog-meta-html-info-disabled av-blog-meta-tag-disabled  '><\/div>\n","protected":false},"excerpt":{"rendered":"","protected":false},"author":1,"featured_media":27687,"comment_status":"closed","ping_status":"closed","sticky":false,"template":"","format":"standard","meta":{"footnotes":""},"categories":[38],"tags":[],"class_list":["post-56022","post","type-post","status-publish","format-standard","has-post-thumbnail","hentry","category-regional"],"jetpack_featured_media_url":"https:\/\/radiorevelacionfm.cl\/wp-content\/uploads\/2023\/02\/melinka-guaitecas_optimized.jpg","_links":{"self":[{"href":"https:\/\/radiorevelacionfm.cl\/index.php?rest_route=\/wp\/v2\/posts\/56022","targetHints":{"allow":["GET"]}}],"collection":[{"href":"https:\/\/radiorevelacionfm.cl\/index.php?rest_route=\/wp\/v2\/posts"}],"about":[{"href":"https:\/\/radiorevelacionfm.cl\/index.php?rest_route=\/wp\/v2\/types\/post"}],"author":[{"embeddable":true,"href":"https:\/\/radiorevelacionfm.cl\/index.php?rest_route=\/wp\/v2\/users\/1"}],"replies":[{"embeddable":true,"href":"https:\/\/radiorevelacionfm.cl\/index.php?rest_route=%2Fwp%2Fv2%2Fcomments&post=56022"}],"version-history":[{"count":2,"href":"https:\/\/radiorevelacionfm.cl\/index.php?rest_route=\/wp\/v2\/posts\/56022\/revisions"}],"predecessor-version":[{"id":56036,"href":"https:\/\/radiorevelacionfm.cl\/index.php?rest_route=\/wp\/v2\/posts\/56022\/revisions\/56036"}],"wp:featuredmedia":[{"embeddable":true,"href":"https:\/\/radiorevelacionfm.cl\/index.php?rest_route=\/wp\/v2\/media\/27687"}],"wp:attachment":[{"href":"https:\/\/radiorevelacionfm.cl\/index.php?rest_route=%2Fwp%2Fv2%2Fmedia&parent=56022"}],"wp:term":[{"taxonomy":"category","embeddable":true,"href":"https:\/\/radiorevelacionfm.cl\/index.php?rest_route=%2Fwp%2Fv2%2Fcategories&post=56022"},{"taxonomy":"post_tag","embeddable":true,"href":"https:\/\/radiorevelacionfm.cl\/index.php?rest_route=%2Fwp%2Fv2%2Ftags&post=56022"}],"curies":[{"name":"wp","href":"https:\/\/api.w.org\/{rel}","templated":true}]}}