{"id":5602,"date":"2021-06-24T16:02:11","date_gmt":"2021-06-24T19:02:11","guid":{"rendered":"https:\/\/radiorevelacionfm.cl\/?p=5602"},"modified":"2021-06-24T16:02:11","modified_gmt":"2021-06-24T19:02:11","slug":"mesa-territorial-senda-de-cisnes-trabaja-en-el-mes-de-la-prevencion-del-consumo-de-drogas","status":"publish","type":"post","link":"https:\/\/radiorevelacionfm.cl\/?p=5602","title":{"rendered":"Mesa Territorial SENDA de Cisnes trabaja en el Mes de la Prevenci\u00f3n del consumo de Drogas"},"content":{"rendered":"<div class=\"flex_column av_one_full  flex_column_div av-zero-column-padding first  avia-builder-el-0  el_before_av_one_full  avia-builder-el-first  \" style='border-radius:0px; '><div  class='avia-image-container  av-styling-    avia-builder-el-1  avia-builder-el-no-sibling  avia-align-center '  itemprop=\"image\" itemscope=\"itemscope\" itemtype=\"https:\/\/schema.org\/ImageObject\"  ><div class='avia-image-container-inner'><div class='avia-image-overlay-wrap'><img decoding=\"async\" class='wp-image-0 avia-img-lazy-loading-not-0 avia_image' src=\"https:\/\/radiorevelacionfm.cl\/wp-content\/uploads\/2021\/06\/Actividades-Cisnes-1-1.jpg\" alt='' title=''   itemprop=\"thumbnailUrl\"  \/><\/div><\/div><\/div><\/div><div class=\"flex_column av_one_full  flex_column_div av-zero-column-padding first  avia-builder-el-2  el_after_av_one_full  el_before_av_one_full  column-top-margin\" style='border-radius:0px; '><section class=\"av_textblock_section \"  itemscope=\"itemscope\" itemtype=\"https:\/\/schema.org\/BlogPosting\" itemprop=\"blogPost\" ><div class='avia_textblock  '   itemprop=\"text\" ><p style=\"text-align: center;\"><strong><span style=\"font-size: 18pt;\">Mesa Territorial SENDA de Cisnes trabaja en el Mes de la Prevenci\u00f3n del consumo de Drogas<\/span><\/strong><\/p>\n<div id=\"gtx-trans\" style=\"position: absolute; left: -50px; top: 4.31534px;\">\n<div class=\"gtx-trans-icon\"><\/div>\n<\/div>\n<\/div><\/section><\/div><div class=\"flex_column av_one_full  flex_column_div av-zero-column-padding first  avia-builder-el-4  el_after_av_one_full  el_before_av_hr  column-top-margin\" style='border-radius:0px; '><section class=\"av_textblock_section \"  itemscope=\"itemscope\" itemtype=\"https:\/\/schema.org\/BlogPosting\" itemprop=\"blogPost\" ><div class='avia_textblock  '   itemprop=\"text\" ><p style=\"text-align: justify;\">Durante todo el mes de junio en la comuna de Cisnes, el Servicio Nacional para la Prevenci\u00f3n y Rehabilitaci\u00f3n del Consumo de Drogas y Alcohol en conjunto con los dem\u00e1s integrantes de la Mesa Territorial de SENDA en la comuna, est\u00e1n llevando adelante las actividades planificadas para celebrar el mes de la prevenci\u00f3n del consumo de drogas.<\/p>\n<p style=\"text-align: justify;\">Adapt\u00e1ndose al contexto pand\u00e9mico la Mesa de trabajo intersectorial, ha planificado v\u00eda remota tanto talleres de formaci\u00f3n en materias propias de la prevenci\u00f3n del consumo de alcohol y otras drogas como el reconocimiento de factores protectores y factores de riesgo ante el consumo de sustancias y conjuntamente con ello se han lanzado concursos a nivel escolar en tem\u00e1ticas relacionadas a la prevenci\u00f3n.<\/p>\n<p style=\"text-align: justify;\">Consultada del trabajo que se realiza con la comuna de Cisnes, la Directora Regional Annie Katherine Hunter Guti\u00e9rrez se\u00f1al\u00f3: \u201ccon el apoyo de las diferentes instituciones de la comuna de Cisnes, que son consideradas relevantes en la comunidad hemos trabajado desde el a\u00f1o 2019 a la fecha y en este mes de junio y no obstante la pandemia se est\u00e1n concretando iniciativas muy relevantes y que esperamos ayuden sobretodo a la prevenci\u00f3n del consumo de sustancias en ni\u00f1os, ni\u00f1as y adolescentes\u201d.<\/p>\n<p style=\"text-align: justify;\">Finalmente informar que integran la Mesa Territorial Senda de la comuna de Cisnes, el Municipio a trav\u00e9s de la DIDECO, la OPD de Puerto Cisnes, el Jard\u00edn Infantil La Sirenita, el Liceo Arturo Prat Chac\u00f3n, la Escuela Guido G\u00f3mez y el Hospital de Puerto Cisnes, instancia de trabajo al que se pueden sumar cualquier otra instituci\u00f3n que le interese colaborar en la instalaci\u00f3n de una cultura preventiva en el comuna de Cisnes, con solo tomar contacto con las oficinas de SENDA regional.<\/p>\n<\/div><\/section><\/div><div  style='height:50px' class='hr hr-invisible   avia-builder-el-6  el_after_av_one_full  el_before_av_social_share '><span class='hr-inner ' ><span class='hr-inner-style'><\/span><\/span><\/div><\/p>\n<div  class='av-social-sharing-box  avia-builder-el-7  el_after_av_hr  el_before_av_hr  '><div class='av-share-box'><h5 class='av-share-link-description av-no-toc '>Compartir esta noticia<\/h5><ul class='av-share-box-list noLightbox'><li class='av-share-link av-social-link-facebook' ><a target=\"_blank\" aria-label=\"Compartir en Facebook\" href='https:\/\/www.facebook.com\/sharer.php?u=https:\/\/radiorevelacionfm.cl\/?p=5602&#038;t=Mesa%20Territorial%20SENDA%20de%20Cisnes%20trabaja%20en%20el%20Mes%20de%20la%20Prevenci%C3%B3n%20del%20consumo%20de%20Drogas' aria-hidden='false' data-av_icon='\ue8f3' data-av_iconfont='entypo-fontello' title='' data-avia-related-tooltip='Compartir en Facebook' rel=\"noopener\"><span class='avia_hidden_link_text'>Compartir en Facebook<\/span><\/a><\/li><li class='av-share-link av-social-link-twitter' ><a target=\"_blank\" aria-label=\"Compartir en Twitter\" href='https:\/\/twitter.com\/share?text=Mesa%20Territorial%20SENDA%20de%20Cisnes%20trabaja%20en%20el%20Mes%20de%20la%20Prevenci%C3%B3n%20del%20consumo%20de%20Drogas&#038;url=https:\/\/radiorevelacionfm.cl\/?p=5602' aria-hidden='false' data-av_icon='\ue8f1' data-av_iconfont='entypo-fontello' title='' data-avia-related-tooltip='Compartir en Twitter' rel=\"noopener\"><span class='avia_hidden_link_text'>Compartir en Twitter<\/span><\/a><\/li><li class='av-share-link av-social-link-whatsapp' ><a target=\"_blank\" aria-label=\"Compartir en Whatsapp\" href='https:\/\/api.whatsapp.com\/send?text=https:\/\/radiorevelacionfm.cl\/?p=5602' aria-hidden='false' data-av_icon='\uf232' data-av_iconfont='entypo-fontello' title='' data-avia-related-tooltip='Compartir en Whatsapp' rel=\"noopener\"><span class='avia_hidden_link_text'>Compartir en Whatsapp<\/span><\/a><\/li><li class='av-share-link av-social-link-linkedin' ><a target=\"_blank\" aria-label=\"Compartir en LinkedIn\" href='https:\/\/linkedin.com\/shareArticle?mini=true&#038;title=Mesa%20Territorial%20SENDA%20de%20Cisnes%20trabaja%20en%20el%20Mes%20de%20la%20Prevenci%C3%B3n%20del%20consumo%20de%20Drogas&#038;url=https:\/\/radiorevelacionfm.cl\/?p=5602' aria-hidden='false' data-av_icon='\ue8fc' data-av_iconfont='entypo-fontello' title='' data-avia-related-tooltip='Compartir en LinkedIn' rel=\"noopener\"><span class='avia_hidden_link_text'>Compartir en LinkedIn<\/span><\/a><\/li><li class='av-share-link av-social-link-mail' ><a  aria-label=\"Compartir por correo\" href='mailto:?subject=Mesa%20Territorial%20SENDA%20de%20Cisnes%20trabaja%20en%20el%20Mes%20de%20la%20Prevenci%C3%B3n%20del%20consumo%20de%20Drogas&#038;body=https:\/\/radiorevelacionfm.cl\/?p=5602' aria-hidden='false' data-av_icon='\ue805' data-av_iconfont='entypo-fontello' title='' data-avia-related-tooltip='Compartir por correo'><span class='avia_hidden_link_text'>Compartir por correo<\/span><\/a><\/li><\/ul><\/div><\/div>\n<div  style='height:50px' class='hr hr-invisible   avia-builder-el-8  el_after_av_social_share  el_before_av_comments_list '><span class='hr-inner ' ><span class='hr-inner-style'><\/span><\/span><\/div>\n<div  class='av-buildercomment  av-blog-meta-html-info-disabled av-blog-meta-tag-disabled  '><\/div>\n<div  style='height:50px' class='hr hr-invisible   avia-builder-el-10  el_after_av_comments_list  avia-builder-el-last '><span class='hr-inner ' ><span class='hr-inner-style'><\/span><\/span><\/div>\n","protected":false},"excerpt":{"rendered":"","protected":false},"author":1,"featured_media":0,"comment_status":"open","ping_status":"open","sticky":false,"template":"","format":"standard","meta":{"footnotes":""},"categories":[38],"tags":[],"class_list":["post-5602","post","type-post","status-publish","format-standard","hentry","category-regional"],"jetpack_featured_media_url":"","_links":{"self":[{"href":"https:\/\/radiorevelacionfm.cl\/index.php?rest_route=\/wp\/v2\/posts\/5602","targetHints":{"allow":["GET"]}}],"collection":[{"href":"https:\/\/radiorevelacionfm.cl\/index.php?rest_route=\/wp\/v2\/posts"}],"about":[{"href":"https:\/\/radiorevelacionfm.cl\/index.php?rest_route=\/wp\/v2\/types\/post"}],"author":[{"embeddable":true,"href":"https:\/\/radiorevelacionfm.cl\/index.php?rest_route=\/wp\/v2\/users\/1"}],"replies":[{"embeddable":true,"href":"https:\/\/radiorevelacionfm.cl\/index.php?rest_route=%2Fwp%2Fv2%2Fcomments&post=5602"}],"version-history":[{"count":1,"href":"https:\/\/radiorevelacionfm.cl\/index.php?rest_route=\/wp\/v2\/posts\/5602\/revisions"}],"predecessor-version":[{"id":5604,"href":"https:\/\/radiorevelacionfm.cl\/index.php?rest_route=\/wp\/v2\/posts\/5602\/revisions\/5604"}],"wp:attachment":[{"href":"https:\/\/radiorevelacionfm.cl\/index.php?rest_route=%2Fwp%2Fv2%2Fmedia&parent=5602"}],"wp:term":[{"taxonomy":"category","embeddable":true,"href":"https:\/\/radiorevelacionfm.cl\/index.php?rest_route=%2Fwp%2Fv2%2Fcategories&post=5602"},{"taxonomy":"post_tag","embeddable":true,"href":"https:\/\/radiorevelacionfm.cl\/index.php?rest_route=%2Fwp%2Fv2%2Ftags&post=5602"}],"curies":[{"name":"wp","href":"https:\/\/api.w.org\/{rel}","templated":true}]}}