{"id":56018,"date":"2025-07-02T21:29:30","date_gmt":"2025-07-03T00:29:30","guid":{"rendered":"https:\/\/radiorevelacionfm.cl\/?p=56018"},"modified":"2025-07-02T21:29:30","modified_gmt":"2025-07-03T00:29:30","slug":"mineria-inicia-convocatoria-para-segunda-version-de-premio-karen-poniachik","status":"publish","type":"post","link":"https:\/\/radiorevelacionfm.cl\/?p=56018","title":{"rendered":"Miner\u00eda inicia convocatoria para segunda versi\u00f3n de \u201cPremio Karen Poniachik\u201d"},"content":{"rendered":"<div class=\"flex_column av_one_full  flex_column_div av-zero-column-padding first  avia-builder-el-0  el_before_av_one_full  avia-builder-el-first  \" style='border-radius:0px; '><div  class='avia-image-container  av-styling-    avia-builder-el-1  avia-builder-el-no-sibling  avia-align-center '  itemprop=\"image\" itemscope=\"itemscope\" itemtype=\"https:\/\/schema.org\/ImageObject\"  ><div class='avia-image-container-inner'><div class='avia-image-overlay-wrap'><img decoding=\"async\" class='wp-image-56019 avia-img-lazy-loading-not-56019 avia_image' src=\"https:\/\/radiorevelacionfm.cl\/wp-content\/uploads\/2025\/07\/497560922_1257785793013979_4174033293658635665_n-1_optimized.jpg\" alt='' title='497560922_1257785793013979_4174033293658635665_n-(1)_optimized' height=\"600\" width=\"848\"  itemprop=\"thumbnailUrl\" srcset=\"https:\/\/radiorevelacionfm.cl\/wp-content\/uploads\/2025\/07\/497560922_1257785793013979_4174033293658635665_n-1_optimized.jpg 848w, https:\/\/radiorevelacionfm.cl\/wp-content\/uploads\/2025\/07\/497560922_1257785793013979_4174033293658635665_n-1_optimized-300x212.jpg 300w, https:\/\/radiorevelacionfm.cl\/wp-content\/uploads\/2025\/07\/497560922_1257785793013979_4174033293658635665_n-1_optimized-768x543.jpg 768w, https:\/\/radiorevelacionfm.cl\/wp-content\/uploads\/2025\/07\/497560922_1257785793013979_4174033293658635665_n-1_optimized-260x185.jpg 260w, https:\/\/radiorevelacionfm.cl\/wp-content\/uploads\/2025\/07\/497560922_1257785793013979_4174033293658635665_n-1_optimized-705x499.jpg 705w, https:\/\/radiorevelacionfm.cl\/wp-content\/uploads\/2025\/07\/497560922_1257785793013979_4174033293658635665_n-1_optimized-450x318.jpg 450w, https:\/\/radiorevelacionfm.cl\/wp-content\/uploads\/2025\/07\/497560922_1257785793013979_4174033293658635665_n-1_optimized-600x425.jpg 600w\" sizes=\"(max-width: 848px) 100vw, 848px\" \/><\/div><\/div><\/div><\/div><div class=\"flex_column av_one_full  flex_column_div av-zero-column-padding first  avia-builder-el-2  el_after_av_one_full  el_before_av_one_full  column-top-margin\" style='border-radius:0px; '><section class=\"av_textblock_section \"  itemscope=\"itemscope\" itemtype=\"https:\/\/schema.org\/BlogPosting\" itemprop=\"blogPost\" ><div class='avia_textblock  '   itemprop=\"text\" ><p style=\"text-align: center;\"><strong><span style=\"font-size: 18pt;\">Miner\u00eda inicia convocatoria para segunda versi\u00f3n de \u201cPremio Karen Poniachik\u201d<\/span><\/strong><\/p>\n<div id=\"gtx-trans\" style=\"position: absolute; left: -50px; top: 4.31534px;\">\n<div class=\"gtx-trans-icon\"><\/div>\n<\/div>\n<\/div><\/section><\/div><div class=\"flex_column av_one_full  flex_column_div av-zero-column-padding first  avia-builder-el-4  el_after_av_one_full  el_before_av_hr  column-top-margin\" style='border-radius:0px; '><section class=\"av_textblock_section \"  itemscope=\"itemscope\" itemtype=\"https:\/\/schema.org\/BlogPosting\" itemprop=\"blogPost\" ><div class='avia_textblock  '   itemprop=\"text\" ><p style=\"text-align: justify;\"><em>La iniciativa reconoce a mujeres de distintos \u00e1mbitos del sector, desde la peque\u00f1a miner\u00eda hasta empresas proveedoras, destacando su aporte a promover una industria m\u00e1s inclusiva y diversa.<\/em><\/p>\n<p style=\"text-align: justify;\">Desde la peque\u00f1a miner\u00eda artesanal hasta la gran industria y sus empresas proveedoras, el Premio Karen Poniachik busca reconocer el talento femenino en toda la cadena minera.\u00a0 El galard\u00f3n, instaurado en 2024 en memoria de quien fuera la primera mujer en encabezar la cartera de Miner\u00eda en Chile \u2014entre los a\u00f1os 2006 y 2008, durante el primer gobierno de Michelle Bachelet\u2014, busca reconocer a mujeres que han dejado una huella significativa en distintas \u00e1reas del sector minero.<\/p>\n<p style=\"text-align: justify;\">Al respecto, la ministra de Miner\u00eda, Aurora Williams, expres\u00f3 que \u201ceste premio no solo honra la memoria de Karen Poniachik, sino que tambi\u00e9n proyecta su legado hacia adelante. Al visibilizar a mujeres que hoy destacan en la miner\u00eda, estamos mostrando a las ni\u00f1as y j\u00f3venes de Chile que aqu\u00ed tambi\u00e9n hay un camino para que ellas puedan desarrollarse. A ellas queremos transmitirles que la industria minera es inclusiva y diversa, que es un camino de futuro que necesita de su talento. Por eso, reconocer a quienes ya est\u00e1n abriendo y consolidando esa ruta es, igualmente, una forma de construir una miner\u00eda m\u00e1s equitativa para todas\u201d.<\/p>\n<p style=\"text-align: justify;\">El reconocimiento, que forma parte de las iniciativas impulsadas por la Mesa Nacional Mujer y Miner\u00eda \u2014instancia multisectorial creada en 2014 para promover la inclusi\u00f3n de mujeres en la industria\u2014,\u00a0contempla tres categor\u00edas:\u00a0la primera,\u00a0mujer destacada en la peque\u00f1a miner\u00eda y miner\u00eda artesanal, busca reconocer el esfuerzo de quienes se desempe\u00f1an en empresas de hasta 80 trabajadores;\u00a0la segunda, mujer destacada en la mediana y gran minera, est\u00e1 orientada a visibilizar la participaci\u00f3n femenina en la mediana y gran miner\u00eda; y la tercera,\u00a0mujer destacada en empresas proveedoras, destaca el rol clave de las trabajadoras a lo largo de toda la cadena de valor de los servicios asociados al sector.<\/p>\n<p style=\"text-align: justify;\">\u00abEstas iniciativas son muy importantes porque permiten visibilizar la participaci\u00f3n de las mujeres en la miner\u00eda y el liderazgo que adem\u00e1s han ejercido para abrirle espacio a otras. Lo que es fundamental para seguir fortaleciendo el acceso y abriendo camino a m\u00e1s mujeres en la industria minera, permitiendo as\u00ed una trayectoria de vida en una de las industrias m\u00e1s relevantes del pa\u00eds\u00bb, sentenci\u00f3 Isidora Gacit\u00faa Goles, Seremi de la Mujer y Equidad de G\u00e9nero.<\/p>\n<p style=\"text-align: justify;\">Por su\u00a0 parte, Juan V\u00e1squez Alarc\u00f3n, Seremi de Miner\u00eda de Ays\u00e9n, se\u00f1al\u00f3:<br \/>\n\u00abDesde la regi\u00f3n de Ays\u00e9n reconocemos y valoramos el rol fundamental que est\u00e1n teniendo las mujeres en el desarrollo de nuestra miner\u00eda. Karen Poniachik abri\u00f3 una puerta y hoy, en nuestra regi\u00f3n, hay mujeres que est\u00e1n asumiendo desaf\u00edos en la peque\u00f1a miner\u00eda, en la formaci\u00f3n t\u00e9cnica y en espacios de liderazgo. Este reconocimiento es una invitaci\u00f3n a visibilizar esas trayectorias y a seguir avanzando hacia una industria donde las mujeres sean protagonistas.\u00bb<\/p>\n<p style=\"text-align: justify;\">Las postulaciones est\u00e1n abiertas hasta el 18 de julio y deben ser presentadas por organizaciones del sector minero, como empresas, sindicatos, universidades, asociaciones gremiales u organizaciones de la sociedad civil. Cada entidad podr\u00e1 nominar a una mujer, completando un formulario web disponible en\u00a0<a href=\"http:\/\/www.minmineria.cl\/\">www.minmineria.cl<\/a>\u00a0que debe incluir antecedentes laborales, biogr\u00e1ficos y de impacto en el rubro.<\/p>\n<\/div><\/section><\/div><div  style='height:50px' class='hr hr-invisible   avia-builder-el-6  el_after_av_one_full  el_before_av_social_share '><span class='hr-inner ' ><span class='hr-inner-style'><\/span><\/span><\/div><\/p>\n<div  class='av-social-sharing-box  avia-builder-el-7  el_after_av_hr  el_before_av_hr  '><div class='av-share-box'><h5 class='av-share-link-description av-no-toc '>Compartir esta noticia<\/h5><ul class='av-share-box-list noLightbox'><li class='av-share-link av-social-link-facebook' ><a target=\"_blank\" aria-label=\"Compartir en Facebook\" href='https:\/\/www.facebook.com\/sharer.php?u=https:\/\/radiorevelacionfm.cl\/?p=56018&#038;t=Miner%C3%ADa%20inicia%20convocatoria%20para%20segunda%20versi%C3%B3n%20de%20%E2%80%9CPremio%20Karen%20Poniachik%E2%80%9D' aria-hidden='false' data-av_icon='\ue8f3' data-av_iconfont='entypo-fontello' title='' data-avia-related-tooltip='Compartir en Facebook' rel=\"noopener\"><span class='avia_hidden_link_text'>Compartir en Facebook<\/span><\/a><\/li><li class='av-share-link av-social-link-twitter' ><a target=\"_blank\" aria-label=\"Compartir en Twitter\" href='https:\/\/twitter.com\/share?text=Miner%C3%ADa%20inicia%20convocatoria%20para%20segunda%20versi%C3%B3n%20de%20%E2%80%9CPremio%20Karen%20Poniachik%E2%80%9D&#038;url=https:\/\/radiorevelacionfm.cl\/?p=56018' aria-hidden='false' data-av_icon='\ue8f1' data-av_iconfont='entypo-fontello' title='' data-avia-related-tooltip='Compartir en Twitter' rel=\"noopener\"><span class='avia_hidden_link_text'>Compartir en Twitter<\/span><\/a><\/li><li class='av-share-link av-social-link-whatsapp' ><a target=\"_blank\" aria-label=\"Compartir en Whatsapp\" href='https:\/\/api.whatsapp.com\/send?text=https:\/\/radiorevelacionfm.cl\/?p=56018' aria-hidden='false' data-av_icon='\uf232' data-av_iconfont='entypo-fontello' title='' data-avia-related-tooltip='Compartir en Whatsapp' rel=\"noopener\"><span class='avia_hidden_link_text'>Compartir en Whatsapp<\/span><\/a><\/li><li class='av-share-link av-social-link-linkedin' ><a target=\"_blank\" aria-label=\"Compartir en LinkedIn\" href='https:\/\/linkedin.com\/shareArticle?mini=true&#038;title=Miner%C3%ADa%20inicia%20convocatoria%20para%20segunda%20versi%C3%B3n%20de%20%E2%80%9CPremio%20Karen%20Poniachik%E2%80%9D&#038;url=https:\/\/radiorevelacionfm.cl\/?p=56018' aria-hidden='false' data-av_icon='\ue8fc' data-av_iconfont='entypo-fontello' title='' data-avia-related-tooltip='Compartir en LinkedIn' rel=\"noopener\"><span class='avia_hidden_link_text'>Compartir en LinkedIn<\/span><\/a><\/li><li class='av-share-link av-social-link-mail' ><a  aria-label=\"Compartir por correo\" href='mailto:?subject=Miner%C3%ADa%20inicia%20convocatoria%20para%20segunda%20versi%C3%B3n%20de%20%E2%80%9CPremio%20Karen%20Poniachik%E2%80%9D&#038;body=https:\/\/radiorevelacionfm.cl\/?p=56018' aria-hidden='false' data-av_icon='\ue805' data-av_iconfont='entypo-fontello' title='' data-avia-related-tooltip='Compartir por correo'><span class='avia_hidden_link_text'>Compartir por correo<\/span><\/a><\/li><\/ul><\/div><\/div>\n<div  style='height:50px' class='hr hr-invisible   avia-builder-el-8  el_after_av_social_share  el_before_av_comments_list '><span class='hr-inner ' ><span class='hr-inner-style'><\/span><\/span><\/div>\n<div  class='av-buildercomment  av-blog-meta-html-info-disabled av-blog-meta-tag-disabled  '><\/div>\n","protected":false},"excerpt":{"rendered":"","protected":false},"author":1,"featured_media":56019,"comment_status":"closed","ping_status":"closed","sticky":false,"template":"","format":"standard","meta":{"footnotes":""},"categories":[38],"tags":[],"class_list":["post-56018","post","type-post","status-publish","format-standard","has-post-thumbnail","hentry","category-regional"],"jetpack_featured_media_url":"https:\/\/radiorevelacionfm.cl\/wp-content\/uploads\/2025\/07\/497560922_1257785793013979_4174033293658635665_n-1_optimized.jpg","_links":{"self":[{"href":"https:\/\/radiorevelacionfm.cl\/index.php?rest_route=\/wp\/v2\/posts\/56018","targetHints":{"allow":["GET"]}}],"collection":[{"href":"https:\/\/radiorevelacionfm.cl\/index.php?rest_route=\/wp\/v2\/posts"}],"about":[{"href":"https:\/\/radiorevelacionfm.cl\/index.php?rest_route=\/wp\/v2\/types\/post"}],"author":[{"embeddable":true,"href":"https:\/\/radiorevelacionfm.cl\/index.php?rest_route=\/wp\/v2\/users\/1"}],"replies":[{"embeddable":true,"href":"https:\/\/radiorevelacionfm.cl\/index.php?rest_route=%2Fwp%2Fv2%2Fcomments&post=56018"}],"version-history":[{"count":2,"href":"https:\/\/radiorevelacionfm.cl\/index.php?rest_route=\/wp\/v2\/posts\/56018\/revisions"}],"predecessor-version":[{"id":56050,"href":"https:\/\/radiorevelacionfm.cl\/index.php?rest_route=\/wp\/v2\/posts\/56018\/revisions\/56050"}],"wp:featuredmedia":[{"embeddable":true,"href":"https:\/\/radiorevelacionfm.cl\/index.php?rest_route=\/wp\/v2\/media\/56019"}],"wp:attachment":[{"href":"https:\/\/radiorevelacionfm.cl\/index.php?rest_route=%2Fwp%2Fv2%2Fmedia&parent=56018"}],"wp:term":[{"taxonomy":"category","embeddable":true,"href":"https:\/\/radiorevelacionfm.cl\/index.php?rest_route=%2Fwp%2Fv2%2Fcategories&post=56018"},{"taxonomy":"post_tag","embeddable":true,"href":"https:\/\/radiorevelacionfm.cl\/index.php?rest_route=%2Fwp%2Fv2%2Ftags&post=56018"}],"curies":[{"name":"wp","href":"https:\/\/api.w.org\/{rel}","templated":true}]}}