{"id":56012,"date":"2025-07-02T20:52:26","date_gmt":"2025-07-02T23:52:26","guid":{"rendered":"https:\/\/radiorevelacionfm.cl\/?p=56012"},"modified":"2025-07-02T20:52:26","modified_gmt":"2025-07-02T23:52:26","slug":"dan-a-conocer-detalles-del-tercer-proceso-de-postulacion-al-subsidio-electrico","status":"publish","type":"post","link":"https:\/\/radiorevelacionfm.cl\/?p=56012","title":{"rendered":"Dan a conocer detalles del tercer proceso de postulaci\u00f3n al Subsidio El\u00e9ctrico"},"content":{"rendered":"<div class=\"flex_column av_one_full  flex_column_div av-zero-column-padding first  avia-builder-el-0  el_before_av_one_full  avia-builder-el-first  \" style='border-radius:0px; '><div  class='avia-image-container  av-styling-    avia-builder-el-1  avia-builder-el-no-sibling  avia-align-center '  itemprop=\"image\" itemscope=\"itemscope\" itemtype=\"https:\/\/schema.org\/ImageObject\"  ><div class='avia-image-container-inner'><div class='avia-image-overlay-wrap'><img decoding=\"async\" class='wp-image-56013 avia-img-lazy-loading-not-56013 avia_image' src=\"https:\/\/radiorevelacionfm.cl\/wp-content\/uploads\/2025\/07\/Foto-3-46-1-1.jpeg\" alt='' title='Foto 3 (46) (1) (1)' height=\"600\" width=\"800\"  itemprop=\"thumbnailUrl\" srcset=\"https:\/\/radiorevelacionfm.cl\/wp-content\/uploads\/2025\/07\/Foto-3-46-1-1.jpeg 800w, https:\/\/radiorevelacionfm.cl\/wp-content\/uploads\/2025\/07\/Foto-3-46-1-1-300x225.jpeg 300w, https:\/\/radiorevelacionfm.cl\/wp-content\/uploads\/2025\/07\/Foto-3-46-1-1-768x576.jpeg 768w, https:\/\/radiorevelacionfm.cl\/wp-content\/uploads\/2025\/07\/Foto-3-46-1-1-705x529.jpeg 705w, https:\/\/radiorevelacionfm.cl\/wp-content\/uploads\/2025\/07\/Foto-3-46-1-1-450x338.jpeg 450w, https:\/\/radiorevelacionfm.cl\/wp-content\/uploads\/2025\/07\/Foto-3-46-1-1-600x450.jpeg 600w\" sizes=\"(max-width: 800px) 100vw, 800px\" \/><\/div><\/div><\/div><\/div><div class=\"flex_column av_one_full  flex_column_div av-zero-column-padding first  avia-builder-el-2  el_after_av_one_full  el_before_av_one_full  column-top-margin\" style='border-radius:0px; '><section class=\"av_textblock_section \"  itemscope=\"itemscope\" itemtype=\"https:\/\/schema.org\/BlogPosting\" itemprop=\"blogPost\" ><div class='avia_textblock  '   itemprop=\"text\" ><p style=\"text-align: center;\"><strong><span style=\"font-size: 18pt;\">Dan a conocer detalles del tercer proceso de postulaci\u00f3n al Subsidio El\u00e9ctrico<\/span><\/strong><\/p>\n<div id=\"gtx-trans\" style=\"position: absolute; left: -50px; top: 4.31534px;\">\n<div class=\"gtx-trans-icon\"><\/div>\n<\/div>\n<\/div><\/section><\/div><div class=\"flex_column av_one_full  flex_column_div av-zero-column-padding first  avia-builder-el-4  el_after_av_one_full  el_before_av_hr  column-top-margin\" style='border-radius:0px; '><section class=\"av_textblock_section \"  itemscope=\"itemscope\" itemtype=\"https:\/\/schema.org\/BlogPosting\" itemprop=\"blogPost\" ><div class='avia_textblock  '   itemprop=\"text\" ><p style=\"text-align: justify;\">El Seremi de Energ\u00eda, Tom\u00e1s Laibe, junto a la Seremi de Gobierno \u00darsula Mix y el Director Regional de Instituto de Previsi\u00f3n Social, Rodrigo D\u00edaz, dieron a conocer que se encuentra abierta hasta el 15 de julio la convocatoria para postular al Subsidio El\u00e9ctrico, beneficio, dirigido a los hogares del 40% m\u00e1s vulnerable en el Registro Social de Hogares (RSH).<\/p>\n<p style=\"text-align: justify;\">Al respecto el Seremi Laibe destac\u00f3 que \u201c\u00e9sta es la tercera convocatoria del Subsidio El\u00e9ctrico, en la cual invitamos nuevamente a informarse y participar. Recordemos que las personas que ya han sido beneficiarias de este subsidio, que son cerca de 13.000 mil hogares en la regi\u00f3n de Ays\u00e9n, van a ser renovados autom\u00e1ticamente si es que han mantenido los requisitos. Quienes no han postulado o quienes deseen actualizar su domicilio, pueden aprovechar esta ventanilla para llenar el formulario\u201d.<\/p>\n<p style=\"text-align: justify;\">Por su parte, la Seremi de Gobierno, Ursula Mix, indic\u00f3 que \u201cel gobierno del presidente Gabriel Boric reafirma nuestro compromiso con las familias m\u00e1s vulnerables de la regi\u00f3n de Ays\u00e9n. El Subsidio El\u00e9ctrico es una ayuda concreta que busca aliviar el impacto de las alzas el\u00e9ctricas, especialmente en zonas como esta. Este beneficio no s\u00f3lo prioriza a quienes m\u00e1s lo necesitan, sino que tambi\u00e9n incluye pacientes electrodependientes y familias en situaciones especiales\u201d.<\/p>\n<p style=\"text-align: justify;\">Quienes solicitan el subsidio deben cumplir los siguientes requisitos; pertenecer a hogares del tramo de 40% mayor vulnerabilidad en el Registro Social de Hogares (RSH) y tendr\u00e1n prioridad los hogares con al menos un integrante sujeto de cuidados (ni\u00f1os\/as y adolescentes, personas con discapacidad o personas con dependencia funcional), una persona cuidadora y\/o con, al menos, una persona adulta mayor. Otro requisito para recibir el beneficio es estar al d\u00eda en la cuenta de electricidad o contar con un convenio de pago al 30 de julio.<\/p>\n<p style=\"text-align: justify;\">En este sentido, Rodrigo D\u00edaz invit\u00f3 a las personas interesadas a acercarse a las oficinas del IPS y su red ChileAtiende. \u201cNosotros, como Instituto de Previsi\u00f3n Social, ponemos a disposici\u00f3n de la ciudadan\u00eda, a disposici\u00f3n del subsidio, nuestras sucursales en Cochrane, Chile Chico, Puerto Cisnes, Puerto Ays\u00e9n y por supuesto ac\u00e1 en Coyhaique. Nuestros funcionarios y funcionarias cuentan con todos los elementos para atenderlos bien y de manera muy expedita. Y, adem\u00e1s, en las localidades m\u00e1s alejadas tenemos puntos de atenci\u00f3n virtual en Guaitecas, Tapera, Tranquilo, Tortel, Villa O\u2019Higgins y Puerto Aguirre. Entonces, los invitamos a que se acerquen. Y, adem\u00e1s, en nuestro call center 101 pueden hacer tambi\u00e9n el tr\u00e1mite\u201d, se\u00f1al\u00f3 el director regional de la entidad.<\/p>\n<p style=\"text-align: justify;\">En esta tercera convocatoria, quienes fueron beneficiados en los procesos anteriores y siguen cumpliendo los requisitos exigidos, la renovaci\u00f3n ser\u00e1 autom\u00e1tica. Para los nuevos postulantes, se realizar\u00e1 la evaluaci\u00f3n respectiva, para luego publicarse las n\u00f3minas de adjudicaci\u00f3n mediante resoluci\u00f3n exenta y que estar\u00e1n disponible en la p\u00e1gina del Ministerio de Energ\u00eda. Las familias que actualmente son beneficiarias, pero se cambiaron de hogar, es necesario que actualicen sus datos e ingresen el n\u00famero de cliente de la vivienda en la que actualmente residen. En tanto, quienes no recibieron el subsidio el\u00e9ctrico en los procesos anteriores y cumplen con los requisitos, podr\u00e1n postular a la espera de disponibilidad presupuestaria.<\/p>\n<p style=\"text-align: justify;\">Para inscribirse deben ingresar sus datos en\u00a0<a href=\"http:\/\/www.subsidioelectrico.cl\/\">www.subsidioelectrico.cl<\/a>\u00a0o en la plataforma\u00a0<a href=\"https:\/\/www.ventanillaunicasocial.gob.cl\/\">https:\/\/www.ventanillaunicasocial.gob.cl\/<\/a>\u00a0con su Clave\u00danica. En el caso de las personas que no cuentan con su clave Clave\u00danica tambi\u00e9n pueden realizar su postulaci\u00f3n en sucursales y plataformas de ChileAtiende.\u00a0Cabe se\u00f1alar, que este tercer proceso contempla el pago de un monto de acuerdo con el n\u00famero de integrantes del hogar beneficiado. Este beneficio se pagar\u00e1 en una sola cuota en la boleta correspondiente a la facturaci\u00f3n de septiembre. En caso de quedar un saldo remanente, este se aplicar\u00e1 como descuento en la boleta el mes siguiente.<\/p>\n<\/div><\/section><\/div><div  style='height:50px' class='hr hr-invisible   avia-builder-el-6  el_after_av_one_full  el_before_av_social_share '><span class='hr-inner ' ><span class='hr-inner-style'><\/span><\/span><\/div><\/p>\n<div  class='av-social-sharing-box  avia-builder-el-7  el_after_av_hr  el_before_av_hr  '><div class='av-share-box'><h5 class='av-share-link-description av-no-toc '>Compartir esta noticia<\/h5><ul class='av-share-box-list noLightbox'><li class='av-share-link av-social-link-facebook' ><a target=\"_blank\" aria-label=\"Compartir en Facebook\" href='https:\/\/www.facebook.com\/sharer.php?u=https:\/\/radiorevelacionfm.cl\/?p=56012&#038;t=Dan%20a%20conocer%20detalles%20del%20tercer%20proceso%20de%20postulaci%C3%B3n%20al%20Subsidio%20El%C3%A9ctrico' aria-hidden='false' data-av_icon='\ue8f3' data-av_iconfont='entypo-fontello' title='' data-avia-related-tooltip='Compartir en Facebook' rel=\"noopener\"><span class='avia_hidden_link_text'>Compartir en Facebook<\/span><\/a><\/li><li class='av-share-link av-social-link-twitter' ><a target=\"_blank\" aria-label=\"Compartir en Twitter\" href='https:\/\/twitter.com\/share?text=Dan%20a%20conocer%20detalles%20del%20tercer%20proceso%20de%20postulaci%C3%B3n%20al%20Subsidio%20El%C3%A9ctrico&#038;url=https:\/\/radiorevelacionfm.cl\/?p=56012' aria-hidden='false' data-av_icon='\ue8f1' data-av_iconfont='entypo-fontello' title='' data-avia-related-tooltip='Compartir en Twitter' rel=\"noopener\"><span class='avia_hidden_link_text'>Compartir en Twitter<\/span><\/a><\/li><li class='av-share-link av-social-link-whatsapp' ><a target=\"_blank\" aria-label=\"Compartir en Whatsapp\" href='https:\/\/api.whatsapp.com\/send?text=https:\/\/radiorevelacionfm.cl\/?p=56012' aria-hidden='false' data-av_icon='\uf232' data-av_iconfont='entypo-fontello' title='' data-avia-related-tooltip='Compartir en Whatsapp' rel=\"noopener\"><span class='avia_hidden_link_text'>Compartir en Whatsapp<\/span><\/a><\/li><li class='av-share-link av-social-link-linkedin' ><a target=\"_blank\" aria-label=\"Compartir en LinkedIn\" href='https:\/\/linkedin.com\/shareArticle?mini=true&#038;title=Dan%20a%20conocer%20detalles%20del%20tercer%20proceso%20de%20postulaci%C3%B3n%20al%20Subsidio%20El%C3%A9ctrico&#038;url=https:\/\/radiorevelacionfm.cl\/?p=56012' aria-hidden='false' data-av_icon='\ue8fc' data-av_iconfont='entypo-fontello' title='' data-avia-related-tooltip='Compartir en LinkedIn' rel=\"noopener\"><span class='avia_hidden_link_text'>Compartir en LinkedIn<\/span><\/a><\/li><li class='av-share-link av-social-link-mail' ><a  aria-label=\"Compartir por correo\" href='mailto:?subject=Dan%20a%20conocer%20detalles%20del%20tercer%20proceso%20de%20postulaci%C3%B3n%20al%20Subsidio%20El%C3%A9ctrico&#038;body=https:\/\/radiorevelacionfm.cl\/?p=56012' aria-hidden='false' data-av_icon='\ue805' data-av_iconfont='entypo-fontello' title='' data-avia-related-tooltip='Compartir por correo'><span class='avia_hidden_link_text'>Compartir por correo<\/span><\/a><\/li><\/ul><\/div><\/div>\n<div  style='height:50px' class='hr hr-invisible   avia-builder-el-8  el_after_av_social_share  el_before_av_comments_list '><span class='hr-inner ' ><span class='hr-inner-style'><\/span><\/span><\/div>\n<div  class='av-buildercomment  av-blog-meta-html-info-disabled av-blog-meta-tag-disabled  '><\/div>\n","protected":false},"excerpt":{"rendered":"","protected":false},"author":1,"featured_media":56013,"comment_status":"closed","ping_status":"closed","sticky":false,"template":"","format":"standard","meta":{"footnotes":""},"categories":[38],"tags":[],"class_list":["post-56012","post","type-post","status-publish","format-standard","has-post-thumbnail","hentry","category-regional"],"jetpack_featured_media_url":"https:\/\/radiorevelacionfm.cl\/wp-content\/uploads\/2025\/07\/Foto-3-46-1-1.jpeg","_links":{"self":[{"href":"https:\/\/radiorevelacionfm.cl\/index.php?rest_route=\/wp\/v2\/posts\/56012","targetHints":{"allow":["GET"]}}],"collection":[{"href":"https:\/\/radiorevelacionfm.cl\/index.php?rest_route=\/wp\/v2\/posts"}],"about":[{"href":"https:\/\/radiorevelacionfm.cl\/index.php?rest_route=\/wp\/v2\/types\/post"}],"author":[{"embeddable":true,"href":"https:\/\/radiorevelacionfm.cl\/index.php?rest_route=\/wp\/v2\/users\/1"}],"replies":[{"embeddable":true,"href":"https:\/\/radiorevelacionfm.cl\/index.php?rest_route=%2Fwp%2Fv2%2Fcomments&post=56012"}],"version-history":[{"count":2,"href":"https:\/\/radiorevelacionfm.cl\/index.php?rest_route=\/wp\/v2\/posts\/56012\/revisions"}],"predecessor-version":[{"id":56040,"href":"https:\/\/radiorevelacionfm.cl\/index.php?rest_route=\/wp\/v2\/posts\/56012\/revisions\/56040"}],"wp:featuredmedia":[{"embeddable":true,"href":"https:\/\/radiorevelacionfm.cl\/index.php?rest_route=\/wp\/v2\/media\/56013"}],"wp:attachment":[{"href":"https:\/\/radiorevelacionfm.cl\/index.php?rest_route=%2Fwp%2Fv2%2Fmedia&parent=56012"}],"wp:term":[{"taxonomy":"category","embeddable":true,"href":"https:\/\/radiorevelacionfm.cl\/index.php?rest_route=%2Fwp%2Fv2%2Fcategories&post=56012"},{"taxonomy":"post_tag","embeddable":true,"href":"https:\/\/radiorevelacionfm.cl\/index.php?rest_route=%2Fwp%2Fv2%2Ftags&post=56012"}],"curies":[{"name":"wp","href":"https:\/\/api.w.org\/{rel}","templated":true}]}}