{"id":56005,"date":"2025-07-02T15:22:43","date_gmt":"2025-07-02T18:22:43","guid":{"rendered":"https:\/\/radiorevelacionfm.cl\/?p=56005"},"modified":"2025-07-02T15:22:43","modified_gmt":"2025-07-02T18:22:43","slug":"reconocen-a-8-entidades-publicas-y-privadas-que-implementan-politicas-de-buen-trato-a-personas-mayores-en-aysen","status":"publish","type":"post","link":"https:\/\/radiorevelacionfm.cl\/?p=56005","title":{"rendered":"Reconocen a 8 entidades p\u00fablicas y privadas que implementan pol\u00edticas de buen trato a personas mayores en Ays\u00e9n"},"content":{"rendered":"<div class=\"flex_column av_one_full  flex_column_div av-zero-column-padding first  avia-builder-el-0  el_before_av_one_full  avia-builder-el-first  \" style='border-radius:0px; '><div  class='avia-image-container  av-styling-    avia-builder-el-1  avia-builder-el-no-sibling  avia-align-center '  itemprop=\"image\" itemscope=\"itemscope\" itemtype=\"https:\/\/schema.org\/ImageObject\"  ><div class='avia-image-container-inner'><div class='avia-image-overlay-wrap'><img decoding=\"async\" class='wp-image-56006 avia-img-lazy-loading-not-56006 avia_image' src=\"https:\/\/radiorevelacionfm.cl\/wp-content\/uploads\/2025\/07\/sello-1-1_optimized.jpeg\" alt='' title='sello-1-(1)_optimized' height=\"600\" width=\"909\"  itemprop=\"thumbnailUrl\" srcset=\"https:\/\/radiorevelacionfm.cl\/wp-content\/uploads\/2025\/07\/sello-1-1_optimized.jpeg 909w, https:\/\/radiorevelacionfm.cl\/wp-content\/uploads\/2025\/07\/sello-1-1_optimized-300x198.jpeg 300w, https:\/\/radiorevelacionfm.cl\/wp-content\/uploads\/2025\/07\/sello-1-1_optimized-768x507.jpeg 768w, https:\/\/radiorevelacionfm.cl\/wp-content\/uploads\/2025\/07\/sello-1-1_optimized-705x465.jpeg 705w, https:\/\/radiorevelacionfm.cl\/wp-content\/uploads\/2025\/07\/sello-1-1_optimized-450x297.jpeg 450w, https:\/\/radiorevelacionfm.cl\/wp-content\/uploads\/2025\/07\/sello-1-1_optimized-600x396.jpeg 600w\" sizes=\"(max-width: 909px) 100vw, 909px\" \/><\/div><\/div><\/div><\/div><div class=\"flex_column av_one_full  flex_column_div av-zero-column-padding first  avia-builder-el-2  el_after_av_one_full  el_before_av_one_full  column-top-margin\" style='border-radius:0px; '><section class=\"av_textblock_section \"  itemscope=\"itemscope\" itemtype=\"https:\/\/schema.org\/BlogPosting\" itemprop=\"blogPost\" ><div class='avia_textblock  '   itemprop=\"text\" ><p style=\"text-align: center;\"><strong><span style=\"font-size: 18pt;\">Reconocen a 8 entidades p\u00fablicas y privadas que implementan pol\u00edticas de buen trato a personas mayores en Ays\u00e9n<\/span><\/strong><\/p>\n<div id=\"gtx-trans\" style=\"position: absolute; left: -50px; top: 4.31534px;\">\n<div class=\"gtx-trans-icon\"><\/div>\n<\/div>\n<\/div><\/section><\/div><div class=\"flex_column av_one_full  flex_column_div av-zero-column-padding first  avia-builder-el-4  el_after_av_one_full  el_before_av_hr  column-top-margin\" style='border-radius:0px; '><section class=\"av_textblock_section \"  itemscope=\"itemscope\" itemtype=\"https:\/\/schema.org\/BlogPosting\" itemprop=\"blogPost\" ><div class='avia_textblock  '   itemprop=\"text\" ><p style=\"text-align: justify;\">Un sello de reconocimiento de buen trato a entidades p\u00fablicas, privadas y de la sociedad civil que impulsan acciones de respeto y resguardo de los derechos de las personas mayores, es el que entreg\u00f3 el Servicio Nacional de Adulto Mayor Senama y el Comit\u00e9 Regional de Adulto Mayor, CRAM \u00a0a 8 entidades en una ceremonia con una alta asistencia de p\u00fablico y de las Seremis de Trabajo y Previsi\u00f3n Social Camila Covarrubias, de Desarrollo Social y Familia Karina Acevedo, Senadora Ximena \u00d3rdenes, el Instituto de Previsi\u00f3n Social y la Municipalidad de Coyhaique.<\/p>\n<p style=\"text-align: justify;\">La actividad se dio en el marco del Mes del buen Trato que impulsa cada a\u00f1o el Senama y en la oportunidad se reconoci\u00f3 a la Fundaci\u00f3n de Puerto Ays\u00e9n Vida Son A\u00f1os, a los Cooperadores de la Obra Don Guanella, al Supermercado regional Hiper Patag\u00f3nico, Librer\u00eda La Librer\u00eda, a la Emisora \u00a0Radio Ventisqueros, a la empresa salmonera Mowi, el Instituto de Previsi\u00f3n Social (IPS) y el Centro Cultural Coyhaique.<\/p>\n<p style=\"text-align: justify;\">A trav\u00e9s del sello, se reconoce el compromiso institucional quienes realizan acciones concretas y medidas de abordaje y prevenci\u00f3n de situaciones de maltrato. El sello no constituye una acreditaci\u00f3n, sino que es una adhesi\u00f3n y una invitaci\u00f3n a sumarse a la difusi\u00f3n del buen trato a las personas mayores. As\u00ed lo explic\u00f3 la Coordinadora regional de Senama Claudia Andaur Andaur \u00abSon instituciones que ya tienen una pol\u00edtica o cultura de buen trato en distintos aspectos que los distinguen y hoy no solo los reconocemos, sino que tambi\u00e9n los seguimos invitando a continuar en ser promotores del buen trato y ser el referente para otros para as\u00ed ir derribando mitos sobre las personas mayores\u00bb.<\/p>\n<p style=\"text-align: justify;\">Adicionalmente desde el Comit\u00e9 Regional de Adulto Mayor, CRAM se hizo una entrega de lienzo con mensajes de buen trato que fue traspasado a las juventudes a trav\u00e9s del Centro de Estudiantes del Liceo Bicentenario Altos del Mackay, lo que fue valorado por su presidente Benjam\u00edn P\u00e9rez \u00bb Est\u00e1 muy lindo el lienzo y los mensajes, nosotros estamos muy agradecidos de la invitaci\u00f3n y nosotros sentimos admiraci\u00f3n por la gente mayor porque ellos son la pieza m\u00e1s importante de todo lo que se ha logrado ahora\u00bb, a lo que Ver\u00f3nica Contreras integrante del CRAM agreg\u00f3 \u00abme alegra que se est\u00e9 masificando y tomando conciencia y convers\u00e9 con los estudiantes porque hay una brecha generacional en lo digital importante que nos afecta\u00bb.<\/p>\n<p style=\"text-align: justify;\">Entre las instituciones privadas que fueron destacadas est\u00e1 Mowi con asiento en la comuna de Ays\u00e9n, su representante Camila Castillo valor\u00f3 la iniciativa y detall\u00f3 las acciones de Buen Trato \u00abNos sentimos bien agradecidos como empresa por este reconocimiento que nos realizan los adultos mayores de la regi\u00f3n. Nosotros como empresa tenemos un foco de ventas preferencial pensado en el adulto mayor, tambi\u00e9n est\u00e1n incorporados como fuerza laboral y nos vamos con mucho entusiasmo luego de recibir este reconocimiento y de seguir mejorando la inclusi\u00f3n laboral de ellos\u00bb.<\/p>\n<p style=\"text-align: justify;\">Finalmente, la Seremi de Desarrollo Social y Familia Karina Acevedo Auad destac\u00f3 la iniciativa como una forma alentar a m\u00e1s entidades a sumarse en el buen trato \u00abes primera vez que entregamos este sello de reconocimiento a instituciones p\u00fablicas y privadas que tienen un buen trato con personas mayores. Con estas acciones buscamos visibilizar y fortalecer el buen trato desde la regi\u00f3n de Ays\u00e9n y por eso tambi\u00e9n las personas mayores entregan a los j\u00f3venes un lienzo cargado de mensajes sobre el tema\u00bb.<\/p>\n<\/div><\/section><\/div><div  style='height:50px' class='hr hr-invisible   avia-builder-el-6  el_after_av_one_full  el_before_av_social_share '><span class='hr-inner ' ><span class='hr-inner-style'><\/span><\/span><\/div><\/p>\n<div  class='av-social-sharing-box  avia-builder-el-7  el_after_av_hr  el_before_av_hr  '><div class='av-share-box'><h5 class='av-share-link-description av-no-toc '>Compartir esta noticia<\/h5><ul class='av-share-box-list noLightbox'><li class='av-share-link av-social-link-facebook' ><a target=\"_blank\" aria-label=\"Compartir en Facebook\" href='https:\/\/www.facebook.com\/sharer.php?u=https:\/\/radiorevelacionfm.cl\/?p=56005&#038;t=Reconocen%20a%208%20entidades%20p%C3%BAblicas%20y%20privadas%20que%20implementan%20pol%C3%ADticas%20de%20buen%20trato%20a%20personas%20mayores%20en%20Ays%C3%A9n' aria-hidden='false' data-av_icon='\ue8f3' data-av_iconfont='entypo-fontello' title='' data-avia-related-tooltip='Compartir en Facebook' rel=\"noopener\"><span class='avia_hidden_link_text'>Compartir en Facebook<\/span><\/a><\/li><li class='av-share-link av-social-link-twitter' ><a target=\"_blank\" aria-label=\"Compartir en Twitter\" href='https:\/\/twitter.com\/share?text=Reconocen%20a%208%20entidades%20p%C3%BAblicas%20y%20privadas%20que%20implementan%20pol%C3%ADticas%20de%20buen%20trato%20a%20personas%20mayores%20en%20Ays%C3%A9n&#038;url=https:\/\/radiorevelacionfm.cl\/?p=56005' aria-hidden='false' data-av_icon='\ue8f1' data-av_iconfont='entypo-fontello' title='' data-avia-related-tooltip='Compartir en Twitter' rel=\"noopener\"><span class='avia_hidden_link_text'>Compartir en Twitter<\/span><\/a><\/li><li class='av-share-link av-social-link-whatsapp' ><a target=\"_blank\" aria-label=\"Compartir en Whatsapp\" href='https:\/\/api.whatsapp.com\/send?text=https:\/\/radiorevelacionfm.cl\/?p=56005' aria-hidden='false' data-av_icon='\uf232' data-av_iconfont='entypo-fontello' title='' data-avia-related-tooltip='Compartir en Whatsapp' rel=\"noopener\"><span class='avia_hidden_link_text'>Compartir en Whatsapp<\/span><\/a><\/li><li class='av-share-link av-social-link-linkedin' ><a target=\"_blank\" aria-label=\"Compartir en LinkedIn\" href='https:\/\/linkedin.com\/shareArticle?mini=true&#038;title=Reconocen%20a%208%20entidades%20p%C3%BAblicas%20y%20privadas%20que%20implementan%20pol%C3%ADticas%20de%20buen%20trato%20a%20personas%20mayores%20en%20Ays%C3%A9n&#038;url=https:\/\/radiorevelacionfm.cl\/?p=56005' aria-hidden='false' data-av_icon='\ue8fc' data-av_iconfont='entypo-fontello' title='' data-avia-related-tooltip='Compartir en LinkedIn' rel=\"noopener\"><span class='avia_hidden_link_text'>Compartir en LinkedIn<\/span><\/a><\/li><li class='av-share-link av-social-link-mail' ><a  aria-label=\"Compartir por correo\" href='mailto:?subject=Reconocen%20a%208%20entidades%20p%C3%BAblicas%20y%20privadas%20que%20implementan%20pol%C3%ADticas%20de%20buen%20trato%20a%20personas%20mayores%20en%20Ays%C3%A9n&#038;body=https:\/\/radiorevelacionfm.cl\/?p=56005' aria-hidden='false' data-av_icon='\ue805' data-av_iconfont='entypo-fontello' title='' data-avia-related-tooltip='Compartir por correo'><span class='avia_hidden_link_text'>Compartir por correo<\/span><\/a><\/li><\/ul><\/div><\/div>\n<div  style='height:50px' class='hr hr-invisible   avia-builder-el-8  el_after_av_social_share  el_before_av_comments_list '><span class='hr-inner ' ><span class='hr-inner-style'><\/span><\/span><\/div>\n<div  class='av-buildercomment  av-blog-meta-html-info-disabled av-blog-meta-tag-disabled  '><\/div>\n","protected":false},"excerpt":{"rendered":"","protected":false},"author":1,"featured_media":56006,"comment_status":"closed","ping_status":"closed","sticky":false,"template":"","format":"standard","meta":{"footnotes":""},"categories":[38],"tags":[],"class_list":["post-56005","post","type-post","status-publish","format-standard","has-post-thumbnail","hentry","category-regional"],"jetpack_featured_media_url":"https:\/\/radiorevelacionfm.cl\/wp-content\/uploads\/2025\/07\/sello-1-1_optimized.jpeg","_links":{"self":[{"href":"https:\/\/radiorevelacionfm.cl\/index.php?rest_route=\/wp\/v2\/posts\/56005","targetHints":{"allow":["GET"]}}],"collection":[{"href":"https:\/\/radiorevelacionfm.cl\/index.php?rest_route=\/wp\/v2\/posts"}],"about":[{"href":"https:\/\/radiorevelacionfm.cl\/index.php?rest_route=\/wp\/v2\/types\/post"}],"author":[{"embeddable":true,"href":"https:\/\/radiorevelacionfm.cl\/index.php?rest_route=\/wp\/v2\/users\/1"}],"replies":[{"embeddable":true,"href":"https:\/\/radiorevelacionfm.cl\/index.php?rest_route=%2Fwp%2Fv2%2Fcomments&post=56005"}],"version-history":[{"count":2,"href":"https:\/\/radiorevelacionfm.cl\/index.php?rest_route=\/wp\/v2\/posts\/56005\/revisions"}],"predecessor-version":[{"id":56008,"href":"https:\/\/radiorevelacionfm.cl\/index.php?rest_route=\/wp\/v2\/posts\/56005\/revisions\/56008"}],"wp:featuredmedia":[{"embeddable":true,"href":"https:\/\/radiorevelacionfm.cl\/index.php?rest_route=\/wp\/v2\/media\/56006"}],"wp:attachment":[{"href":"https:\/\/radiorevelacionfm.cl\/index.php?rest_route=%2Fwp%2Fv2%2Fmedia&parent=56005"}],"wp:term":[{"taxonomy":"category","embeddable":true,"href":"https:\/\/radiorevelacionfm.cl\/index.php?rest_route=%2Fwp%2Fv2%2Fcategories&post=56005"},{"taxonomy":"post_tag","embeddable":true,"href":"https:\/\/radiorevelacionfm.cl\/index.php?rest_route=%2Fwp%2Fv2%2Ftags&post=56005"}],"curies":[{"name":"wp","href":"https:\/\/api.w.org\/{rel}","templated":true}]}}