{"id":56001,"date":"2025-07-02T15:08:41","date_gmt":"2025-07-02T18:08:41","guid":{"rendered":"https:\/\/radiorevelacionfm.cl\/?p=56001"},"modified":"2025-07-02T15:08:41","modified_gmt":"2025-07-02T18:08:41","slug":"sercotec-abre-nueva-convocatoria-de-capital-abeja-para-impulsar-la-autonomia-economica-de-las-mujeres","status":"publish","type":"post","link":"https:\/\/radiorevelacionfm.cl\/?p=56001","title":{"rendered":"Sercotec abre nueva convocatoria de Capital Abeja para impulsar la autonom\u00eda econ\u00f3mica de las mujeres"},"content":{"rendered":"<div class=\"flex_column av_one_full  flex_column_div av-zero-column-padding first  avia-builder-el-0  el_before_av_one_full  avia-builder-el-first  \" style='border-radius:0px; '><div  class='avia-image-container  av-styling-    avia-builder-el-1  avia-builder-el-no-sibling  avia-align-center '  itemprop=\"image\" itemscope=\"itemscope\" itemtype=\"https:\/\/schema.org\/ImageObject\"  ><div class='avia-image-container-inner'><div class='avia-image-overlay-wrap'><img decoding=\"async\" class='wp-image-56002 avia-img-lazy-loading-not-56002 avia_image' src=\"https:\/\/radiorevelacionfm.cl\/wp-content\/uploads\/2025\/07\/cap-abeja-1_optimized.jpg\" alt='' title='cap-abeja-(1)_optimized' height=\"600\" width=\"1067\"  itemprop=\"thumbnailUrl\" srcset=\"https:\/\/radiorevelacionfm.cl\/wp-content\/uploads\/2025\/07\/cap-abeja-1_optimized.jpg 1067w, https:\/\/radiorevelacionfm.cl\/wp-content\/uploads\/2025\/07\/cap-abeja-1_optimized-300x169.jpg 300w, https:\/\/radiorevelacionfm.cl\/wp-content\/uploads\/2025\/07\/cap-abeja-1_optimized-1030x579.jpg 1030w, https:\/\/radiorevelacionfm.cl\/wp-content\/uploads\/2025\/07\/cap-abeja-1_optimized-768x432.jpg 768w, https:\/\/radiorevelacionfm.cl\/wp-content\/uploads\/2025\/07\/cap-abeja-1_optimized-705x396.jpg 705w, https:\/\/radiorevelacionfm.cl\/wp-content\/uploads\/2025\/07\/cap-abeja-1_optimized-450x253.jpg 450w, https:\/\/radiorevelacionfm.cl\/wp-content\/uploads\/2025\/07\/cap-abeja-1_optimized-600x337.jpg 600w\" sizes=\"(max-width: 1067px) 100vw, 1067px\" \/><\/div><\/div><\/div><\/div><div class=\"flex_column av_one_full  flex_column_div av-zero-column-padding first  avia-builder-el-2  el_after_av_one_full  el_before_av_one_full  column-top-margin\" style='border-radius:0px; '><section class=\"av_textblock_section \"  itemscope=\"itemscope\" itemtype=\"https:\/\/schema.org\/BlogPosting\" itemprop=\"blogPost\" ><div class='avia_textblock  '   itemprop=\"text\" ><p style=\"text-align: center;\"><strong><span style=\"font-size: 18pt;\">Sercotec abre nueva convocatoria de Capital Abeja para impulsar la autonom\u00eda econ\u00f3mica de las mujeres<\/span><\/strong><\/p>\n<div id=\"gtx-trans\" style=\"position: absolute; left: -50px; top: 4.31534px;\">\n<div class=\"gtx-trans-icon\"><\/div>\n<\/div>\n<\/div><\/section><\/div><div class=\"flex_column av_one_full  flex_column_div av-zero-column-padding first  avia-builder-el-4  el_after_av_one_full  el_before_av_hr  column-top-margin\" style='border-radius:0px; '><section class=\"av_textblock_section \"  itemscope=\"itemscope\" itemtype=\"https:\/\/schema.org\/BlogPosting\" itemprop=\"blogPost\" ><div class='avia_textblock  '   itemprop=\"text\" ><p style=\"text-align: justify;\"><em>Con un subsidio de $3,5 millones por beneficiaria, el programa busca fortalecer la formalizaci\u00f3n de negocios liderados por mujeres en todo el pa\u00eds. Las postulaciones se extender\u00e1n hasta el 9 de julio.<\/em><\/p>\n<p style=\"text-align: justify;\">En una actividad realizada en Sushi Patagonia Delivery, beneficiarias 2024 del Capital Abeja, la directora regional de Sercotec\u00a0\u00a0 Nelly Vargas, junto al Seremi de Econom\u00eda Felipe Rojas, la Seremi de la Mujer y Equidad de G\u00e9nero Isidora Gacit\u00faa y la directora regional de SernamEG Patricia Baeza, lanzaron oficialmente la convocatoria para este esperado programa de Sercotec, que entrega un subsidio de $3.5 millones por beneficiaria.<\/p>\n<p style=\"text-align: justify;\">Capital Abeja Emprende refleja el trabajo conjunto entre el Ministerio de Econom\u00eda, el Ministerio de la Mujer y Equidad de G\u00e9nero y Sercotec, consolid\u00e1ndose como uno de los instrumentos m\u00e1s emblem\u00e1ticos para el fomento del emprendimiento femenino en Chile. El programa Capital Abeja Emprende, ejecutado por Sercotec con financiamiento del Servicio Nacional de la Mujer y la Equidad de G\u00e9nero (SernamEG), busca abordar las brechas de g\u00e9nero que persisten en el ecosistema emprendedor nacional. Las cifras revelan que las mujeres microemprendedoras operan mayoritariamente en la informalidad y que el 58,4% inicia sus negocios por necesidad, mientras que los hombres aprovechan principalmente oportunidades de mercado.<\/p>\n<p style=\"text-align: justify;\">La directora regional de Sercotec Nelly Vargas, realiz\u00f3 un llamado a informarse y postular; <em>\u201cInvitar a todas las mujeres de la Regi\u00f3n de Ays\u00e9n para que postulen al programa Capital Abeja que est\u00e1 disponible en <\/em><a href=\"http:\/\/www.sercotec.cl\"><em>www.sercotec.cl<\/em><\/a><em>, convocatoria\u00a0 abierta hasta el 9 de julio para que puedan postular y tambi\u00e9n implementar un plan de trabajo para poner en marcha y formalizar una idea de negocio\u201d.<\/em><\/p>\n<p style=\"text-align: justify;\">Capital Abeja Emprende est\u00e1 dirigido a mujeres que quieren iniciar su negocio. Pueden postular emprendedoras mayores de 18 a\u00f1os, de sexo registral femenino, sin inicio de actividades en primera categor\u00eda ante el SII, que presenten un proyecto de negocio que cumpla con el foco definido por Sercotec en su regi\u00f3n. Como fue el caso de Lilian Arteaga, quien junto con su pyme Sushi Patagonia Delivery, fue beneficiaria de este fondo durante el 2024; <em>\u201cEste aporte nos ayud\u00f3 a formalizarnos, a crecer como empresa, a llegar a mucho m\u00e1s p\u00fablico y tener la facilidad de trabajar de forma m\u00e1s r\u00e1pida. Ha sido un tremendo aporte optar a estos beneficios que nos entregan, porque es una muy buena oportunidad para crecer,\u00a0 formar algo propio y sobre todo es un gran apoyo econ\u00f3mico\u201d<\/em> coment\u00f3 la emprendedora y beneficiaria Capital Abeja 2024.<\/p>\n<p style=\"text-align: justify;\">Por su parte, la directora regional de SernamEG Patricia Baeza, relev\u00f3 la importancia de este tipo de programas que se materializan gracias a la articulaci\u00f3n entre servicios; <em>\u201ceste fondo nos permite avanzar en la autonom\u00eda econ\u00f3mica de las mujeres a trav\u00e9s del financiamiento de iniciativas productivas que les permiten emprender y de esa manera generar ingresos tanto para su familia como para ellas en t\u00e9rminos personales. Este es un claro ejemplo de que las pol\u00edticas p\u00fablicas impulsadas en materia de emprendimiento, est\u00e1n dando un resultado efectivo\u201d.<\/em><\/p>\n<p style=\"text-align: justify;\">Del subsidio de $3,5 millones, entre $200 mil y $500 mil pueden destinarse a acciones de gesti\u00f3n empresarial como capacitaci\u00f3n y marketing, mientras que hasta $3,3 millones pueden invertirse en activos e infraestructura. Las beneficiarias deben realizar un aporte equivalente al 3% del subsidio y cubrir los impuestos asociados al proyecto.<\/p>\n<p style=\"text-align: justify;\">Finalmente el Seremi de Econom\u00eda, Fomento y Turismo Felipe Rojas, puso sobre relieve la importancia del actual escenario econ\u00f3mico para emprender; <em>\u201cInvitamos a las mujeres, aquellas que tienen una idea de negocio a postular en el Capital Abeja Emprende, es una gran oportunidad en una econom\u00eda regional, que ya muestra nueve meses de crecimiento continuo y con un crecimiento esperado muy alto, as\u00ed que atr\u00e9vete postular\u201d.<\/em><\/p>\n<p style=\"text-align: justify;\">Las postulaciones para la convocatoria 2025 se extender\u00e1n hasta el 9 de julio a las 15:00 horas. Las interesadas deben registrarse en <a href=\"http:\/\/www.sercotec.cl\">www.sercotec.cl<\/a><\/p>\n<p style=\"text-align: justify;\"><u>\u00a0<\/u><\/p>\n<p style=\"text-align: justify;\"><u>\u00a0<\/u><\/p>\n<p style=\"text-align: justify;\"><u>\u00a0<\/u><\/p>\n<p style=\"text-align: justify;\"><u>\u00a0<\/u><\/p>\n<p style=\"text-align: justify;\"><u>\u00a0<\/u><\/p>\n<\/div><\/section><\/div><div  style='height:50px' class='hr hr-invisible   avia-builder-el-6  el_after_av_one_full  el_before_av_social_share '><span class='hr-inner ' ><span class='hr-inner-style'><\/span><\/span><\/div><\/p>\n<div  class='av-social-sharing-box  avia-builder-el-7  el_after_av_hr  el_before_av_hr  '><div class='av-share-box'><h5 class='av-share-link-description av-no-toc '>Compartir esta noticia<\/h5><ul class='av-share-box-list noLightbox'><li class='av-share-link av-social-link-facebook' ><a target=\"_blank\" aria-label=\"Compartir en Facebook\" href='https:\/\/www.facebook.com\/sharer.php?u=https:\/\/radiorevelacionfm.cl\/?p=56001&#038;t=Sercotec%20abre%20nueva%20convocatoria%20de%20Capital%20Abeja%20para%20impulsar%20la%20autonom%C3%ADa%20econ%C3%B3mica%20de%20las%20mujeres' aria-hidden='false' data-av_icon='\ue8f3' data-av_iconfont='entypo-fontello' title='' data-avia-related-tooltip='Compartir en Facebook' rel=\"noopener\"><span class='avia_hidden_link_text'>Compartir en Facebook<\/span><\/a><\/li><li class='av-share-link av-social-link-twitter' ><a target=\"_blank\" aria-label=\"Compartir en Twitter\" href='https:\/\/twitter.com\/share?text=Sercotec%20abre%20nueva%20convocatoria%20de%20Capital%20Abeja%20para%20impulsar%20la%20autonom%C3%ADa%20econ%C3%B3mica%20de%20las%20mujeres&#038;url=https:\/\/radiorevelacionfm.cl\/?p=56001' aria-hidden='false' data-av_icon='\ue8f1' data-av_iconfont='entypo-fontello' title='' data-avia-related-tooltip='Compartir en Twitter' rel=\"noopener\"><span class='avia_hidden_link_text'>Compartir en Twitter<\/span><\/a><\/li><li class='av-share-link av-social-link-whatsapp' ><a target=\"_blank\" aria-label=\"Compartir en Whatsapp\" href='https:\/\/api.whatsapp.com\/send?text=https:\/\/radiorevelacionfm.cl\/?p=56001' aria-hidden='false' data-av_icon='\uf232' data-av_iconfont='entypo-fontello' title='' data-avia-related-tooltip='Compartir en Whatsapp' rel=\"noopener\"><span class='avia_hidden_link_text'>Compartir en Whatsapp<\/span><\/a><\/li><li class='av-share-link av-social-link-linkedin' ><a target=\"_blank\" aria-label=\"Compartir en LinkedIn\" href='https:\/\/linkedin.com\/shareArticle?mini=true&#038;title=Sercotec%20abre%20nueva%20convocatoria%20de%20Capital%20Abeja%20para%20impulsar%20la%20autonom%C3%ADa%20econ%C3%B3mica%20de%20las%20mujeres&#038;url=https:\/\/radiorevelacionfm.cl\/?p=56001' aria-hidden='false' data-av_icon='\ue8fc' data-av_iconfont='entypo-fontello' title='' data-avia-related-tooltip='Compartir en LinkedIn' rel=\"noopener\"><span class='avia_hidden_link_text'>Compartir en LinkedIn<\/span><\/a><\/li><li class='av-share-link av-social-link-mail' ><a  aria-label=\"Compartir por correo\" href='mailto:?subject=Sercotec%20abre%20nueva%20convocatoria%20de%20Capital%20Abeja%20para%20impulsar%20la%20autonom%C3%ADa%20econ%C3%B3mica%20de%20las%20mujeres&#038;body=https:\/\/radiorevelacionfm.cl\/?p=56001' aria-hidden='false' data-av_icon='\ue805' data-av_iconfont='entypo-fontello' title='' data-avia-related-tooltip='Compartir por correo'><span class='avia_hidden_link_text'>Compartir por correo<\/span><\/a><\/li><\/ul><\/div><\/div>\n<div  style='height:50px' class='hr hr-invisible   avia-builder-el-8  el_after_av_social_share  el_before_av_comments_list '><span class='hr-inner ' ><span class='hr-inner-style'><\/span><\/span><\/div>\n<div  class='av-buildercomment  av-blog-meta-html-info-disabled av-blog-meta-tag-disabled  '><\/div>\n","protected":false},"excerpt":{"rendered":"","protected":false},"author":1,"featured_media":56002,"comment_status":"closed","ping_status":"closed","sticky":false,"template":"","format":"standard","meta":{"footnotes":""},"categories":[38],"tags":[],"class_list":["post-56001","post","type-post","status-publish","format-standard","has-post-thumbnail","hentry","category-regional"],"jetpack_featured_media_url":"https:\/\/radiorevelacionfm.cl\/wp-content\/uploads\/2025\/07\/cap-abeja-1_optimized.jpg","_links":{"self":[{"href":"https:\/\/radiorevelacionfm.cl\/index.php?rest_route=\/wp\/v2\/posts\/56001","targetHints":{"allow":["GET"]}}],"collection":[{"href":"https:\/\/radiorevelacionfm.cl\/index.php?rest_route=\/wp\/v2\/posts"}],"about":[{"href":"https:\/\/radiorevelacionfm.cl\/index.php?rest_route=\/wp\/v2\/types\/post"}],"author":[{"embeddable":true,"href":"https:\/\/radiorevelacionfm.cl\/index.php?rest_route=\/wp\/v2\/users\/1"}],"replies":[{"embeddable":true,"href":"https:\/\/radiorevelacionfm.cl\/index.php?rest_route=%2Fwp%2Fv2%2Fcomments&post=56001"}],"version-history":[{"count":2,"href":"https:\/\/radiorevelacionfm.cl\/index.php?rest_route=\/wp\/v2\/posts\/56001\/revisions"}],"predecessor-version":[{"id":56004,"href":"https:\/\/radiorevelacionfm.cl\/index.php?rest_route=\/wp\/v2\/posts\/56001\/revisions\/56004"}],"wp:featuredmedia":[{"embeddable":true,"href":"https:\/\/radiorevelacionfm.cl\/index.php?rest_route=\/wp\/v2\/media\/56002"}],"wp:attachment":[{"href":"https:\/\/radiorevelacionfm.cl\/index.php?rest_route=%2Fwp%2Fv2%2Fmedia&parent=56001"}],"wp:term":[{"taxonomy":"category","embeddable":true,"href":"https:\/\/radiorevelacionfm.cl\/index.php?rest_route=%2Fwp%2Fv2%2Fcategories&post=56001"},{"taxonomy":"post_tag","embeddable":true,"href":"https:\/\/radiorevelacionfm.cl\/index.php?rest_route=%2Fwp%2Fv2%2Ftags&post=56001"}],"curies":[{"name":"wp","href":"https:\/\/api.w.org\/{rel}","templated":true}]}}